{"id":128635,"date":"2020-08-10T11:18:38","date_gmt":"2020-08-10T09:18:38","guid":{"rendered":"http:\/\/gazdasagportal.hu\/?p=128635"},"modified":"2020-08-10T11:18:38","modified_gmt":"2020-08-10T09:18:38","slug":"a-javulas-jelei-mutatkoznak-a-nemet-elektrotechnikai-es-villamosiparban","status":"publish","type":"post","link":"https:\/\/gazdasagportal.hu\/index.php\/a-javulas-jelei-mutatkoznak-a-nemet-elektrotechnikai-es-villamosiparban\/","title":{"rendered":"A javul\u00e1s jelei mutatkoznak a n\u00e9met elektrotechnikai \u00e9s villamosiparban"},"content":{"rendered":"<p><strong>A belf\u00f6ldi kereslet n\u00f6veked\u00e9se m\u00e1r a fellend\u00fcl\u00e9s jeleit vet\u00edti el\u0151re a n\u00e9met elektrotechnikai \u00e9s villamosg\u00e9p-iparban az \u00e1gazat szakmai k\u00e9pviseleti szervezete, a ZVEI legfrissebb felm\u00e9r\u00e9se alapj\u00e1n.<\/strong><!--more--><\/p>\n<div class=\"ads-in-post1\"><div id=\"gazdasagportal.hu_fullbanner_wideboard\"><\/div>\r\n<\/div>\n<p>A ZVEI (Zentralverband Elektrotechnik- und Elektronikindustrie\u00a0e.V.) felm\u00e9r\u00e9se alapj\u00e1n a belf\u00f6ldi kereslet n\u00f6veked\u00e9se j\u00faniusban szinte teljes eg\u00e9sz\u00e9ben kiegyenl\u00edtette a k\u00fclf\u00f6ldi kereslet cs\u00f6kken\u00e9s\u00e9t \u00e9s \u00edgy \u00f6sszess\u00e9g\u00e9ben az \u00e1gazat megrendel\u00e9sei csak eleny\u00e9sz\u0151 m\u00e9rt\u00e9kben cs\u00f6kkentek az \u00e1prilisban \u00e9s m\u00e1jusban tapasztalthoz k\u00e9pest.<br \/>\nJ\u00faniusban az \u00e1gazat megrendel\u00e9sei meglep\u0151en kism\u00e9rt\u00e9kben, 1,1 sz\u00e1zal\u00e9kkal cs\u00f6kkentek az egy \u00e9vvel kor\u00e1bbihoz k\u00e9pest, ami annak volt k\u00f6sz\u00f6nhet\u0151, hogy a belf\u00f6ldi megrendel\u00e9sek 33,2 sz\u00e1zal\u00e9kkal n\u00f6vekedtek \u00e9ves b\u00e1zison, a k\u00fclf\u00f6ldi megrendel\u00e9sek pedig 23,4 sz\u00e1zal\u00e9kkal cs\u00f6kkentek, kisebb m\u00e9rt\u00e9kben a m\u00e1jusi 30,0 sz\u00e1zal\u00e9kos \u00e9ves cs\u00f6kken\u00e9sn\u00e9l. A k\u00fclf\u00f6ldi megrendel\u00e9seken bel\u00fcl az eur\u00f3\u00f6vezetb\u0151l j\u00faniusban 1,8 sz\u00e1zal\u00e9kkal cs\u00f6kkentek a n\u00e9met villamosg\u00e9p-ipar megrendel\u00e9sei, a vil\u00e1g t\u00f6bbi r\u00e9sz\u00e9r\u0151l pedig 32,7 sz\u00e1zal\u00e9kkal.<br \/>\nA belf\u00f6ldi megrendel\u00e9sek j\u00faniusi n\u00f6veked\u00e9se els\u0151sorban a m\u00e9r\u00e9s- \u00e9s automatiz\u00e1l\u00e1si eszk\u00f6z\u00f6k, berendez\u00e9sek \u00e9s rendszerek, valamint villanymozdonyok, illetve akkumul\u00e1torok megrendel\u00e9seinek volt k\u00f6sz\u00f6nhet\u0151.<br \/>\nAz \u00e9v els\u0151 fel\u00e9nek az \u00f6sszes\u00edtett eredm\u00e9nye alapj\u00e1n az \u00e1gazat megrendel\u00e9sei 9,8 sz\u00e1zal\u00e9kkal maradnak el a 2019 els\u0151 f\u00e9l \u00e9vit\u0151l. A belf\u00f6ldi megrendel\u00e9sek elmarad\u00e1sa 4,8 sz\u00e1zal\u00e9kos, a k\u00fclf\u00f6ldi megrendel\u00e9sek\u00e9 13,7 sz\u00e1zal\u00e9kos. Az eur\u00f3\u00f6vezeti megrendel\u00e9sek 13,9 sz\u00e1zal\u00e9kos elmarad\u00e1st mutatnak a tavalyit\u00f3l, a vil\u00e1g t\u00f6bbi r\u00e9sz\u00e9b\u0151l pedig 13,6 sz\u00e1zal\u00e9kkal kevesebb \u00e9rkezett be.<br \/>\nJ\u00faniusban a n\u00e9met elektrotechnikai \u00e9s villamosipari c\u00e9gek termel\u00e9se \u00e1rkiigaz\u00edt\u00e1ssal 5,8 sz\u00e1zal\u00e9kkal maradt el az egy \u00e9vvel kor\u00e1bbit\u00f3l. Az elmarad\u00e1s m\u00e9rt\u00e9ke cs\u00f6kken, mivel a janu\u00e1r-j\u00faniusi kumul\u00e1lt \u00e9rt\u00e9k 8,7 sz\u00e1zal\u00e9kkal kisebb az egy \u00e9vvel kor\u00e1bbin\u00e1l.<br \/>\nA harmadik negyed\u00e9v elej\u00e9n 75,4 sz\u00e1zal\u00e9kos kapacit\u00e1skihaszn\u00e1lts\u00e1ggal termelt az \u00e1gazat. A j\u00fanius v\u00e9gi megrendel\u00e9s\u00e1llom\u00e1ny 3,3 h\u00f3nap termel\u00e9s\u00e9t fedezi, t\u00f6bbet az egy h\u00f3nappal kor\u00e1bbi 3,0 h\u00f3napn\u00e1l.<br \/>\nAz \u00e1gazat 14,8 milli\u00e1rd eur\u00f3s \u00e9rt\u00e9kes\u00edt\u00e9si \u00e1rbev\u00e9tele 4,2 sz\u00e1zal\u00e9kkal marad el az egy \u00e9vvel kor\u00e1bbit\u00f3l. A 7,7 milli\u00e1rd eur\u00f3s exportbev\u00e9tel 6,8 sz\u00e1zal\u00e9kkal marad el az egy \u00e9vvel kor\u00e1bbit\u00f3l, a 7,1 milli\u00e1rd eur\u00f3s belf\u00f6ldi bev\u00e9tel pedig 0,9 sz\u00e1zal\u00e9kkal. Az eur\u00f3\u00f6vezeti exportbev\u00e9tel 2,9 milli\u00e1rd eur\u00f3 volt j\u00faniusban, 8,7 sz\u00e1zal\u00e9kkal alacsonyabb a tavalyin\u00e1l, a vil\u00e1g t\u00f6bbi r\u00e9sz\u00e9r\u0151l pedig 4,8 milli\u00e1rd eur\u00f3 volt az exportbev\u00e9tel, 5,8 sz\u00e1zal\u00e9kkal alacsonyabb a 2019 j\u00faniusin\u00e1l.<br \/>\nAz \u00e9v els\u0151 fel\u00e9ben 85,5 milli\u00e1rd eur\u00f3 \u00e9rt\u00e9kes\u00edt\u00e9si \u00e1rbev\u00e9telre tett szert az \u00e1gazat, 8,5 sz\u00e1zal\u00e9kkal alacsonyabbra az el\u0151z\u0151 \u00e9vin\u00e9l. A belf\u00f6ldi bev\u00e9tel 7,7 sz\u00e1zal\u00e9kkal 40,6 milli\u00e1rd eur\u00f3ra, a k\u00fclf\u00f6ldi pedig 9,1 sz\u00e1zal\u00e9kkal 44,9 milli\u00e1rd eur\u00f3ra cs\u00f6kkent. Az eur\u00f3\u00f6vezeti exportbev\u00e9tel 11,9 sz\u00e1zal\u00e9kkal 16,4 milli\u00e1rd eur\u00f3ra cs\u00f6kkent, a vil\u00e1g t\u00f6bbi r\u00e9sz\u00e9b\u0151l pedig 7,5 sz\u00e1zal\u00e9kkal kisebb bev\u00e9tel folyt be, 28,5 milli\u00e1rd eur\u00f3.<br \/>\n&#8222;Az \u00fczleti hangulat tov\u00e1bb javult j\u00faniusban az \u00e1gazatban&#8221; &#8211; foglalta \u00f6ssze a felm\u00e9r\u00e9s meg\u00e1llap\u00edt\u00e1sait Peter Giehl, a ZVEI konjunkt\u00fara szak\u00e9rt\u0151je, hozz\u00e1t\u00e9ve, hogy &#8222;els\u0151sorban a kil\u00e1t\u00e1sok meg\u00edt\u00e9l\u00e9se javult, melynek mutat\u00f3ja febru\u00e1r \u00f3ta most ker\u00fclt els\u0151 alkalommal pozit\u00edv tartom\u00e1nyba&#8221;. Megjegyezte ugyanakkor, hogy aktu\u00e1lis helyzet\u00fcket v\u00e1ltozatlanul negat\u00edvan \u00e9rt\u00e9kelik az \u00e1gazatban a gazdas\u00e1gi szerepl\u0151k, az \u00f6sszes\u00edtett \u00fczleti hangulati mutat\u00f3 ez\u00e9rt tov\u00e1bbra is negat\u00edv, m\u00e9g ha az el\u0151z\u0151 havin\u00e1l kisebb m\u00e9rt\u00e9kben is.<br \/>\n<a title=\"Hely megnyit\u00e1sa\" href=\"https:\/\/www.zvei.org\/presse-medien\/pressebereich\/deutsche-elektroindustrie-aktuelle-konjunkturdaten-deuten-auf-eine-erholung-hin\/\" target=\"_blank\" rel=\"noopener noreferrer\">https:\/\/www.zvei.org\/presse-medien\/pressebereich\/deutsche-elektroindustrie-aktuelle-konjunkturdaten-deuten-auf-eine-erholung-hin\/<\/a><\/p>\n<p>&nbsp;<\/p><div id=\"gazda-3400020106\" class=\"gazda-tartalomban gazda-entity-placement\"><script async src=\"https:\/\/pagead2.googlesyndication.com\/pagead\/js\/adsbygoogle.js\"><\/script>\r\n<ins class=\"adsbygoogle\"\r\n     style=\"display:block\"\r\n     data-ad-format=\"fluid\"\r\n     data-ad-layout-key=\"-6t+ed+2i-1n-4w\"\r\n     data-ad-client=\"ca-pub-1959107119989764\"\r\n     data-ad-slot=\"4008251320\"><\/ins>\r\n<script>\r\n     (adsbygoogle = window.adsbygoogle || []).push({});\r\n<\/script><\/div>\n<p>(MTI)<\/p>\n<p>&nbsp;<\/p>\n","protected":false},"excerpt":{"rendered":"<p>A belf\u00f6ldi kereslet n\u00f6veked\u00e9se m\u00e1r a fellend\u00fcl\u00e9s jeleit vet\u00edti el\u0151re a n\u00e9met elektrotechnikai \u00e9s villamosg\u00e9p-iparban az \u00e1gazat szakmai k\u00e9pviseleti szervezete, a ZVEI legfrissebb felm\u00e9r\u00e9se alapj\u00e1n.<\/p>\n","protected":false},"author":1001006,"featured_media":0,"comment_status":"closed","ping_status":"open","sticky":false,"template":"","format":"standard","meta":[],"categories":[12,246],"tags":[],"_links":{"self":[{"href":"https:\/\/gazdasagportal.hu\/index.php\/wp-json\/wp\/v2\/posts\/128635"}],"collection":[{"href":"https:\/\/gazdasagportal.hu\/index.php\/wp-json\/wp\/v2\/posts"}],"about":[{"href":"https:\/\/gazdasagportal.hu\/index.php\/wp-json\/wp\/v2\/types\/post"}],"author":[{"embeddable":true,"href":"https:\/\/gazdasagportal.hu\/index.php\/wp-json\/wp\/v2\/users\/1001006"}],"replies":[{"embeddable":true,"href":"https:\/\/gazdasagportal.hu\/index.php\/wp-json\/wp\/v2\/comments?post=128635"}],"version-history":[{"count":1,"href":"https:\/\/gazdasagportal.hu\/index.php\/wp-json\/wp\/v2\/posts\/128635\/revisions"}],"predecessor-version":[{"id":128636,"href":"https:\/\/gazdasagportal.hu\/index.php\/wp-json\/wp\/v2\/posts\/128635\/revisions\/128636"}],"wp:attachment":[{"href":"https:\/\/gazdasagportal.hu\/index.php\/wp-json\/wp\/v2\/media?parent=128635"}],"wp:term":[{"taxonomy":"category","embeddable":true,"href":"https:\/\/gazdasagportal.hu\/index.php\/wp-json\/wp\/v2\/categories?post=128635"},{"taxonomy":"post_tag","embeddable":true,"href":"https:\/\/gazdasagportal.hu\/index.php\/wp-json\/wp\/v2\/tags?post=128635"}],"curies":[{"name":"wp","href":"https:\/\/api.w.org\/{rel}","templated":true}]}}