{"id":128472,"date":"2020-08-02T15:13:41","date_gmt":"2020-08-02T13:13:41","guid":{"rendered":"http:\/\/gazdasagportal.hu\/?p=128472"},"modified":"2020-08-02T09:15:18","modified_gmt":"2020-08-02T07:15:18","slug":"sikeres-felevet-zart-a-nestle-a-vallalat-munkavallaloi-es-a-raszorulok-tamogatasara-epulo-jarvanystrategiajanak-koszonhetoen","status":"publish","type":"post","link":"https:\/\/gazdasagportal.hu\/index.php\/sikeres-felevet-zart-a-nestle-a-vallalat-munkavallaloi-es-a-raszorulok-tamogatasara-epulo-jarvanystrategiajanak-koszonhetoen\/","title":{"rendered":"Sikeres f\u00e9l\u00e9vet z\u00e1rt a Nestl\u00e9 a v\u00e1llalat munkav\u00e1llal\u00f3i \u00e9s a r\u00e1szorul\u00f3k t\u00e1mogat\u00e1s\u00e1ra \u00e9p\u00fcl\u0151 j\u00e1rv\u00e1nystrat\u00e9gi\u00e1j\u00e1nak k\u00f6sz\u00f6nhet\u0151en"},"content":{"rendered":"<p><strong>Nemcsak dolgoz\u00f3i eg\u00e9szs\u00e9g\u00e9r\u0151l, de anyagi biztons\u00e1gukr\u00f3l is gondoskodott a Nestl\u00e9 az \u00faj koronav\u00edrus j\u00e1rv\u00e1ny \u00e1ltal okozott vesz\u00e9lyhelyzetben. Az idei els\u0151 f\u00e9l\u00e9v p\u00e9nz\u00fcgyi mutat\u00f3ib\u00f3l az olvashat\u00f3 ki, hogy a j\u00e1rv\u00e1nykezel\u00e9s \u00e9rdek\u00e9ben tett, a v\u00e1llalati munkav\u00e1llal\u00f3k \u00e9s a r\u00e1szorul\u00f3k t\u00e1mogat\u00e1s\u00e1ra ir\u00e1nyul\u00f3 l\u00e9p\u00e9sek gazdas\u00e1gi szempontb\u00f3l is egy\u00e9rtelm\u0171en sikeresek voltak.<\/strong><!--more--><\/p>\n<div class=\"ads-in-post1\"><div id=\"gazdasagportal.hu_fullbanner_wideboard\"><\/div>\r\n<\/div>\n<p>Nem csup\u00e1n meg\u0151rizni volt k\u00e9pes lend\u00fclet\u00e9t, m\u00e9g jav\u00edtani is tudott a 2019-es f\u00e9l\u00e9vi adatokhoz k\u00e9pest a Nestl\u00e9 Hung\u00e1ria: a c\u00e9g forgalma 5,7 sz\u00e1zal\u00e9kkal b\u0151v\u00fclt, ami els\u0151sorban az exportnak volt k\u00f6sz\u00f6nhet\u0151. A magyarorsz\u00e1gi \u00e9rt\u00e9kes\u00edt\u00e9si \u00e1rbev\u00e9telre sem lehet panasz: a k\u00f6zel 27,5 milli\u00e1rd forintos volumen 4,3 sz\u00e1zal\u00e9kos n\u00f6veked\u00e9st mutat a b\u00e1zisid\u0151szakhoz k\u00e9pest.<\/p>\n<p>&nbsp;<\/p><div id=\"gazda-3656863676\" class=\"gazda-tartalomban gazda-entity-placement\"><script async src=\"https:\/\/pagead2.googlesyndication.com\/pagead\/js\/adsbygoogle.js\"><\/script>\r\n<ins class=\"adsbygoogle\"\r\n     style=\"display:block\"\r\n     data-ad-format=\"fluid\"\r\n     data-ad-layout-key=\"-6t+ed+2i-1n-4w\"\r\n     data-ad-client=\"ca-pub-1959107119989764\"\r\n     data-ad-slot=\"4008251320\"><\/ins>\r\n<script>\r\n     (adsbygoogle = window.adsbygoogle || []).push({});\r\n<\/script><\/div>\n<p>T\u00f6bb mint biztat\u00f3 jelek ezek egy olyan hath\u00f3napos peri\u00f3dus ut\u00e1n, amelynek legink\u00e1bb meghat\u00e1roz\u00f3 t\u00e9nyez\u0151je a pand\u00e9mia miatti \u00e1tfog\u00f3 \u00e9s drasztikus gazdas\u00e1gi visszaes\u00e9s volt. \u201eA magyar \u00e9lelmiszeripar meghat\u00e1roz\u00f3 szerepl\u0151jek\u00e9nt a koronav\u00edrus k\u00f6vetkezt\u00e9ben kialakult helyzetben sem d\u0151lhett\u00fcnk h\u00e1tra: kiemelt, strat\u00e9giai feladatunk volt a lakoss\u00e1g folyamatos ell\u00e1t\u00e1sa \u00e9lelmiszerrel \u00e9s \u00e1llateledellel\u201d \u2013 fogalmazott Noszek P\u00e9ter, a Nestl\u00e9 Hung\u00e1ria \u00fcgyvezet\u0151 igazgat\u00f3ja, aki a dolgoz\u00f3k biztons\u00e1g\u00e1nak \u00e9s eg\u00e9szs\u00e9g\u00e9nek meg\u00f3v\u00e1sa mellett a v\u00e1llalat legfontosabb c\u00e9ljai k\u00f6z\u00e9 sorolja a koll\u00e9g\u00e1k anyagi biztons\u00e1g\u00e1nak meg\u0151rz\u00e9s\u00e9t is.<\/p>\n<p>&nbsp;<\/p>\n<p>A kr\u00edzishelyzetre nagyon gyorsan \u00e9s hathat\u00f3san reag\u00e1l\u00f3 t\u00e1rsas\u00e1g 350 milli\u00f3 forintot k\u00f6lt\u00f6tt munkav\u00e1llal\u00f3i k\u00f6zvetlen p\u00e9nz\u00fcgyi t\u00e1mogat\u00e1s\u00e1ra. Az alapb\u00e9rt azok is megkapt\u00e1k, akik a j\u00e1rv\u00e1ny miatt nem tudt\u00e1k ell\u00e1tni feladataikat, \u00e1prilis 1-t\u0151l pedig a j\u00e1rv\u00e1nyhelyzet id\u0151szak\u00e1nak 3 h\u00f3napj\u00e1ra rendk\u00edv\u00fcli b\u00e9r- \u00e9s juttat\u00e1si csomagot vezettek be a termel\u00e9sben \u00e9s ell\u00e1t\u00e1si l\u00e1ncban dolgoz\u00f3knak. Ezzel a hazai termel\u0151egys\u00e9gben \u00e9s rakt\u00e1rban dolgoz\u00f3k b\u00e9re ak\u00e1r 20 sz\u00e1zal\u00e9kkal is emelkedhetett, m\u00edg az \u00e9rt\u00e9kes\u00edt\u0151k 10 sz\u00e1zal\u00e9kos alapb\u00e9rkieg\u00e9sz\u00edt\u00e9st kaptak.<\/p>\n<div class=\"ads-in-post1\"><div id=\"gazdasagportal.hu_fullbanner_wideboard\"><\/div>\r\n<\/div>\n<p>A v\u00e1llalat tov\u00e1bbi 80 milli\u00f3 forintot k\u00f6lt\u00f6tt eg\u00e9szs\u00e9gv\u00e9delmi \u00e9s biztons\u00e1gi int\u00e9zked\u00e9sekre, a munk\u00e1ba j\u00e1r\u00e1st c\u00e9lzott t\u00e1mogat\u00e1ssal, a gy\u00e1regys\u00e9gekben pedig napi egyszeri ingyenes \u00e9tkez\u00e9ssel is seg\u00edtett\u00e9k a munkav\u00e1llal\u00f3kat: a c\u00e9g h\u00e1rom \u00fczem\u00e9ben \u00f6sszesen 87 ezer adag \u00e9telt osztottak ki a dolgoz\u00f3knak, mik\u00f6zben a teljes munkav\u00e1llal\u00f3i g\u00e1rda r\u00e9szes\u00fclt az \u00f6sszesen 20 milli\u00f3 forint \u00e9rt\u00e9k\u0171 aj\u00e1nd\u00e9k \u00e9lelmiszercsomagb\u00f3l.<\/p>\n<p>&nbsp;<\/p>\n<p>Hasonl\u00f3 hozz\u00e1\u00e1ll\u00e1s jellemezte a c\u00e9g k\u00f6z\u00f6ss\u00e9gi \u00e9rt\u00e9kteremt\u0151 tev\u00e9kenys\u00e9geit. \u00a0A Magyar \u00c9lelmiszerbankhoz eljuttatott 100 milli\u00f3 forintos \u00e9rt\u00e9k\u0171 felaj\u00e1nl\u00e1sb\u00f3l p\u00e9ld\u00e1ul k\u00f6zel 12 tonn\u00e1nyi di\u00f3sgy\u0151ri csokol\u00e1d\u00e9t kaptak a r\u00e1szorul\u00f3 csal\u00e1dok, a PURINA \u00fczlet\u00e1g pedig 250\u00a0000 adag \u00e1llateledelt adom\u00e1nyozott magyarorsz\u00e1gi menhelyeknek, melyet a Magyar \u00c1llatv\u00e9d\u0151 \u00e9s Term\u00e9szetbar\u00e1t Sz\u00f6vets\u00e9g seg\u00edts\u00e9g\u00e9vel juttatott el az \u00e1llatotthonokba.<\/p>\n<p>&nbsp;<\/p>\n<p>A v\u00e1llalat emellett maszkokkal seg\u00edtette ki a szerencsi \u00f6nkorm\u00e1nyzatot, amelyeket a helyi eg\u00e9szs\u00e9g\u00fcgyi dolgoz\u00f3k kaptak. Szint\u00e9n maszkkal t\u00e1mogatt\u00e1k a v\u00e1llalattal kapcsolatban l\u00e9v\u0151 gyerekorvosokat is.<\/p>\n<p>&nbsp;<\/p>\n<p>A kezdem\u00e9nyez\u00e9seknek k\u00f6sz\u00f6nhet\u0151en Noszek P\u00e9ter szerint tov\u00e1bb m\u00e9ly\u00edtett\u00e9k kapcsolatukat a Nestl\u00e9 gy\u00e1rainak helyet ad\u00f3 k\u00f6z\u00f6ss\u00e9gekkel \u00e9s \u00f6nkorm\u00e1nyzatokkal, igazodva a glob\u00e1lis c\u00e9gcsoport k\u00f6z\u00f6s \u00e9rt\u00e9kteremt\u00e9si v\u00e1llal\u00e1saihoz. Ezek r\u00e9szek\u00e9nt vil\u00e1gszerte 30 milli\u00f3, a v\u00e1llalat \u00fczleti tev\u00e9kenys\u00e9g\u00e9hez k\u00f6zvetlen\u00fcl kapcsol\u00f3d\u00f3 k\u00f6z\u00f6ss\u00e9g meg\u00e9lhet\u00e9s\u00e9n jav\u00edt 2030-ra a Nestl\u00e9, amely a pand\u00e9mia alatt is elk\u00f6telezetten seg\u00edtett, ahol tudott.<\/p>\n<div class=\"ads-in-post2\"><script async src=\"https:\/\/pagead2.googlesyndication.com\/pagead\/js\/adsbygoogle.js\"><\/script>\r\n<ins class=\"adsbygoogle\"\r\n     style=\"display:block\"\r\n     data-ad-format=\"fluid\"\r\n     data-ad-layout-key=\"-6t+ed+2i-1n-4w\"\r\n     data-ad-client=\"ca-pub-1959107119989764\"\r\n     data-ad-slot=\"4008251320\"><\/ins>\r\n<script>\r\n     (adsbygoogle = window.adsbygoogle || []).push({});\r\n<\/script><\/div>\nA t\u00e1rsas\u00e1g rugalmass\u00e1g\u00e1r\u00f3l tett tan\u00fabizonys\u00e1got glob\u00e1lis eredm\u00e9nyeiben is: a tegnap megjelent f\u00e9l\u00e9ves jelent\u00e9sb\u0151l biztat\u00f3 organikus n\u00f6veked\u00e9s (2,8%) \u00e9s javul\u00f3 marginok (30 b\u00e1zispontos) n\u00f6veked\u00e9s a kereskedelemb\u0151l sz\u00e1rmaz\u00f3, egyszeri t\u00e9telek n\u00e9lk\u00fcli m\u0171k\u00f6d\u00e9si eredm\u00e9nyben (UTOP) olvashat\u00f3k ki.<\/p>\n<p>&nbsp;<\/p>\n<p>&nbsp;<\/p>\n<p>&nbsp;<\/p>\n<p><strong>A\u00a0Nestl\u00e9\u00a0Hung\u00e1ri\u00e1r\u00f3l:<\/strong>\u00a0<em>A vil\u00e1g legnagyobb, t\u00f6bb mint 150 \u00e9ves \u00e9lelmiszeripari v\u00e1llalata 191 orsz\u00e1gban van jelen vil\u00e1gszerte. A sv\u00e1jci v\u00e1llalat Magyarorsz\u00e1gon h\u00e1rom gy\u00e1r\u00e1ban (Szerencsen, Di\u00f3sgy\u0151r\u00f6n \u00e9s B\u00fck\u00f6n), illetve budapesti k\u00f6zpontj\u00e1ban \u00f6sszesen t\u00f6bb mint 2400 embert foglalkoztat, akik a jobb \u00e9letmin\u0151s\u00e9g \u00e9s az eg\u00e9szs\u00e9gesebb j\u00f6v\u0151 megteremt\u00e9s\u00e9\u00e9rt dolgoznak nap, mint nap.<\/em><\/p>\n<p><em>A\u00a0Nestl\u00e9\u00a0k\u00f6zel 30 \u00e9ve van jelen Magyarorsz\u00e1gon \u00e9s jelenleg a legnagyobb sv\u00e1jci befektet\u0151 \u00e9s munk\u00e1ltat\u00f3 haz\u00e1nkban. Magyarorsz\u00e1gi\u00a0jelenl\u00e9te alatt 100 milli\u00e1rd forintot meghalad\u00f3 \u00e9rt\u00e9kben fektetett be itthon \u00e9s tov\u00e1bbra is hossz\u00fa t\u00e1v\u00fa hazai jelenl\u00e9ttel tervez. Tavaly a v\u00e1llalat 20 milli\u00e1rd forintos fejleszt\u00e9st val\u00f3s\u00edtott meg a b\u00fcki gy\u00e1rban, \u00e9s folyamatosan keresi a tov\u00e1bbi beruh\u00e1z\u00e1si lehet\u0151s\u00e9geket.<\/em><\/p>\n<p><em>Szerencsen \u00e9vente 30 ezer tonna k\u00e1v\u00e9- \u00e9s kaka\u00f3por k\u00e9sz\u00fcl, amely 24 orsz\u00e1gba ker\u00fcl kisz\u00e1ll\u00edt\u00e1sra. A besz\u00e1ll\u00edt\u00f3k t\u00f6bbs\u00e9ge magyar v\u00e1llalkoz\u00e1s, amelyek \u00e9vente \u00f6sszesen 6,5 milli\u00e1rd forint \u00e9rt\u00e9kben adnak el term\u00e9keket \u00e9s szolg\u00e1ltat\u00e1sokat a\u00a0Nestl\u00e9nek.\u00a0<\/em><\/p>\n<p><em>A di\u00f3sgy\u0151ri \u00fczemben 120 milli\u00f3 darab csokol\u00e1d\u00e9figura k\u00e9sz\u00fcl \u00e9vente, amelyek 19 orsz\u00e1gban ismertek \u00e9s keresettek.<\/em><\/p>\n<p><strong>\u00a0<\/strong><\/p>\n","protected":false},"excerpt":{"rendered":"<p>Nemcsak dolgoz\u00f3i eg\u00e9szs\u00e9g\u00e9r\u0151l, de anyagi biztons\u00e1gukr\u00f3l is gondoskodott a Nestl\u00e9 az \u00faj koronav\u00edrus j\u00e1rv\u00e1ny \u00e1ltal okozott vesz\u00e9lyhelyzetben. Az idei els\u0151 f\u00e9l\u00e9v p\u00e9nz\u00fcgyi mutat\u00f3ib\u00f3l az olvashat\u00f3 ki, hogy a j\u00e1rv\u00e1nykezel\u00e9s \u00e9rdek\u00e9ben tett, a v\u00e1llalati munkav\u00e1llal\u00f3k \u00e9s a r\u00e1szorul\u00f3k t\u00e1mogat\u00e1s\u00e1ra ir\u00e1nyul\u00f3 l\u00e9p\u00e9sek gazdas\u00e1gi szempontb\u00f3l is egy\u00e9rtelm\u0171en sikeresek voltak.<\/p>\n","protected":false},"author":1001006,"featured_media":0,"comment_status":"closed","ping_status":"open","sticky":false,"template":"","format":"standard","meta":[],"categories":[19],"tags":[],"_links":{"self":[{"href":"https:\/\/gazdasagportal.hu\/index.php\/wp-json\/wp\/v2\/posts\/128472"}],"collection":[{"href":"https:\/\/gazdasagportal.hu\/index.php\/wp-json\/wp\/v2\/posts"}],"about":[{"href":"https:\/\/gazdasagportal.hu\/index.php\/wp-json\/wp\/v2\/types\/post"}],"author":[{"embeddable":true,"href":"https:\/\/gazdasagportal.hu\/index.php\/wp-json\/wp\/v2\/users\/1001006"}],"replies":[{"embeddable":true,"href":"https:\/\/gazdasagportal.hu\/index.php\/wp-json\/wp\/v2\/comments?post=128472"}],"version-history":[{"count":1,"href":"https:\/\/gazdasagportal.hu\/index.php\/wp-json\/wp\/v2\/posts\/128472\/revisions"}],"predecessor-version":[{"id":128473,"href":"https:\/\/gazdasagportal.hu\/index.php\/wp-json\/wp\/v2\/posts\/128472\/revisions\/128473"}],"wp:attachment":[{"href":"https:\/\/gazdasagportal.hu\/index.php\/wp-json\/wp\/v2\/media?parent=128472"}],"wp:term":[{"taxonomy":"category","embeddable":true,"href":"https:\/\/gazdasagportal.hu\/index.php\/wp-json\/wp\/v2\/categories?post=128472"},{"taxonomy":"post_tag","embeddable":true,"href":"https:\/\/gazdasagportal.hu\/index.php\/wp-json\/wp\/v2\/tags?post=128472"}],"curies":[{"name":"wp","href":"https:\/\/api.w.org\/{rel}","templated":true}]}}