{"id":128468,"date":"2020-08-02T11:09:52","date_gmt":"2020-08-02T09:09:52","guid":{"rendered":"http:\/\/gazdasagportal.hu\/?p=128468"},"modified":"2020-08-02T09:11:08","modified_gmt":"2020-08-02T07:11:08","slug":"heti-makronaptar-tobb-gazdasagi-mutatot-kozolnek-a-jovo-heten","status":"publish","type":"post","link":"https:\/\/gazdasagportal.hu\/index.php\/heti-makronaptar-tobb-gazdasagi-mutatot-kozolnek-a-jovo-heten\/","title":{"rendered":"Heti makr\u00f3napt\u00e1r &#8211; T\u00f6bb gazdas\u00e1gi mutat\u00f3t k\u00f6z\u00f6lnek a j\u00f6v\u0151 h\u00e9ten"},"content":{"rendered":"<p><strong>Fontos statisztikai mutat\u00f3k &#8211; a kiskereskedelmi forgalom, az ipar \u00e9s a k\u00fclkereskedelem alakul\u00e1sa &#8211; mellett az \u00e1llamh\u00e1ztart\u00e1s j\u00faliusi egyenleg\u00e9t is k\u00f6zlik a j\u00f6v\u0151 h\u00e9ten.<\/strong><!--more--><\/p>\n<div class=\"ads-in-post1\"><div id=\"gazdasagportal.hu_fullbanner_wideboard\"><\/div>\r\n<\/div>\n<p>    Kedden teszi k\u00f6zz\u00e9 a K\u00f6zponti Statisztikai Hivatal (KSH) az ipari termel\u0151i \u00e1rak j\u00faniusi adatait. M\u00e1jusban az ipari termel\u0151i \u00e1rak 1,7 sz\u00e1zal\u00e9kkal magasabbak voltak az el\u0151z\u0151 \u00e9v m\u00e1jus\u00e1hoz k\u00e9pest. Az \u00e1rak alakul\u00e1s\u00e1t befoly\u00e1solt\u00e1k a koronav\u00edrus-j\u00e1rv\u00e1ny k\u00f6vetkezt\u00e9ben megv\u00e1ltozott gazdas\u00e1gi folyamatok, amelyek hat\u00e1sa a p\u00e9nz- \u00e9s \u00e1rupiacokon is \u00e9rezhet\u0151 volt. A belf\u00f6ldi \u00e9rt\u00e9kes\u00edt\u00e9si \u00e1rak \u00e1tlagosan 2,6 sz\u00e1zal\u00e9kkal cs\u00f6kkentek, ezen bel\u00fcl a 63 sz\u00e1zal\u00e9kos s\u00falyt k\u00e9pvisel\u0151 feldolgoz\u00f3ipar \u00e1rai 1,9 sz\u00e1zal\u00e9kkal, a 32 sz\u00e1zal\u00e9kos s\u00faly\u00fa energiaipar \u00e1rai (villamosenergia-, g\u00e1z-, g\u0151zell\u00e1t\u00e1s, l\u00e9gkondicion\u00e1l\u00e1s) 5,0 sz\u00e1zal\u00e9kkal alacsonyabbak voltak.<br \/>\n    Szerd\u00e1n publik\u00e1lja a KSH a kiskereskedelem j\u00faniusi alakul\u00e1s\u00e1t. A j\u00e1rv\u00e1ny\u00fcgyi vesz\u00e9lyhelyzet csillapod\u00e1s\u00e1val m\u00e1jus elej\u00e9t\u0151l vid\u00e9ken, m\u00e1jus k\u00f6zep\u00e9t\u0151l Budapesten \u00e9s Pest megy\u00e9ben is feloldott\u00e1k a kiskereskedelmi \u00fczletek nyitvatart\u00e1si korl\u00e1toz\u00e1s\u00e1t, amely a nem \u00e9lelmiszer \u00fczletek forgalm\u00e1ra volt legink\u00e1bb hat\u00e1ssal. M\u00e1jusban a kiskereskedelmi \u00fczletek forgalm\u00e1nak volumene a nyers adat szerint 2,8, napt\u00e1rhat\u00e1st\u00f3l megtiszt\u00edtva 2,1 sz\u00e1zal\u00e9kkal cs\u00f6kkent az el\u0151z\u0151 \u00e9v azonos id\u0151szakihoz k\u00e9pest. Az \u00e9lelmiszer- \u00e9s \u00e9lelmiszer jelleg\u0171 vegyes kiskereskedelmi \u00fczletekben 1,8, a nem \u00e9lelmiszer-kiskereskedelmi \u00fczletekben 0,7 sz\u00e1zal\u00e9kkal n\u0151tt, az \u00fczemanyag-kiskereskedelemben 13,8 sz\u00e1zal\u00e9kkal cs\u00f6kkent az \u00e9rt\u00e9kes\u00edt\u00e9s napt\u00e1rhat\u00e1st\u00f3l megtiszt\u00edtott volumene. 2020. janu\u00e1r-m\u00e1jusban a forgalom volumene &#8211; szint\u00e9n napt\u00e1rhat\u00e1st\u00f3l megtiszt\u00edtott adatok szerint &#8211; 1,5 sz\u00e1zal\u00e9kkal nagyobb volt az el\u0151z\u0151 \u00e9v azonos id\u0151szakin\u00e1l.<br \/>\n<div class=\"ads-in-post1\"><div id=\"gazdasagportal.hu_fullbanner_wideboard\"><\/div>\r\n<\/div>\n    Cs\u00fct\u00f6rt\u00f6k\u00f6n k\u00f6zli a KSH a j\u00faniusi ipari termel\u00e9sre vonatkoz\u00f3 els\u0151 becsl\u00e9s\u00e9t. M\u00e1jusban az ipari termel\u00e9s volumene 30,7 sz\u00e1zal\u00e9kkal elmaradt az egy \u00e9vvel kor\u00e1bbi, magas b\u00e1zist\u00f3l. Munkanaphat\u00e1st\u00f3l megtiszt\u00edtott adatok alapj\u00e1n a termel\u00e9s 27,6 sz\u00e1zal\u00e9kkal cs\u00f6kkent. A koronav\u00edrus-j\u00e1rv\u00e1ny miatt megv\u00e1ltozott gazdas\u00e1gi folyamatok hat\u00e1sa ebben az id\u0151szakban is jelent\u0151s volt. Kiugr\u00f3 visszaes\u00e9s volt a legnagyobb s\u00faly\u00fa j\u00e1rm\u0171gy\u00e1rt\u00e1sban, m\u00edg a sz\u00e1m\u00edt\u00f3g\u00e9p, elektronikai, optikai term\u00e9k gy\u00e1rt\u00e1sa, illetve az \u00e9lelmiszer, ital \u00e9s doh\u00e1nyterm\u00e9k gy\u00e1rt\u00e1sa kisebb m\u00e9rt\u00e9kben cs\u00f6kkent.<br \/>\n    P\u00e9nteken a j\u00faniusi k\u00fclkereskedelmi term\u00e9kforgalom els\u0151 becsl\u00e9s\u00e9t teszi k\u00f6zz\u00e9 a statisztikai hivatal. M\u00e1jusban a kivitel volumene 26, a behozatal\u00e9 19 sz\u00e1zal\u00e9kkal cs\u00f6kkent az el\u0151z\u0151 \u00e9v azonos id\u0151szak\u00e1hoz k\u00e9pest. Az akt\u00edvum 102 milli\u00f3 eur\u00f3 volt, az egyenleg 545 milli\u00f3 eur\u00f3val romlott a 2019. m\u00e1jusihoz m\u00e9rten. Napt\u00e1rhat\u00e1ssal kiigaz\u00edtva a kivitel volumene 22, a behozatal\u00e9 15 sz\u00e1zal\u00e9kkal cs\u00f6kkent. 2020. janu\u00e1r-m\u00e1jusban a term\u00e9k-k\u00fclkereskedelmi m\u00e9rleg t\u00f6bblete 1,4 milli\u00e1rd eur\u00f3t tett ki, 1,3 milli\u00e1rd eur\u00f3val kevesebbet, mint egy \u00e9vvel kor\u00e1bban. A vizsg\u00e1lt id\u0151szakban a termel\u0151\u00e1gazatok visszafogott teljes\u00edtm\u00e9ny\u00e9vel, valamint a glob\u00e1lis kereslet folytat\u00f3d\u00f3 m\u00e9rs\u00e9kl\u0151d\u00e9s\u00e9vel \u00f6sszhangban a term\u00e9k-k\u00fclkereskedelmi forgalom  szintje tov\u00e1bbra is elmaradt a tavalyi b\u00e1zist\u00f3l.<br \/>\n    Szint\u00e9n p\u00e9nteken jelenik meg a kereskedelmi sz\u00e1ll\u00e1shelyek forgalm\u00e1nak j\u00faniusi adata. M\u00e1jusban a koronav\u00edrus okozta j\u00e1rv\u00e1ny hat\u00e1s\u00e1ra a k\u00fclf\u00f6ldi vend\u00e9gek \u00e1ltal a kereskedelmi sz\u00e1ll\u00e1shelyeken elt\u00f6lt\u00f6tt \u00e9jszak\u00e1k sz\u00e1ma 98 sz\u00e1zal\u00e9kkal, a belf\u00f6ldi vend\u00e9gek \u00e1ltal elt\u00f6lt\u00f6ttek\u00e9 86 sz\u00e1zal\u00e9kkal visszaesett az el\u0151z\u0151 \u00e9v azonos id\u0151szak\u00e1hoz k\u00e9pest. Az \u00f6sszes vend\u00e9g\u00e9jszaka 88 sz\u00e1zal\u00e9k\u00e1t a belf\u00f6ldi vend\u00e9gek t\u00f6lt\u00f6tt\u00e9k el. A kereskedelmi sz\u00e1ll\u00e1shelyek foly\u00f3 \u00e1ron sz\u00e1molt  brutt\u00f3 \u00e1rbev\u00e9tele 93 sz\u00e1zal\u00e9kkal kevesebb volt az egy \u00e9vvel kor\u00e1bbin\u00e1l.<br \/>\n<div class=\"ads-in-post2\"><script async src=\"https:\/\/pagead2.googlesyndication.com\/pagead\/js\/adsbygoogle.js\"><\/script>\r\n<ins class=\"adsbygoogle\"\r\n     style=\"display:block\"\r\n     data-ad-format=\"fluid\"\r\n     data-ad-layout-key=\"-6t+ed+2i-1n-4w\"\r\n     data-ad-client=\"ca-pub-1959107119989764\"\r\n     data-ad-slot=\"4008251320\"><\/ins>\r\n<script>\r\n     (adsbygoogle = window.adsbygoogle || []).push({});\r\n<\/script><\/div>\n    A P\u00e9nz\u00fcgyminiszt\u00e9rium (PM) p\u00e9nteken k\u00f6zli az \u00e1llamh\u00e1ztart\u00e1s k\u00f6zponti alrendszer\u00e9nek 2020. j\u00falius v\u00e9gi adatait. A PM j\u00falius 8-\u00e1n k\u00f6zz\u00e9tett el\u0151zetes adatai szerint a j\u00e1rv\u00e1ny\u00fcgyi kiad\u00e1sok, a gazdas\u00e1gv\u00e9delmi int\u00e9zked\u00e9sek \u00e9s az uni\u00f3s fejleszt\u00e9sek el\u0151finansz\u00edroz\u00e1s\u00e1nak eredm\u00e9nyek\u00e9nt az \u00e9v els\u0151 hat h\u00f3napj\u00e1ban az \u00e1llamh\u00e1ztart\u00e1s k\u00f6zponti alrendszere 1837 milli\u00e1rd forintos hi\u00e1nnyal z\u00e1rt. 2020 els\u0151 hat h\u00f3napj\u00e1ban a k\u00f6zponti k\u00f6lts\u00e9gvet\u00e9s 1534,3 milli\u00e1rd forintos deficitet, az elk\u00fcl\u00f6n\u00edtett \u00e1llami p\u00e9nzalapok 11,2 milli\u00e1rd forintos t\u00f6bbletet, a t\u00e1rsadalombiztos\u00edt\u00e1s p\u00e9nz\u00fcgyi alapjai pedig 313,9 milli\u00e1rd forintos hi\u00e1nyt mutattak. Az el\u0151z\u0151 \u00e9v azonos id\u0151szak\u00e1ban a k\u00f6zponti alrendszer hi\u00e1nya 390,0 milli\u00e1rd forintot tett ki. 2020 j\u00fanius\u00e1ban a k\u00f6zponti alrendszer 785,5 milli\u00e1rd forintos hi\u00e1nnyal z\u00e1rt, a 2019. \u00e9vi azonos havi hi\u00e1ny 213,6 milli\u00e1rd forintot tett ki.(MTI)<\/p>\n","protected":false},"excerpt":{"rendered":"<p>Fontos statisztikai mutat\u00f3k &#8211; a kiskereskedelmi forgalom, az ipar \u00e9s a k\u00fclkereskedelem alakul\u00e1sa &#8211; mellett az \u00e1llamh\u00e1ztart\u00e1s j\u00faliusi egyenleg\u00e9t is k\u00f6zlik a j\u00f6v\u0151 h\u00e9ten.<\/p>\n","protected":false},"author":1001006,"featured_media":0,"comment_status":"closed","ping_status":"open","sticky":false,"template":"","format":"standard","meta":[],"categories":[19],"tags":[],"_links":{"self":[{"href":"https:\/\/gazdasagportal.hu\/index.php\/wp-json\/wp\/v2\/posts\/128468"}],"collection":[{"href":"https:\/\/gazdasagportal.hu\/index.php\/wp-json\/wp\/v2\/posts"}],"about":[{"href":"https:\/\/gazdasagportal.hu\/index.php\/wp-json\/wp\/v2\/types\/post"}],"author":[{"embeddable":true,"href":"https:\/\/gazdasagportal.hu\/index.php\/wp-json\/wp\/v2\/users\/1001006"}],"replies":[{"embeddable":true,"href":"https:\/\/gazdasagportal.hu\/index.php\/wp-json\/wp\/v2\/comments?post=128468"}],"version-history":[{"count":1,"href":"https:\/\/gazdasagportal.hu\/index.php\/wp-json\/wp\/v2\/posts\/128468\/revisions"}],"predecessor-version":[{"id":128469,"href":"https:\/\/gazdasagportal.hu\/index.php\/wp-json\/wp\/v2\/posts\/128468\/revisions\/128469"}],"wp:attachment":[{"href":"https:\/\/gazdasagportal.hu\/index.php\/wp-json\/wp\/v2\/media?parent=128468"}],"wp:term":[{"taxonomy":"category","embeddable":true,"href":"https:\/\/gazdasagportal.hu\/index.php\/wp-json\/wp\/v2\/categories?post=128468"},{"taxonomy":"post_tag","embeddable":true,"href":"https:\/\/gazdasagportal.hu\/index.php\/wp-json\/wp\/v2\/tags?post=128468"}],"curies":[{"name":"wp","href":"https:\/\/api.w.org\/{rel}","templated":true}]}}