{"id":128459,"date":"2020-08-01T15:55:40","date_gmt":"2020-08-01T13:55:40","guid":{"rendered":"http:\/\/gazdasagportal.hu\/?p=128459"},"modified":"2020-08-01T12:06:22","modified_gmt":"2020-08-01T10:06:22","slug":"rupert-murdoch-fia-tavozott-a-fox-televiziot-is-tulajdonlo-mediavallalat-igazgatosagabol","status":"publish","type":"post","link":"https:\/\/gazdasagportal.hu\/index.php\/rupert-murdoch-fia-tavozott-a-fox-televiziot-is-tulajdonlo-mediavallalat-igazgatosagabol\/","title":{"rendered":"Rupert Murdoch fia t\u00e1vozott a Fox telev\u00edzi\u00f3t is tulajdonl\u00f3 m\u00e9diav\u00e1llalat igazgat\u00f3s\u00e1g\u00e1b\u00f3l"},"content":{"rendered":"<p><strong>Rupert Murdoch amerikai m\u00e9diamogul kisebbik fia, James Murdoch t\u00e1vozott a Fox telev\u00edzi\u00f3t \u00e9s The Wall Street Journal c\u00edm\u0171 napilapot is tulajdonl\u00f3 News Corp. igazgat\u00f3s\u00e1g\u00e1b\u00f3l.<\/strong><!--more--><\/p>\n<div class=\"ads-in-post1\"><div id=\"gazdasagportal.hu_fullbanner_wideboard\"><\/div>\r\n<\/div>\n<p>    Lemond\u00e1s\u00e1t a p\u00e9nteken este kiadott k\u00f6zlem\u00e9ny\u00e9ben a 48 \u00e9ves James Murdoch csup\u00e1n &#8222;a szerkeszt\u0151s\u00e9gi ir\u00e1nyvonal miatti n\u00e9zetk\u00fcl\u00f6nbs\u00e9gekkel&#8221; indokolta, tov\u00e1bbi r\u00e9szletekkel nem szolg\u00e1lt. Nem t\u00f6rt\u00e9nt nyilv\u00e1nos bejelent\u00e9s, a lemond\u00e1s t\u00e9nye az amerikai \u00c9rt\u00e9kpap\u00edr- \u00e9s T\u0151zsdefel\u00fcgyelethez (SEC) beny\u00fajtott lemond\u00f3 lev\u00e9l nyom\u00e1n ker\u00fclt nyilv\u00e1noss\u00e1gra.     Rupert Murdoch, a  News Corp. vez\u00e9rigazgat\u00f3ja \u00e9s James Murdoch apja p\u00e9ntek este k\u00f6sz\u00f6net\u00e9t fejezte ki a fi\u00e1nak a c\u00e9gn\u00e9l v\u00e9gzett munk\u00e1j\u00e1\u00e9rt. A k\u00f6sz\u00f6netnyilv\u00e1n\u00edt\u00e1shoz csatlakozott Lachlan Murdoch &#8211; James Murdoch b\u00e1tyja &#8211; is, aki v\u00e1ltozatlanul tagja maradt az igazgat\u00f3tan\u00e1csnak.     Az amerikai sajt\u00f3ban az elm\u00falt h\u00f3napokban t\u00f6bb helyen is megjelent, hogy James Murdoch nem \u00e9rtett egyet a c\u00e9g tulajdon\u00e1ban l\u00e9v\u0151 telev\u00edzi\u00f3k \u00e9s lapok republik\u00e1nus n\u00e9zetekhez k\u00f6zel \u00e1ll\u00f3 politikai ir\u00e1nyvonal\u00e1val.<br \/>\n<div class=\"ads-in-post1\"><div id=\"gazdasagportal.hu_fullbanner_wideboard\"><\/div>\r\n<\/div>\n Az ifjabb Murdoch azonban nemcsak a c\u00e9gbirodalom amerikai, hanem ausztr\u00e1liai sajt\u00f3org\u00e1numainak ir\u00e1nyvonal\u00e1val sem \u00e9rtett egyet. P\u00e1r h\u00f3nappal ezel\u0151tt az amerikai The Daily Beast c\u00edm\u0171, baloldali port\u00e1llal a sz\u00f3viv\u0151je r\u00e9v\u00e9n tudatta, hogy \u0151 \u00e9s a feles\u00e9ge &#8222;k\u00fcl\u00f6n\u00f6sen el\u00e9gedetlen&#8221; azzal, ahogyan a c\u00e9g amerikai \u00e9s ausztr\u00e1l lapjai \u00e9s telev\u00edzi\u00f3i bemutatj\u00e1k a kl\u00edmav\u00e1ltoz\u00e1s okozta gondokat.     James Murdoch a politikai baloldal h\u00edve az Egyes\u00fclt \u00c1llamokban. A Bloomberg h\u00edr\u00fcgyn\u00f6ks\u00e9g inform\u00e1ci\u00f3i szerint az el\u0151v\u00e1laszt\u00e1sokon egymilli\u00f3 doll\u00e1rt adom\u00e1nyozott demokrata p\u00e1rti jel\u00f6lteknek. A Politico c\u00edm\u0171 lapnak m\u00e9g janu\u00e1rban adott interj\u00faj\u00e1ban azt hangs\u00falyozta, hogy b\u00e1rki legyen is a demokrat\u00e1k eln\u00f6kjel\u00f6ltje, \u00f6r\u00f6mmel \u00e1ll mell\u00e9. A napokban nyilv\u00e1noss\u00e1gra ker\u00fclt az is, hogy 615 ezer doll\u00e1rt adott Joe Biden, a demokrat\u00e1k v\u00e1rhat\u00f3 eln\u00f6kjel\u00f6ltje kamp\u00e1ny\u00e1ra.<br \/>\n<div class=\"ads-in-post2\"><script async src=\"https:\/\/pagead2.googlesyndication.com\/pagead\/js\/adsbygoogle.js\"><\/script>\r\n<ins class=\"adsbygoogle\"\r\n     style=\"display:block\"\r\n     data-ad-format=\"fluid\"\r\n     data-ad-layout-key=\"-6t+ed+2i-1n-4w\"\r\n     data-ad-client=\"ca-pub-1959107119989764\"\r\n     data-ad-slot=\"4008251320\"><\/ins>\r\n<script>\r\n     (adsbygoogle = window.adsbygoogle || []).push({});\r\n<\/script><\/div>\n    Apja, Rupert Murdoch \u00e9vtizedek \u00f3ta a jobboldali-konzervat\u00edv politika t\u00e1mogat\u00f3jak\u00e9nt ismert, nemcsak az Egyes\u00fclt \u00c1llamokban, hanem Ausztr\u00e1li\u00e1ban \u00e9s az Egyes\u00fclt Kir\u00e1lys\u00e1gban is, ahol v\u00e1llalatbirodalma szint\u00e9n t\u00f6bb m\u00e9diumot tudhat mag\u00e1\u00e9nak. Az Egyes\u00fclt \u00c1llamokban id\u0151sebb Murdochnak szoros kapcsolata van Donald Trump amerikai eln\u00f6kkel. A The New York Times m\u00e9g 2016-ban arr\u00f3l \u00edrt, hogy Trump egyik legf\u0151bb m\u00e9diatan\u00e1csad\u00f3ja Rupert Murdoch.     A News Corp. tulajdon\u00e1ban van a Dow Jones, amelynek le\u00e1nyv\u00e1llalata a The Wall Street Jurnal,  HarperCollins kiad\u00f3v\u00e1llalat, a New York Post \u00e9s t\u00f6bb m\u00e9diav\u00e1llalkoz\u00e1s.(MTI)<\/p>\n","protected":false},"excerpt":{"rendered":"<p>Rupert Murdoch amerikai m\u00e9diamogul kisebbik fia, James Murdoch t\u00e1vozott a Fox telev\u00edzi\u00f3t \u00e9s The Wall Street Journal c\u00edm\u0171 napilapot is tulajdonl\u00f3 News Corp. igazgat\u00f3s\u00e1g\u00e1b\u00f3l.<\/p>\n","protected":false},"author":1001006,"featured_media":0,"comment_status":"closed","ping_status":"open","sticky":false,"template":"","format":"standard","meta":[],"categories":[13,12],"tags":[],"_links":{"self":[{"href":"https:\/\/gazdasagportal.hu\/index.php\/wp-json\/wp\/v2\/posts\/128459"}],"collection":[{"href":"https:\/\/gazdasagportal.hu\/index.php\/wp-json\/wp\/v2\/posts"}],"about":[{"href":"https:\/\/gazdasagportal.hu\/index.php\/wp-json\/wp\/v2\/types\/post"}],"author":[{"embeddable":true,"href":"https:\/\/gazdasagportal.hu\/index.php\/wp-json\/wp\/v2\/users\/1001006"}],"replies":[{"embeddable":true,"href":"https:\/\/gazdasagportal.hu\/index.php\/wp-json\/wp\/v2\/comments?post=128459"}],"version-history":[{"count":1,"href":"https:\/\/gazdasagportal.hu\/index.php\/wp-json\/wp\/v2\/posts\/128459\/revisions"}],"predecessor-version":[{"id":128460,"href":"https:\/\/gazdasagportal.hu\/index.php\/wp-json\/wp\/v2\/posts\/128459\/revisions\/128460"}],"wp:attachment":[{"href":"https:\/\/gazdasagportal.hu\/index.php\/wp-json\/wp\/v2\/media?parent=128459"}],"wp:term":[{"taxonomy":"category","embeddable":true,"href":"https:\/\/gazdasagportal.hu\/index.php\/wp-json\/wp\/v2\/categories?post=128459"},{"taxonomy":"post_tag","embeddable":true,"href":"https:\/\/gazdasagportal.hu\/index.php\/wp-json\/wp\/v2\/tags?post=128459"}],"curies":[{"name":"wp","href":"https:\/\/api.w.org\/{rel}","templated":true}]}}