{"id":128455,"date":"2020-08-01T11:33:03","date_gmt":"2020-08-01T09:33:03","guid":{"rendered":"http:\/\/gazdasagportal.hu\/?p=128455"},"modified":"2020-08-01T11:33:03","modified_gmt":"2020-08-01T09:33:03","slug":"helyi-termeles-es-szezonalis-etkezes-jelenthet-megoldast","status":"publish","type":"post","link":"https:\/\/gazdasagportal.hu\/index.php\/helyi-termeles-es-szezonalis-etkezes-jelenthet-megoldast\/","title":{"rendered":"Helyi termel\u00e9s \u00e9s szezon\u00e1lis \u00e9tkez\u00e9s jelenthet megold\u00e1st"},"content":{"rendered":"<p><strong>A mez\u0151gazdas\u00e1gban komoly kih\u00edv\u00e1st jelent az \u00e9ghajlatv\u00e1ltoz\u00e1s, amelynek el\u0151id\u00e9z\u0151i k\u00f6z\u00f6tt szerepet j\u00e1tszik az \u00e1rusz\u00e1ll\u00edt\u00e1s is. K\u00f6rnyezet\u00fcnk v\u00e9delm\u00e9\u00e9rt \u00edgy<\/strong> <strong>az \u00e9lelmiszertranszport visszaszor\u00edt\u00e1s\u00e1val \u00e9s a helyi termel\u00e9s el\u0151seg\u00edt\u00e9s\u00e9vel is sokat tehet\u00fcnk\u2013 mutat r\u00e1 p\u00e1lyamunk\u00e1j\u00e1ban Huber Anita, a K&amp;H a fenntarthat\u00f3 agr\u00e1rium\u00e9rt \u00f6szt\u00f6nd\u00edjp\u00e1ly\u00e1zat egyik d\u00edjazottja. A fiatal agr\u00e1rhallgat\u00f3 kiemeli, hogy ezt a folyamatot a hazai termel\u0151k t\u00e1mogat\u00e1s\u00e1val, a lok\u00e1lis piacok n\u00e9pszer\u0171s\u00edt\u00e9s\u00e9vel, valamint a szezon\u00e1lis \u00e9tkez\u00e9s elterjeszt\u00e9s\u00e9vel lehet el\u0151seg\u00edteni.<\/strong><!--more--><\/p>\n<div class=\"ads-in-post1\"><div id=\"gazdasagportal.hu_fullbanner_wideboard\"><\/div>\r\n<\/div>\n<p>&nbsp;<\/p>\n<p>A sz\u00e9ls\u0151s\u00e9ges id\u0151j\u00e1r\u00e1s, valamint a term\u00e9szeti katasztr\u00f3f\u00e1k m\u00e9rs\u00e9kl\u00e9s\u00e9ben nagy szerepe van az \u00fcvegh\u00e1zhat\u00e1s\u00fa g\u00e1zok cs\u00f6kkent\u00e9s\u00e9nek, mik\u00f6zben az Eur\u00f3pai K\u00f6rnyezetv\u00e9delmi \u00dcgyn\u00f6ks\u00e9g (EEA) 2019-es adatai szerint az Eur\u00f3pai Uni\u00f3ban a mez\u0151gazdas\u00e1g adja az \u00fcvegh\u00e1zhat\u00e1s\u00fa g\u00e1zok 10 sz\u00e1zal\u00e9k\u00e1t. A szektornak is dolgoznia kell teh\u00e1t azon, hogy ez a sz\u00e1m m\u00e9rs\u00e9kl\u0151dj\u00f6n.<\/p><div id=\"gazda-3501742813\" class=\"gazda-tartalomban gazda-entity-placement\"><script async src=\"https:\/\/pagead2.googlesyndication.com\/pagead\/js\/adsbygoogle.js\"><\/script>\r\n<ins class=\"adsbygoogle\"\r\n     style=\"display:block\"\r\n     data-ad-format=\"fluid\"\r\n     data-ad-layout-key=\"-6t+ed+2i-1n-4w\"\r\n     data-ad-client=\"ca-pub-1959107119989764\"\r\n     data-ad-slot=\"4008251320\"><\/ins>\r\n<script>\r\n     (adsbygoogle = window.adsbygoogle || []).push({});\r\n<\/script><\/div>\n<p>&nbsp;<\/p>\n<p>\u201eMivel az \u00e1rusz\u00e1ll\u00edt\u00e1s is szerepel a kl\u00edmav\u00e1ltoz\u00e1s t\u00e9nyez\u0151i k\u00f6z\u00f6tt, az \u00e9ghajlatv\u00e1ltoz\u00e1s enyh\u00edt\u00e9s\u00e9re az \u00e9lelmiszertranszport visszaszor\u00edt\u00e1sa lehet az egyik hat\u00e9kony megold\u00e1s\u201d \u2013 \u00f6sszegezte megold\u00e1si javaslat\u00e1t Huber Anita, a <strong>K&amp;H a fenntarthat\u00f3 agr\u00e1rium\u00e9rt<\/strong> <strong>\u00f6szt\u00f6nd\u00edjp\u00e1ly\u00e1zat <\/strong>alapszakos kateg\u00f3ri\u00e1j\u00e1nak d\u00edjazottja. A p\u00e1ly\u00e1zat c\u00e9lja, hogy anyagi \u00e9s szakmai t\u00e1mogat\u00e1ssal seg\u00edtse azon agr\u00e1rhallgat\u00f3k tanulm\u00e1ny\u00e1t \u00e9s kutat\u00f3munk\u00e1j\u00e1t, akik innovat\u00edv elj\u00e1r\u00e1sokkal \u00e1llnak el\u0151, \u00e9s v\u00e1laszt adhatnak a j\u00f6v\u0151 kih\u00edv\u00e1saira. \u00a0A p\u00e1ly\u00e1zat keretein bel\u00fcl id\u00e9n a fiatal kutat\u00f3k a mez\u0151gazdas\u00e1g el\u0151tt \u00e1ll\u00f3 probl\u00e9m\u00e1kra, \u00edgy a kl\u00edmav\u00e1ltoz\u00e1s hat\u00e1sainak m\u00e9rs\u00e9kl\u00e9s\u00e9re dolgoztak ki megold\u00e1st.<\/p>\n<p>&nbsp;<\/p>\n<p>A Budapesti Corvinus Egyetem hallgat\u00f3ja szerint az \u00e9lelmiszersz\u00e1ll\u00edt\u00e1s \u00e9s \u00edgy a k\u00f6rnyezetterhel\u00e9s m\u00e9rs\u00e9kl\u00e9s\u00e9t a helyi piacok er\u0151s\u00edt\u00e9s\u00e9vel lehetne el\u00e9rni. \u201eA magyarorsz\u00e1gi termel\u00e9s \u00f6szt\u00f6nz\u00e9s\u00e9ben alapvet\u0151en h\u00e1rom t\u00e9nyez\u0151 j\u00e1tszik szerepet. Egyr\u00e9szt a gazd\u00e1kat egy olyan t\u00e1mogat\u00e1si rendszer kialak\u00edt\u00e1sa seg\u00edthetn\u00e9, amely el\u0151nyben r\u00e9szes\u00edti a belf\u00f6ldi \u00e9rt\u00e9kes\u00edt\u00e9st, \u00e9s lehet\u0151v\u00e9 tenn\u00e9 a kedvez\u0151 \u00e1rszab\u00e1s kialak\u00edt\u00e1s\u00e1t. Emellett nagyobb szerepet kell sz\u00e1nni a lok\u00e1lis termel\u0151i piacoknak, amelyek el\u0151nye, hogy biztos forr\u00e1sb\u00f3l sz\u00e1rmaz\u00f3, kevesebb n\u00f6v\u00e9nyv\u00e9d\u0151szerrel szennyezett z\u00f6lds\u00e9get, gy\u00fcm\u00f6lcs\u00f6t enn\u00e9nk. Tov\u00e1bb\u00e1 sz\u00fcks\u00e9g lenne a szezon\u00e1lis \u00e9tkez\u00e9s szeml\u00e9let\u00e9nek m\u00e9g er\u0151sebb elterjed\u00e9s\u00e9re, vagyis hogy mindig az aktu\u00e1lisan rendelkez\u00e9s\u00fcnkre \u00e1ll\u00f3 term\u00e9keket fogyasszuk\u201d \u2013 tette hozz\u00e1 Huber Anita.<\/p>\n<p>&nbsp;<\/p>\n<p><strong>a szezon\u00e1lis \u00e9tkez\u00e9s mint fenntarthat\u00f3 megold\u00e1s<\/strong><\/p>\n<p>\u201eAz \u00e9vszakoknak megfelel\u0151 term\u00e9kek fogyaszt\u00e1sa egyike a fenntarthat\u00f3, k\u00f6rnyezetbar\u00e1t megold\u00e1soknak, amely nem terjedt m\u00e9g el a hazai k\u00f6zgondolkod\u00e1sban. T\u00e1rsadalmunk fogyaszt\u00e1si szok\u00e1sait a k\u00fcl\u00f6nb\u00f6z\u0151 divatok, illetve a k\u00e9nyelem hat\u00e1rozza meg. Holott az\u00e1ltal, hogy csak rendelkez\u00e9s\u00fcnkre \u00e1ll\u00f3 term\u00e9keket \u2013 p\u00e9ld\u00e1ul t\u00e9len paprika, paradicsom helyett ink\u00e1bb v\u00f6r\u00f6s k\u00e1poszt\u00e1t, c\u00e9kl\u00e1t \u2013 fogyasztunk, eg\u00e9szs\u00e9gebb\u00e9 \u00e9s v\u00e1ltozatosabb\u00e1 tehetj\u00fck a t\u00e1pl\u00e1lkoz\u00e1sunkat. Arr\u00f3l nem is besz\u00e9lve, hogy a helyi \u00e1ru el\u0151t\u00e9rbe helyez\u00e9s\u00e9vel cs\u00f6kkenthet\u0151 a feleslegesen sz\u00e1ll\u00edtott \u00e9lelmiszer mennyis\u00e9ge is\u201d \u2013 mondta el a fiatal kutat\u00f3.<\/p>\n<div class=\"ads-in-post1\"><div id=\"gazdasagportal.hu_fullbanner_wideboard\"><\/div>\r\n<\/div>\n&nbsp;<\/p>\n<p>&nbsp;<\/p>\n<p><strong>a K&amp;H a fenntarthat\u00f3 agr\u00e1rium\u00e9rt \u00f6szt\u00f6nd\u00edjp\u00e1ly\u00e1zatr\u00f3l<\/strong><\/p>\n<p>Az elm\u00falt hat \u00e9vben \u00f6sszesen 18 fels\u0151oktat\u00e1si int\u00e9zm\u00e9ny 303 tehets\u00e9ges di\u00e1kja ny\u00fajtotta be sz\u00ednvonalas szakmai p\u00e1lyamunk\u00e1j\u00e1t a K&amp;H a fenntarthat\u00f3 agr\u00e1rium\u00e9rt \u00f6szt\u00f6nd\u00edjp\u00e1ly\u00e1zatra, akik k\u00f6z\u00fcl 45-en kaptak \u00f6sszesen 6,8 milli\u00f3 forint t\u00e1mogat\u00e1st tanulm\u00e1nyuk \u00e9s kutat\u00f3munk\u00e1juk folytat\u00e1s\u00e1hoz.<\/p>\n<p>&nbsp;<\/p>\n<p><strong>\u00a0<\/strong><\/p>\n<p><strong>A K&amp;H Csoport<\/strong><\/p>\n<p>&nbsp;<\/p>\n<p>Az orsz\u00e1g egyik vezet\u0151 \u00e9s orsz\u00e1gosan k\u00f6zel 4000 munkat\u00e1rsat foglalkoztat\u00f3 p\u00e9nzint\u00e9zetek\u00e9nt a K&amp;H c\u00e9lja, hogy \u00fcgyfelei ig\u00e9nyeit mindenkor magas szinten el\u00e9g\u00edtse ki, \u00e9s a lehet\u0151 legteljesebb term\u00e9kpalett\u00e1t ny\u00fajtsa sz\u00e1mukra. A K&amp;H orsz\u00e1gszerte 208 lakoss\u00e1gi fi\u00f3kot m\u0171k\u00f6dtet, \u00e9s csoportszinten t\u00f6bb mint m\u00e1sf\u00e9lmilli\u00f3 \u00fcgyf\u00e9lnek k\u00edn\u00e1l p\u00e9nz\u00fcgyi szolg\u00e1ltat\u00e1sokat. A magyar gazdas\u00e1g m\u0171k\u00f6d\u00e9s\u00e9t t\u00f6bb mint 2500 milli\u00e1rd forintnyi kihelyezett hitel- \u00e9s hiteljelleg\u0171 \u00e1llom\u00e1nnyal seg\u00edti h\u00e1ztart\u00e1sok, kisv\u00e1llalkoz\u00e1sok, v\u00e1llalatok \u00e9s \u00f6nkorm\u00e1nyzatok finansz\u00edroz\u00e1s\u00e1n kereszt\u00fcl. A c\u00e9gcsoport teljes tev\u00e9kenys\u00e9ge hozz\u00e1vet\u0151legesen 4000 magyar besz\u00e1ll\u00edt\u00f3nak \u00e9s mintegy 700 banki \u00e9s biztos\u00edt\u00e1si \u00fcgyn\u00f6knek biztos\u00edt megrendel\u00e9seket \u00e9s folyamatos tev\u00e9kenys\u00e9get.<\/p>\n<p>&nbsp;<\/p>\n<p><strong>\u00a0<\/strong><\/p>\n<p>&nbsp;<\/p>\n<p>&nbsp;<\/p>\n<p><strong>K&amp;H Bank<\/strong><\/p>\n<p><strong>\u00a0<\/strong><\/p>\n<p><u>2020 els\u0151 negyed\u00e9v\u00e9nek v\u00e9g\u00e9n:<\/u><\/p>\n<p>&nbsp;<\/p>\n<p>saj\u00e1t t\u0151ke (IFRS konszolid\u00e1lt, nem audit\u00e1lt): <strong>\u00a0362 milli\u00e1rd forint<\/strong><\/p>\n<p>m\u00e9rlegf\u0151\u00f6sszeg: (IFRS konszolid\u00e1lt, nem audit\u00e1lt): <strong>\u00a03667 milli\u00e1rd forint<\/strong><\/p>\n<p>ad\u00f3z\u00e1s ut\u00e1ni eredm\u00e9ny (IFRS konszolid\u00e1lt, nem audit\u00e1lt): <strong>\u00a06,5 milli\u00e1rd forint <\/strong><\/p>\n<p>&nbsp;<\/p>\n<p><strong>\u00a0<\/strong><\/p>\n<p><strong>K&amp;H Biztos\u00edt\u00f3<\/strong><\/p>\n<p><strong>\u00a0<\/strong><\/p>\n<p><u>2020 els\u0151 negyed\u00e9v\u00e9nek v\u00e9g\u00e9n:<\/u><\/p>\n<p>&nbsp;<\/p>\n<p>saj\u00e1t t\u0151ke (IFRS konszolid\u00e1lt, nem audit\u00e1lt): <strong>\u00a018,9 milli\u00e1rd forint<\/strong><\/p>\n<p>m\u00e9rlegf\u0151\u00f6sszeg (IFRS konszolid\u00e1lt, nem audit\u00e1lt): <strong>180,8<\/strong> <strong>\u00a0milli\u00e1rd forint<\/strong><\/p>\n<p>biztos\u00edt\u00e1stechnikai eredm\u00e9ny (IFRS konszolid\u00e1lt, nem audit\u00e1lt): <strong>\u00a02,7 milli\u00e1rd forint<\/strong><\/p>\n<p>ad\u00f3z\u00e1s ut\u00e1ni eredm\u00e9ny (IFRS konszolid\u00e1lt, nem audit\u00e1lt<strong>): 2,5\u00a0 milli\u00e1rd forint<\/strong><\/p>\n","protected":false},"excerpt":{"rendered":"<p>A mez\u0151gazdas\u00e1gban komoly kih\u00edv\u00e1st jelent az \u00e9ghajlatv\u00e1ltoz\u00e1s, amelynek el\u0151id\u00e9z\u0151i k\u00f6z\u00f6tt szerepet j\u00e1tszik az \u00e1rusz\u00e1ll\u00edt\u00e1s is. K\u00f6rnyezet\u00fcnk v\u00e9delm\u00e9\u00e9rt \u00edgy az \u00e9lelmiszertranszport visszaszor\u00edt\u00e1s\u00e1val \u00e9s a helyi termel\u00e9s el\u0151seg\u00edt\u00e9s\u00e9vel is sokat tehet\u00fcnk\u2013 mutat r\u00e1 p\u00e1lyamunk\u00e1j\u00e1ban Huber Anita, a K&amp;H a fenntarthat\u00f3 agr\u00e1rium\u00e9rt \u00f6szt\u00f6nd\u00edjp\u00e1ly\u00e1zat egyik d\u00edjazottja. A fiatal agr\u00e1rhallgat\u00f3 kiemeli, hogy ezt a folyamatot a hazai termel\u0151k t\u00e1mogat\u00e1s\u00e1val, a &#8230;<\/p>\n","protected":false},"author":1001006,"featured_media":0,"comment_status":"closed","ping_status":"open","sticky":false,"template":"","format":"standard","meta":[],"categories":[19],"tags":[],"_links":{"self":[{"href":"https:\/\/gazdasagportal.hu\/index.php\/wp-json\/wp\/v2\/posts\/128455"}],"collection":[{"href":"https:\/\/gazdasagportal.hu\/index.php\/wp-json\/wp\/v2\/posts"}],"about":[{"href":"https:\/\/gazdasagportal.hu\/index.php\/wp-json\/wp\/v2\/types\/post"}],"author":[{"embeddable":true,"href":"https:\/\/gazdasagportal.hu\/index.php\/wp-json\/wp\/v2\/users\/1001006"}],"replies":[{"embeddable":true,"href":"https:\/\/gazdasagportal.hu\/index.php\/wp-json\/wp\/v2\/comments?post=128455"}],"version-history":[{"count":1,"href":"https:\/\/gazdasagportal.hu\/index.php\/wp-json\/wp\/v2\/posts\/128455\/revisions"}],"predecessor-version":[{"id":128456,"href":"https:\/\/gazdasagportal.hu\/index.php\/wp-json\/wp\/v2\/posts\/128455\/revisions\/128456"}],"wp:attachment":[{"href":"https:\/\/gazdasagportal.hu\/index.php\/wp-json\/wp\/v2\/media?parent=128455"}],"wp:term":[{"taxonomy":"category","embeddable":true,"href":"https:\/\/gazdasagportal.hu\/index.php\/wp-json\/wp\/v2\/categories?post=128455"},{"taxonomy":"post_tag","embeddable":true,"href":"https:\/\/gazdasagportal.hu\/index.php\/wp-json\/wp\/v2\/tags?post=128455"}],"curies":[{"name":"wp","href":"https:\/\/api.w.org\/{rel}","templated":true}]}}