{"id":128444,"date":"2020-07-31T17:08:10","date_gmt":"2020-07-31T15:08:10","guid":{"rendered":"http:\/\/gazdasagportal.hu\/?p=128444"},"modified":"2020-07-31T17:08:10","modified_gmt":"2020-07-31T15:08:10","slug":"bajkai-istvan-romania-nem-teljesiti-a-jogallami-kriteriumokat","status":"publish","type":"post","link":"https:\/\/gazdasagportal.hu\/index.php\/bajkai-istvan-romania-nem-teljesiti-a-jogallami-kriteriumokat\/","title":{"rendered":"Bajkai Istv\u00e1n: Rom\u00e1nia nem teljes\u00edti a jog\u00e1llami krit\u00e9riumokat"},"content":{"rendered":"<p><strong>A terrorizmus v\u00e1dj\u00e1val el\u00edt\u00e9lt sz\u00e9kelyf\u00f6ldi Beke Istv\u00e1n \u00e9s Sz\u0151cs Zolt\u00e1n \u00fcgye azt mutatja, hogy Rom\u00e1nia nem teljes\u00edti a jog\u00e1llami krit\u00e9riumokat &#8211; mondta Bajkai Istv\u00e1n, a Fidesz orsz\u00e1ggy\u0171l\u00e9si k\u00e9pvisel\u0151je p\u00e9nteki sajt\u00f3t\u00e1j\u00e9koztat\u00f3j\u00e1n, Budapesten.<\/strong><!--more--><\/p>\n<div class=\"ads-in-post1\"><div id=\"gazdasagportal.hu_fullbanner_wideboard\"><\/div>\r\n<\/div>\n<p>    Az Orsz\u00e1ggy\u0171l\u00e9s t\u00f6rv\u00e9nyalkot\u00e1si bizotts\u00e1g\u00e1nak aleln\u00f6ke \u00fagy \u00e9rt\u00e9kelte: a k\u00e9t fiatalt \u00e1rtatlanul, mondvacsin\u00e1lt, nevets\u00e9ges bizony\u00edt\u00e9kok alapj\u00e1n, az 1950-es \u00e9vekbeli koncepci\u00f3s perekhez hasonl\u00f3 m\u00f3don \u00edt\u00e9lt\u00e9k el, a &#8222;legs\u00f6t\u00e9tebb diktat\u00far\u00e1kra jellemz\u0151&#8221; m\u00f3don.<br \/>\n    Hangs\u00falyozta: az \u00fcgy bizony\u00edtja, hogy Rom\u00e1ni\u00e1ban a jog\u00e1llamis\u00e1g s\u00falyosan s\u00e9r\u00fcl, hiszen ez nem jogi t\u00e9ved\u00e9s, hanem koncepci\u00f3s per volt, amelynek az volt c\u00e9lja, hogy a k\u00e9t fiatalember el\u00edt\u00e9l\u00e9s\u00e9n kereszt\u00fcl &#8222;a teljes erd\u00e9lyi magyars\u00e1got megf\u00e9leml\u00edts\u00e9k&#8221;.<br \/>\n    Az \u00fcgy \u00fczenete, hogy aki a magyars\u00e1g\u00e1\u00e9rt, az auton\u00f3mi\u00e1\u00e9rt ki\u00e1ll \u00e9s kult\u00far\u00e1j\u00e1t \u00e1polni szeretn\u00e9, az retorzi\u00f3ra sz\u00e1m\u00edthat &#8211; k\u00f6z\u00f6lte Bajkai Istv\u00e1n.<br \/>\n    Elfogadhatatlannak nevezte, hogy mik\u00f6zben Magyarorsz\u00e1ggal szemben a 7-es cikkely szerinti elj\u00e1r\u00e1s folyik a jog\u00e1llamis\u00e1g s\u00e9relm\u00e9nek v\u00e1dj\u00e1val, addig a teljes k\u00fclhoni magyars\u00e1got minden nap jogs\u00e9rt\u00e9sek ezrei \u00e9rik.<br \/>\n<div class=\"ads-in-post2\"><script async src=\"https:\/\/pagead2.googlesyndication.com\/pagead\/js\/adsbygoogle.js\"><\/script>\r\n<ins class=\"adsbygoogle\"\r\n     style=\"display:block\"\r\n     data-ad-format=\"fluid\"\r\n     data-ad-layout-key=\"-6t+ed+2i-1n-4w\"\r\n     data-ad-client=\"ca-pub-1959107119989764\"\r\n     data-ad-slot=\"4008251320\"><\/ins>\r\n<script>\r\n     (adsbygoogle = window.adsbygoogle || []).push({});\r\n<\/script><\/div>\n    T\u00edz \u00e9v is kev\u00e9s lenne &#8222;a br\u00fcsszeli munkat\u00e1rsaknak&#8221;, hogy Rom\u00e1ni\u00e1ban a magyars\u00e1ggal szembeni jogs\u00e9rt\u00e9seket felder\u00edts\u00e9k &#8211; fogalmazott.<br \/>\n    Bajkai Istv\u00e1n \u00fcdv\u00f6z\u00f6lte, hogy Sz\u0151cs Zolt\u00e1n eset\u00e9ben a k\u00f6zelm\u00faltban kedvez\u0151 d\u00f6nt\u00e9s sz\u00fcletett &#8211; felt\u00e9teles szabadl\u00e1bra helyez\u00e9s\u00e9r\u0151l d\u00f6nt\u00f6tt szerd\u00e1n, els\u0151 fokon a brass\u00f3i b\u00edr\u00f3s\u00e1g -, de arra figyelmeztetett: ez a d\u00f6nt\u00e9s m\u00e9g nem joger\u0151s, a rom\u00e1n \u00fcgy\u00e9szs\u00e9g m\u00e9g jogorvoslatot ny\u00fajthat be.<br \/>\n    A fideszes k\u00e9pvisel\u0151 azt k\u00e9rte a d\u00f6nt\u00e9st hoz\u00f3 rom\u00e1n szervekt\u0151l, hogy az ugyanazon t\u00e9ny\u00e1ll\u00e1s alapj\u00e1n el\u00edt\u00e9lt Beke Istv\u00e1nt is helyezz\u00e9k szabadl\u00e1bra.<br \/>\n    Lomnici Zolt\u00e1n, az Emberi M\u00e9lt\u00f3s\u00e1g Tan\u00e1cs\u00e1nak eln\u00f6ke azt emelte ki, hogy az \u00fcgy nemcsak az erd\u00e9lyi magyars\u00e1got, hanem az eg\u00e9sz magyar nemzetet foglalkoztatja. Hangs\u00falyozta: \u00e1ltal\u00e1noss\u00e1gban, de k\u00fcl\u00f6n\u00f6sen Rom\u00e1ni\u00e1ra igaz, hogy a kisebbs\u00e9gbe szorult magyars\u00e1g jogv\u00e9delme nem megoldott, \u00e9s ebben a k\u00fczdelemben az Eur\u00f3pai Uni\u00f3 semmilyen hat\u00e9kony seg\u00edts\u00e9get nem ny\u00fajt.<br \/>\n<div class=\"ads-in-post1\"><div id=\"gazdasagportal.hu_fullbanner_wideboard\"><\/div>\r\n<\/div>\n    Beke Istv\u00e1nt \u00e9s Sz\u0151cs Zolt\u00e1nt 2018. j\u00falius 4-\u00e9n \u00edt\u00e9lte 5-5 \u00e9v let\u00f6ltend\u0151 b\u00f6rt\u00f6nb\u00fcntet\u00e9sre a bukaresti legfels\u0151bb b\u00edr\u00f3s\u00e1g, terrorista cselekm\u00e9nyek, illetve ezekre val\u00f3 felbujt\u00e1s miatt. A Hatvann\u00e9gy V\u00e1rmegye Ifj\u00fas\u00e1gi Mozgalom (HVIM) k\u00e9zdiv\u00e1s\u00e1rhelyi \u00e9s erd\u00e9lyi eln\u00f6k\u00e9t a rom\u00e1niai szervezett b\u0171n\u00f6z\u00e9s \u00e9s terrorizmus elleni \u00fcgy\u00e9szs\u00e9g \u00e1ll\u00edtotta b\u00edr\u00f3s\u00e1g el\u00e9, mert lehallgatott besz\u00e9lget\u00e9seikb\u0151l \u00e9s a Beke Istv\u00e1n lak\u00e1s\u00e1n tal\u00e1lt pet\u00e1rd\u00e1kb\u00f3l a rom\u00e1n hat\u00f3s\u00e1gok arra k\u00f6vetkeztettek, hogy h\u00e1zi k\u00e9sz\u00edt\u00e9s\u0171 bomb\u00e1t akartak robbantani K\u00e9zdiv\u00e1s\u00e1rhely f\u0151ter\u00e9n 2015-ben, a december elsejei rom\u00e1n nemzeti \u00fcnnepre szervezett katonai par\u00e1d\u00e9n.<br \/>\n    Az els\u0151 fokon elj\u00e1r\u00f3 bukaresti t\u00e1blab\u00edr\u00f3s\u00e1g m\u00e9g megalapozatlannak tartotta a v\u00e1dak nagyobb r\u00e9sz\u00e9t, \u00e9s csak 11, illetve 10 h\u00f3nap b\u00f6rt\u00f6nb\u00fcntet\u00e9st r\u00f3tt ki r\u00e1juk, annyi id\u0151t, amennyit m\u00e1r kor\u00e1bban vizsg\u00e1lati fogs\u00e1gban t\u00f6lt\u00f6ttek.(MTI)<\/p>\n","protected":false},"excerpt":{"rendered":"<p>A terrorizmus v\u00e1dj\u00e1val el\u00edt\u00e9lt sz\u00e9kelyf\u00f6ldi Beke Istv\u00e1n \u00e9s Sz\u0151cs Zolt\u00e1n \u00fcgye azt mutatja, hogy Rom\u00e1nia nem teljes\u00edti a jog\u00e1llami krit\u00e9riumokat &#8211; mondta Bajkai Istv\u00e1n, a Fidesz orsz\u00e1ggy\u0171l\u00e9si k\u00e9pvisel\u0151je p\u00e9nteki sajt\u00f3t\u00e1j\u00e9koztat\u00f3j\u00e1n, Budapesten.<\/p>\n","protected":false},"author":1001006,"featured_media":0,"comment_status":"closed","ping_status":"open","sticky":false,"template":"","format":"standard","meta":[],"categories":[18],"tags":[],"_links":{"self":[{"href":"https:\/\/gazdasagportal.hu\/index.php\/wp-json\/wp\/v2\/posts\/128444"}],"collection":[{"href":"https:\/\/gazdasagportal.hu\/index.php\/wp-json\/wp\/v2\/posts"}],"about":[{"href":"https:\/\/gazdasagportal.hu\/index.php\/wp-json\/wp\/v2\/types\/post"}],"author":[{"embeddable":true,"href":"https:\/\/gazdasagportal.hu\/index.php\/wp-json\/wp\/v2\/users\/1001006"}],"replies":[{"embeddable":true,"href":"https:\/\/gazdasagportal.hu\/index.php\/wp-json\/wp\/v2\/comments?post=128444"}],"version-history":[{"count":1,"href":"https:\/\/gazdasagportal.hu\/index.php\/wp-json\/wp\/v2\/posts\/128444\/revisions"}],"predecessor-version":[{"id":128445,"href":"https:\/\/gazdasagportal.hu\/index.php\/wp-json\/wp\/v2\/posts\/128444\/revisions\/128445"}],"wp:attachment":[{"href":"https:\/\/gazdasagportal.hu\/index.php\/wp-json\/wp\/v2\/media?parent=128444"}],"wp:term":[{"taxonomy":"category","embeddable":true,"href":"https:\/\/gazdasagportal.hu\/index.php\/wp-json\/wp\/v2\/categories?post=128444"},{"taxonomy":"post_tag","embeddable":true,"href":"https:\/\/gazdasagportal.hu\/index.php\/wp-json\/wp\/v2\/tags?post=128444"}],"curies":[{"name":"wp","href":"https:\/\/api.w.org\/{rel}","templated":true}]}}