{"id":128440,"date":"2020-07-31T15:19:53","date_gmt":"2020-07-31T13:19:53","guid":{"rendered":"http:\/\/gazdasagportal.hu\/?p=128440"},"modified":"2020-07-31T15:19:53","modified_gmt":"2020-07-31T13:19:53","slug":"autowallis-piaci-atlag-felett-teljesitett-az-ujgepjarmu-ertekesites-az-elso-felevben","status":"publish","type":"post","link":"https:\/\/gazdasagportal.hu\/index.php\/autowallis-piaci-atlag-felett-teljesitett-az-ujgepjarmu-ertekesites-az-elso-felevben\/","title":{"rendered":"AutoWallis: Piaci \u00e1tlag felett teljes\u00edtett az \u00fajg\u00e9pj\u00e1rm\u0171-\u00e9rt\u00e9kes\u00edt\u00e9s az els\u0151 f\u00e9l\u00e9vben"},"content":{"rendered":"<p><strong>A koronav\u00edrus-j\u00e1rv\u00e1ny hat\u00e1s\u00e1ra jelent\u0151sen roml\u00f3 k\u00fcls\u0151 k\u00f6rnyezet ellen\u00e9re j\u00f3val a piaci \u00e1tlag felett teljes\u00edtett az AutoWallis \u00fajg\u00e9pj\u00e1rm\u0171-\u00e9rt\u00e9kes\u00edt\u00e9se az els\u0151 f\u00e9l\u00e9vben: mik\u00f6zben Magyarorsz\u00e1gon \u00e1tlagosan 25 sz\u00e1zal\u00e9kkal, addig az AutoWallisn\u00e1l mind\u00f6ssze 5,6 sz\u00e1zal\u00e9kkal cs\u00f6kkentek a hazai elad\u00e1sok. A magyar t\u0151zsde aut\u00f3s v\u00e1llalat\u00e1nak nemzetk\u00f6zi \u00e9rt\u00e9kes\u00edt\u00e9se ugyanakkor 15,6 sz\u00e1zal\u00e9kkal b\u0151v\u00fclt, \u00edgy \u00f6sszess\u00e9g\u00e9ben 2,8 sz\u00e1zal\u00e9kkal n\u00f6vekedtek az \u00fajg\u00e9pj\u00e1rm\u0171-elad\u00e1sok.<\/strong><!--more--><\/p>\n<div class=\"ads-in-post1\"><div id=\"gazdasagportal.hu_fullbanner_wideboard\"><\/div>\r\n<\/div>\n<p>A koronav\u00edrus-j\u00e1rv\u00e1ny kedvez\u0151tlen gazdas\u00e1gi hat\u00e1sai ellen\u00e9re a piaci \u00e1tlagot meghalad\u00f3 teljes\u00edtm\u00e9nyt ny\u00fajtott az AutoWallis \u00fajg\u00e9pj\u00e1rm\u0171-\u00e9rt\u00e9kes\u00edt\u00e9se. A csoport <strong>Nemzetk\u00f6zi disztrib\u00faci\u00f3s \u00fczlet\u00e1ga<\/strong> \u2013 r\u00e9szben a b\u0151v\u00fcl\u0151 piacok, valamint modellportfoli\u00f3, mindenekel\u0151tt a Ssangyong \u00e9s az \u00faj Land Rover Defender hat\u00e1s\u00e1ra \u2013 a tavalyival \u00f6sszehasonl\u00edtva 15,6 sz\u00e1zal\u00e9kkal, 1.244 darabra n\u00f6velte az \u00faj aut\u00f3k elad\u00e1sait az \u00e9v els\u0151 hat h\u00f3napj\u00e1ban. A <strong>Belf\u00f6ldi disztrib\u00faci\u00f3s \u00fczlet\u00e1g<\/strong> \u00fajg\u00e9pj\u00e1rm\u0171-\u00e9rt\u00e9kes\u00edt\u00e9se 5,6 sz\u00e1zal\u00e9kkal 1.547 darabra cs\u00f6kkent, ami l\u00e9nyegesen jobb teljes\u00edtm\u00e9ny a magyar piac 24,75 sz\u00e1zal\u00e9kos zsugorod\u00e1s\u00e1hoz k\u00e9pest (forr\u00e1s: DataHouse). <strong>Ormosy G\u00e1bor, az AutoWallis vez\u00e9rigazgat\u00f3ja az els\u0151 f\u00e9l\u00e9ves \u00e9rt\u00e9kes\u00edt\u00e9si adatok kapcs\u00e1n elmondta: <\/strong>a piaci \u00e1tlagn\u00e1l kisebb visszaes\u00e9shez az is hozz\u00e1j\u00e1rult, hogy az AutoWallis jelenleg m\u00e9g ink\u00e1bb a pr\u00e9mium szegmensben van jelen, mely a relev\u00e1ns r\u00e9gi\u00f3 legt\u00f6bb piac\u00e1n kedvez\u0151en teljes\u00edtett. Az <strong>Aut\u00f3ipari szolg\u00e1ltat\u00f3i \u00fczlet\u00e1gban <\/strong>er\u0151sebben \u00e9rz\u0151dtek a koronav\u00edrus-j\u00e1rv\u00e1ny terjed\u00e9s\u00e9nek megakad\u00e1lyoz\u00e1sa \u00e9rdek\u00e9ben hozott korl\u00e1toz\u00f3 korm\u00e1nyzati int\u00e9zked\u00e9sek negat\u00edv gazdas\u00e1gi hat\u00e1sai. Egyr\u00e9szt az els\u0151 f\u00e9l\u00e9vben a kij\u00e1r\u00e1si korl\u00e1toz\u00e1sok miatt cs\u00f6kkent a szervizszolg\u00e1ltat\u00e1sok ig\u00e9nybev\u00e9tele, m\u00e1sr\u00e9szt a turizmus \u00e9s \u00fczleti c\u00e9l\u00fa utaz\u00e1s hirtelen, jelent\u0151s, \u00e9s rem\u00e9lhet\u0151leg \u00e1tmeneti visszaes\u00e9se jelent\u0151sen cs\u00f6kkentette a g\u00e9pj\u00e1rm\u0171k\u00f6lcs\u00f6nz\u00e9s teljes\u00edtm\u00e9ny\u00e9t, amit csak r\u00e9szben tudott ellens\u00falyozni a b\u00e9rbeadhat\u00f3 flotta alternat\u00edv hasznos\u00edt\u00e1sa (p\u00e9ld\u00e1ul fut\u00e1rszolg\u00e1ltat\u00e1sok). Mindezek alapj\u00e1n a szerviz\u00f3r\u00e1k sz\u00e1ma 5,4 sz\u00e1zal\u00e9kkal 23.772-re, a g\u00e9pj\u00e1rm\u0171k\u00f6lcs\u00f6nz\u00e9s kapcs\u00e1n kalkul\u00e1lt flottam\u00e9ret 12 sz\u00e1zal\u00e9kkal 438-ra, a b\u00e9rleti esem\u00e9nyek sz\u00e1ma 61,2 sz\u00e1zal\u00e9kkal 4.352-re cs\u00f6kkent.<\/p>\n<div class=\"ads-in-post1\"><div id=\"gazdasagportal.hu_fullbanner_wideboard\"><\/div>\r\n<\/div>\n<strong>Az AutoWallis vez\u00e9rigazgat\u00f3ja az els\u0151 f\u00e9l\u00e9ves \u00e9rt\u00e9kes\u00edt\u00e9si adatok alapj\u00e1n elmondta, hogy abban \u00e9rz\u0151dtek ugyan a kedvez\u0151tlen hat\u00e1sok, azonban a t\u00e1rsas\u00e1g minden ter\u00fcleten a piaci \u00e1tlag felett teljes\u00edtett.<\/strong> A v\u00e1llalat azzal sz\u00e1mol, hogy nem lesznek a tavaszihoz hasonl\u00f3 nagys\u00e1grend\u0171 \u00fajabb korl\u00e1toz\u00f3 int\u00e9zked\u00e9sek, \u00edgy a v\u00e1s\u00e1rl\u00f3i aktivit\u00e1s \u00fctemesen visszat\u00e9r a megszokott szint k\u00f6zel\u00e9be. A t\u00e1rsas\u00e1g menedzsmentje az els\u0151 f\u00e9l\u00e9vben \u00f6t jelent\u0151s \u00fczletfejleszt\u00e9ssel itthon \u00e9s k\u00fclf\u00f6ld\u00f6n is terjeszkedik, \u00edgy tov\u00e1bb halad a tavaly meghirdetett strat\u00e9gi\u00e1ja ment\u00e9n, melyben azzal sz\u00e1mol, hogy 2029-re a k\u00f6z\u00e9p-kelet-eur\u00f3pai r\u00e9gi\u00f3 meghat\u00e1roz\u00f3 mobilit\u00e1si szolg\u00e1ltat\u00f3ja lesz.<\/p>\n<p><strong>\u00a0<\/strong><\/p>\n<p><strong>Az AutoWallis Nyrt.<\/strong><\/p><div id=\"gazda-323862396\" class=\"gazda-tartalomban gazda-entity-placement\"><script async src=\"https:\/\/pagead2.googlesyndication.com\/pagead\/js\/adsbygoogle.js\"><\/script>\r\n<ins class=\"adsbygoogle\"\r\n     style=\"display:block\"\r\n     data-ad-format=\"fluid\"\r\n     data-ad-layout-key=\"-6t+ed+2i-1n-4w\"\r\n     data-ad-client=\"ca-pub-1959107119989764\"\r\n     data-ad-slot=\"4008251320\"><\/ins>\r\n<script>\r\n     (adsbygoogle = window.adsbygoogle || []).push({});\r\n<\/script><\/div>\n<p>A Budapesti \u00c9rt\u00e9kt\u0151zsde Pr\u00e9mium kateg\u00f3ri\u00e1j\u00e1ban, valamint a BUX \u00e9s BUMIX indexekben jegyzett AutoWallis Nyrt. c\u00e9lja, hogy 2029-re a k\u00f6z\u00e9p-kelet-eur\u00f3pai r\u00e9gi\u00f3 meghat\u00e1roz\u00f3 mobilit\u00e1si szolg\u00e1ltat\u00f3ja legyen. A v\u00e1llalat 2018-as, nemzetk\u00f6zi p\u00e9nz\u00fcgyi besz\u00e1mol\u00e1si standardok (IFRS) alapj\u00e1n sz\u00e1m\u00edtott konszolid\u00e1lt 65,5 milli\u00e1rdos \u00e1rbev\u00e9tel\u00e9nek dupl\u00e1z\u00e1s\u00e1t tervezi 2024-re, melyet el\u0151sorban organikus \u00faton akar el\u00e9rni. A v\u00e1llalat c\u00e9lja emellett, hogy az aut\u00f3ipari befektet\u00e9sekre f\u00f3kusz\u00e1l\u00f3 befektet\u00e9si portf\u00f3li\u00f3j\u00e1nak folyamatos, akviz\u00edci\u00f3s \u00faton t\u00f6rt\u00e9n\u0151 sz\u00e9les\u00edt\u00e9s\u00e9vel klasszikus, konzervat\u00edv \u00fczletpolitik\u00e1t k\u00e9pvisel\u0151 vagyonkezel\u0151k\u00e9nt m\u0171k\u00f6dj\u00f6n. Az AutoWallis csoport a k\u00f6z\u00e9p-kelet-eur\u00f3pai r\u00e9gi\u00f3 14 orsz\u00e1g\u00e1ban (Alb\u00e1nia, Bosznia-Hercegovina, Csehorsz\u00e1g, Bulg\u00e1ria, Horv\u00e1torsz\u00e1g, Koszov\u00f3, Lengyelorsz\u00e1g, Rom\u00e1nia, Szerbia, Szlov\u00e1kia, Szlov\u00e9nia, \u00c9szak-Maced\u00f3nia, Magyarorsz\u00e1g, Montenegr\u00f3) g\u00e9pj\u00e1rm\u0171- \u00e9s alkatr\u00e9sz kis- \u00e9s nagykereskedelemmel, szerviz szolg\u00e1ltat\u00e1sokkal, r\u00f6vid- \u00e9s hossz\u00fa t\u00e1v\u00fa g\u00e9pj\u00e1rm\u0171-k\u00f6lcs\u00f6nz\u00e9ssel van jelen. A csoport tagjai k\u00f6z\u00e9 tartozik a Wallis Automotive Europe, a Wallis British Motors, a Wallis Motor Pest, a Wallis Motor Duna, a Wallis Kerepesi, a Wallis Aut\u00f3k\u00f6lcs\u00f6nz\u0151, valamint az Inici\u00e1l Aut\u00f3h\u00e1z. A csoport \u00e1ltal k\u00e9pviselt m\u00e1rk\u00e1k k\u00f6z\u00e9 tartoznak a BMW szem\u00e9lyaut\u00f3k \u00e9s motorker\u00e9kp\u00e1rok, a Citro\u00ebn, a Dacia, az Isuzu, a Jaguar, a Land Rover, a Maserati, a MINI, a Nissan, az Opel, a Peugeot, a Renault, a Ssangyong, a Suzuki, a Toyota, a Saab alkatr\u00e9szek ut\u00e1np\u00f3tl\u00e1sa \u00e9s a Sixt rent-a-car. <a href=\"http:\/\/www.autowallis.hu\" target=\"_blank\" rel=\"noopener\">www.autowallis.hu<\/a><\/p>\n","protected":false},"excerpt":{"rendered":"<p>A koronav\u00edrus-j\u00e1rv\u00e1ny hat\u00e1s\u00e1ra jelent\u0151sen roml\u00f3 k\u00fcls\u0151 k\u00f6rnyezet ellen\u00e9re j\u00f3val a piaci \u00e1tlag felett teljes\u00edtett az AutoWallis \u00fajg\u00e9pj\u00e1rm\u0171-\u00e9rt\u00e9kes\u00edt\u00e9se az els\u0151 f\u00e9l\u00e9vben: mik\u00f6zben Magyarorsz\u00e1gon \u00e1tlagosan 25 sz\u00e1zal\u00e9kkal, addig az AutoWallisn\u00e1l mind\u00f6ssze 5,6 sz\u00e1zal\u00e9kkal cs\u00f6kkentek a hazai elad\u00e1sok. A magyar t\u0151zsde aut\u00f3s v\u00e1llalat\u00e1nak nemzetk\u00f6zi \u00e9rt\u00e9kes\u00edt\u00e9se ugyanakkor 15,6 sz\u00e1zal\u00e9kkal b\u0151v\u00fclt, \u00edgy \u00f6sszess\u00e9g\u00e9ben 2,8 sz\u00e1zal\u00e9kkal n\u00f6vekedtek az \u00fajg\u00e9pj\u00e1rm\u0171-elad\u00e1sok.<\/p>\n","protected":false},"author":1001006,"featured_media":0,"comment_status":"closed","ping_status":"open","sticky":false,"template":"","format":"standard","meta":[],"categories":[7],"tags":[],"_links":{"self":[{"href":"https:\/\/gazdasagportal.hu\/index.php\/wp-json\/wp\/v2\/posts\/128440"}],"collection":[{"href":"https:\/\/gazdasagportal.hu\/index.php\/wp-json\/wp\/v2\/posts"}],"about":[{"href":"https:\/\/gazdasagportal.hu\/index.php\/wp-json\/wp\/v2\/types\/post"}],"author":[{"embeddable":true,"href":"https:\/\/gazdasagportal.hu\/index.php\/wp-json\/wp\/v2\/users\/1001006"}],"replies":[{"embeddable":true,"href":"https:\/\/gazdasagportal.hu\/index.php\/wp-json\/wp\/v2\/comments?post=128440"}],"version-history":[{"count":1,"href":"https:\/\/gazdasagportal.hu\/index.php\/wp-json\/wp\/v2\/posts\/128440\/revisions"}],"predecessor-version":[{"id":128441,"href":"https:\/\/gazdasagportal.hu\/index.php\/wp-json\/wp\/v2\/posts\/128440\/revisions\/128441"}],"wp:attachment":[{"href":"https:\/\/gazdasagportal.hu\/index.php\/wp-json\/wp\/v2\/media?parent=128440"}],"wp:term":[{"taxonomy":"category","embeddable":true,"href":"https:\/\/gazdasagportal.hu\/index.php\/wp-json\/wp\/v2\/categories?post=128440"},{"taxonomy":"post_tag","embeddable":true,"href":"https:\/\/gazdasagportal.hu\/index.php\/wp-json\/wp\/v2\/tags?post=128440"}],"curies":[{"name":"wp","href":"https:\/\/api.w.org\/{rel}","templated":true}]}}