{"id":128438,"date":"2020-07-31T14:31:24","date_gmt":"2020-07-31T12:31:24","guid":{"rendered":"http:\/\/gazdasagportal.hu\/?p=128438"},"modified":"2020-07-31T14:31:24","modified_gmt":"2020-07-31T12:31:24","slug":"romaniaban-meghaladta-az-otvenezret-az-azonositott-fertozottek-szama","status":"publish","type":"post","link":"https:\/\/gazdasagportal.hu\/index.php\/romaniaban-meghaladta-az-otvenezret-az-azonositott-fertozottek-szama\/","title":{"rendered":"Rom\u00e1ni\u00e1ban meghaladta az \u00f6tvenezret az azonos\u00edtott fert\u0151z\u00f6ttek sz\u00e1ma"},"content":{"rendered":"<p><strong>Rom\u00e1ni\u00e1ban \u00fajabb csaknem 1300 embern\u00e9l mutatt\u00e1k ki az ut\u00f3bbi egy napban a koronav\u00edrust, ezzel meghaladta az \u00f6tvenezret a j\u00e1rv\u00e1ny kezdete \u00f3ta azonos\u00edtott fert\u0151z\u00f6ttek sz\u00e1ma.<\/strong><!--more--><\/p>\n<div class=\"ads-in-post1\"><div id=\"gazdasagportal.hu_fullbanner_wideboard\"><\/div>\r\n<\/div>\n<p>    A strat\u00e9giai kommunik\u00e1ci\u00f3s t\u00f6rzs p\u00e9nteki jelent\u00e9se szerint az \u00fajabb 1295 fert\u0151z\u00f6ttet diagnosztiz\u00e1ltak \u00e9s minden kor\u00e1bbin\u00e1l t\u00f6bb, 39 koronav\u00edrusos beteg vesztette \u00e9let\u00e9t. Ezzel 2343-ra emelkedett a j\u00e1rv\u00e1ny rom\u00e1niai \u00e1ldozatainak sz\u00e1ma, a nyilv\u00e1ntartott akt\u00edv fert\u0151z\u00f6ttek\u00e9 pedig m\u00e1r meghaladta a 21 500-at. K\u00f6z\u00fcl\u00fck 7456-an vannak k\u00f3rh\u00e1zban, 409-en pedig intenz\u00edv ter\u00e1pi\u00e1ra szorulnak.<br \/>\n    Az eg\u00e9szs\u00e9g\u00fcgyi miniszter cs\u00fct\u00f6rt\u00f6ki k\u00f6zl\u00e9se szerint orsz\u00e1gos szinten 840 intenz\u00edv ter\u00e1pi\u00e1s hely \u00e1ll a koronav\u00edrusos betegek rendelkez\u00e9sre. Bukarestben \u00e9s t\u00f6bb m\u00e1s nagyv\u00e1rosban azonban m\u00e1r helyhi\u00e1ny van a k\u00f3rh\u00e1zak intenz\u00edv ter\u00e1pi\u00e1s r\u00e9szlegein, ez\u00e9rt t\u00f6bb hely\u00fctt a s\u00falyos betegeket pr\u00f3b\u00e1lj\u00e1k \u00e1tsz\u00e1ll\u00edtani a szabad kapacit\u00e1ssal rendelkez\u0151 k\u00f3rh\u00e1zakba.<br \/>\n<div class=\"ads-in-post1\"><div id=\"gazdasagportal.hu_fullbanner_wideboard\"><\/div>\r\n<\/div>\n    Ez azonban roppant kock\u00e1zatos: egy hetedik h\u00f3napban l\u00e9v\u0151, a koronav\u00edrus-fert\u0151z\u00e9s miatt l\u00e9gz\u00e9si el\u00e9gtelens\u00e9ggel k\u00fczd\u0151 aradi v\u00e1rand\u00f3s n\u0151nek cs\u00fct\u00f6rt\u00f6k\u00f6n le\u00e1llt a sz\u00edve a ment\u0151aut\u00f3ban, amikor \u00e1tsz\u00e1ll\u00edtott\u00e1k a temesv\u00e1ri megyei k\u00f3rh\u00e1zba. B\u00e1r t\u00f6bbsz\u00f6r is \u00fajra\u00e9lesztett\u00e9k, v\u00e9g\u00fcl nem siker\u00fclt megmenteni az \u00e9let\u00e9t.<br \/>\n    Miut\u00e1n a korm\u00e1ny a helyi hat\u00f3s\u00e1gokra b\u00edzta a j\u00e1rv\u00e1ny terjed\u00e9s\u00e9nek megf\u00e9kez\u00e9s\u00e9t c\u00e9lz\u00f3 \u00fajabb korl\u00e1toz\u00e1sok bevezet\u00e9s\u00e9t, eddig kilenc megy\u00e9ben d\u00f6nt\u00f6tt \u00fagy a helyi j\u00e1rv\u00e1ny\u00fcgyi operat\u00edv t\u00f6rzs, hogy a k\u00fclt\u00e9ri zs\u00fafolt helyeken is k\u00f6telez\u0151 a v\u00e9d\u0151maszk visel\u00e9se, \u00e9s korl\u00e1tozz\u00e1k a vend\u00e9gl\u00e1t\u00f3helyek nyitvatart\u00e1s\u00e1t.(MTI)<\/p>\n","protected":false},"excerpt":{"rendered":"<p>Rom\u00e1ni\u00e1ban \u00fajabb csaknem 1300 embern\u00e9l mutatt\u00e1k ki az ut\u00f3bbi egy napban a koronav\u00edrust, ezzel meghaladta az \u00f6tvenezret a j\u00e1rv\u00e1ny kezdete \u00f3ta azonos\u00edtott fert\u0151z\u00f6ttek sz\u00e1ma.<\/p>\n","protected":false},"author":1001006,"featured_media":0,"comment_status":"closed","ping_status":"open","sticky":false,"template":"","format":"standard","meta":[],"categories":[12,427],"tags":[],"_links":{"self":[{"href":"https:\/\/gazdasagportal.hu\/index.php\/wp-json\/wp\/v2\/posts\/128438"}],"collection":[{"href":"https:\/\/gazdasagportal.hu\/index.php\/wp-json\/wp\/v2\/posts"}],"about":[{"href":"https:\/\/gazdasagportal.hu\/index.php\/wp-json\/wp\/v2\/types\/post"}],"author":[{"embeddable":true,"href":"https:\/\/gazdasagportal.hu\/index.php\/wp-json\/wp\/v2\/users\/1001006"}],"replies":[{"embeddable":true,"href":"https:\/\/gazdasagportal.hu\/index.php\/wp-json\/wp\/v2\/comments?post=128438"}],"version-history":[{"count":1,"href":"https:\/\/gazdasagportal.hu\/index.php\/wp-json\/wp\/v2\/posts\/128438\/revisions"}],"predecessor-version":[{"id":128439,"href":"https:\/\/gazdasagportal.hu\/index.php\/wp-json\/wp\/v2\/posts\/128438\/revisions\/128439"}],"wp:attachment":[{"href":"https:\/\/gazdasagportal.hu\/index.php\/wp-json\/wp\/v2\/media?parent=128438"}],"wp:term":[{"taxonomy":"category","embeddable":true,"href":"https:\/\/gazdasagportal.hu\/index.php\/wp-json\/wp\/v2\/categories?post=128438"},{"taxonomy":"post_tag","embeddable":true,"href":"https:\/\/gazdasagportal.hu\/index.php\/wp-json\/wp\/v2\/tags?post=128438"}],"curies":[{"name":"wp","href":"https:\/\/api.w.org\/{rel}","templated":true}]}}