{"id":128436,"date":"2020-07-31T13:42:33","date_gmt":"2020-07-31T11:42:33","guid":{"rendered":"http:\/\/gazdasagportal.hu\/?p=128436"},"modified":"2020-07-31T13:42:33","modified_gmt":"2020-07-31T11:42:33","slug":"allianz-csokkentek-a-hajozasi-vesztesegek-2019-ben","status":"publish","type":"post","link":"https:\/\/gazdasagportal.hu\/index.php\/allianz-csokkentek-a-hajozasi-vesztesegek-2019-ben\/","title":{"rendered":"Allianz: Cs\u00f6kkentek a haj\u00f3z\u00e1si vesztes\u00e9gek 2019-ben"},"content":{"rendered":"<p style=\"font-weight: 400;\">Az\u00a0<a href=\"https:\/\/www.agcs.allianz.com\/about-us.html\" data-saferedirecturl=\"https:\/\/www.google.com\/url?q=https:\/\/www.agcs.allianz.com\/about-us.html&amp;source=gmail&amp;ust=1596278879498000&amp;usg=AFQjCNGpibYiWm05z2TkIwHU-4tVA36jxw\" target=\"_blank\" rel=\"noopener\"><strong>ALLIANZ GLOBAL CORPORATE &amp; SPECIALTY SE<\/strong><\/a>\u00a0(AGCS) tengeri biztos\u00edt\u00f3\u00a0<a href=\"https:\/\/agcs.wufoo.com\/forms\/download-agcs-safety-shipping-review-2020\/\" data-saferedirecturl=\"https:\/\/www.google.com\/url?q=https:\/\/agcs.wufoo.com\/forms\/download-agcs-safety-shipping-review-2020\/&amp;source=gmail&amp;ust=1596278879498000&amp;usg=AFQjCNFcsvyRCsp0unn6YFN5se4Cwb4Kow\" target=\"_blank\" rel=\"noopener\"><strong>HAJ\u00d3Z\u00c1S BIZTONS\u00c1G\u00c1R\u00d3L KIADOTT 2020. \u00c9VI BESZ\u00c1MOL\u00d3JA<\/strong><\/a>\u00a0szerint a nagyobb haj\u00f3z\u00e1si vesztes\u00e9gek jelenleg rekord alacsony szinten mozognak, miut\u00e1n az el\u0151z\u0151 \u00e9vhez k\u00e9pest t\u00f6bb mint 20 sz\u00e1zal\u00e9kkal estek vissza. A koronav\u00edrus-v\u00e1ls\u00e1g azonban 2020-ban \u00e9s az azt k\u00f6vet\u0151 id\u0151szakban vesz\u00e9lybe sodorhatja a haj\u00f3z\u00e1si \u00e1gazat biztons\u00e1g\u00e1nak hossz\u00fa t\u00e1v\u00fa javul\u00e1s\u00e1t, mivel a m\u0171k\u00f6d\u00e9si felt\u00e9telek nehezebb\u00e9 v\u00e1lnak, \u00e9s a hirtelen gazdas\u00e1gi visszaes\u00e9s egyed\u00fcl\u00e1ll\u00f3 kih\u00edv\u00e1sokkal j\u00e1r.<\/p>\n<p><!--more--><\/p>\n<div class=\"ads-in-post1\"><div id=\"gazdasagportal.hu_fullbanner_wideboard\"><\/div>\r\n<\/div>\n<ul>\n<li style=\"font-weight: 400;\"><strong>Az Allianz haj\u00f3z\u00e1s biztons\u00e1g\u00e1r\u00f3l sz\u00f3l\u00f3 2020. \u00e9vi besz\u00e1mol\u00f3ja szerint 2019-ben vil\u00e1gszerte 41-gyel cs\u00f6kkent az odaveszett nagy haj\u00f3k sz\u00e1ma, ami az el\u0151z\u0151 \u00e9vhez k\u00e9pest t\u00f6bb mint 20 sz\u00e1zal\u00e9kkal jobb adat, egy \u00e9vtized alatt pedig majdnem 70 sz\u00e1zal\u00e9kos javul\u00e1st jelent.<\/strong><\/li>\n<li style=\"font-weight: 400;\"><strong>Megn\u0151tt azonban a haj\u00f3z\u00e1si incidensek sz\u00e1ma (2815), ahogyan a g\u00e9pekkel kapcsolatos probl\u00e9m\u00e1kb\u00f3l ered\u0151 k\u00e1rig\u00e9nyek ar\u00e1nya is. A Ro-Ro haj\u00f3k biztons\u00e1g\u00e1nak k\u00e9rd\u00e9se egyre aggaszt\u00f3bb.<\/strong><\/li>\n<li style=\"font-weight: 400;\"><strong>A koronav\u00edrus \u00e9s a tart\u00f3s gazdas\u00e1gi visszaes\u00e9s k\u00f6vetkezt\u00e9ben a biztons\u00e1g hossz\u00fa t\u00e1v\u00fa javul\u00e1sa vesz\u00e9lybe ker\u00fclt. A k\u00f6lts\u00e9gcs\u00f6kkent\u0151 int\u00e9zked\u00e9sek, a kimer\u00fclt szem\u00e9lyzet, a haszn\u00e1laton k\u00edv\u00fcli haj\u00f3k, valamint a meggyeng\u00fclt v\u00e9szhelyzeti reakci\u00f3k pedig a vesztes\u00e9gek n\u00f6veked\u00e9s\u00e9t eredm\u00e9nyezhetik.<\/strong><\/li>\n<li style=\"font-weight: 400;\"><strong>Tov\u00e1bbra is kih\u00edv\u00e1st jelentenek a fokoz\u00f3d\u00f3 geopolitikai fesz\u00fclts\u00e9gek, a kibocs\u00e1t\u00e1si szab\u00e1lyok \u00e9s a dekarboniz\u00e1ci\u00f3s c\u00e9lkit\u0171z\u00e9sek, valamint a rakom\u00e1nyok t\u00e9ves bejelent\u00e9se, illetve a t\u0171zesetek.<\/strong><\/li>\n<\/ul>\n<p style=\"font-weight: 400;\"><em>\u201eA koronav\u00edrus neh\u00e9z id\u0151kben s\u00fajtott le a tenger\u00e9szeti iparra: akkor, amikor az \u00e1gazat igyekszik cs\u00f6kkenteni a kibocs\u00e1t\u00e1s\u00e1t, olyan k\u00e9rd\u00e9seket kell figyelembe vennie, mint az \u00e9ghajlatv\u00e1ltoz\u00e1s, a politikai kock\u00e1zatok \u00e9s a kal\u00f3zkod\u00e1s, tov\u00e1bb\u00e1 olyan folyamatosan fenn\u00e1ll\u00f3 probl\u00e9m\u00e1kkal kell megbirk\u00f3znia, mint a haj\u00f3kon bek\u00f6vetkez\u0151 t\u0171zesetek\u201d<\/em>\u00a0\u2013 jelentette ki\u00a0<strong>Baptiste Ossena, a Hull Insurance, AGCS glob\u00e1lis term\u00e9kfelel\u0151se.<\/strong>\u00a0\u201eR\u00e1ad\u00e1sul az \u00e1gazatnak most egy nagyon m\u00e1s vil\u00e1gban, a vil\u00e1gj\u00e1rv\u00e1ny bizonytalan k\u00f6zeg\u00e9szs\u00e9g\u00fcgyi \u00e9s gazdas\u00e1gi k\u00f6vetkezm\u00e9nyei k\u00f6zepette kell m\u0171k\u00f6dnie.\u201d<\/p>\n<p style=\"font-weight: 400;\">Az AGCS \u00e9ves elemz\u00e9se 100 brutt\u00f3 tonn\u00e1t meghalad\u00f3 haj\u00f3z\u00e1si vesztes\u00e9gr\u0151l sz\u00e1molt be, \u00e9s\u00a0<a href=\"https:\/\/www.agcs.allianz.com\/content\/dam\/onemarketing\/agcs\/agcs\/reports\/AGCS-Coronavirus-Challenges-Shipping-Sector.pdf\" data-saferedirecturl=\"https:\/\/www.google.com\/url?q=https:\/\/www.agcs.allianz.com\/content\/dam\/onemarketing\/agcs\/agcs\/reports\/AGCS-Coronavirus-Challenges-Shipping-Sector.pdf&amp;source=gmail&amp;ust=1596278879498000&amp;usg=AFQjCNHAIgMO_1NtASkFlf3885o9ohZy7A\" target=\"_blank\" rel=\"noopener\"><strong>A KORONAV\u00cdRUS-V\u00c1LS\u00c1G 10 OLYAN KIH\u00cdV\u00c1S\u00c1T<\/strong><\/a>\u00a0azonos\u00edtotta, amely a haj\u00f3z\u00e1si iparban hat\u00e1ssal lehet a biztons\u00e1gra \u00e9s a kock\u00e1zatkezel\u00e9sre. 2019-ben 41 tot\u00e1lk\u00e1ros haj\u00f3r\u00f3l sz\u00e1moltak be a vil\u00e1gon, ami javul\u00f3 tendenci\u00e1t jelez az egy \u00e9vvel kor\u00e1bbi \u00f6tvenh\u00e1romhoz k\u00e9pest. Az elm\u00falt t\u00edz \u00e9vet vizsg\u00e1lva m\u00e9g jobb a helyzet, nagyj\u00e1b\u00f3l 70 sz\u00e1zal\u00e9kkal kevesebb haj\u00f3 v\u00e1lik haszn\u00e1lhatatlann\u00e1, ami t\u00f6bbek k\u00f6z\u00f6tt a szab\u00e1lyoz\u00e1s, a k\u00e9pz\u00e9sek, illetve a technol\u00f3giai fejl\u0151d\u00e9s ter\u00e9n tett tart\u00f3s er\u0151fesz\u00edt\u00e9sek eredm\u00e9nye. 2010 eleje \u00f3ta t\u00f6bb mint 950 haj\u00f3z\u00e1si k\u00e1resem\u00e9nyt jelentettek.<\/p><div id=\"gazda-3805972517\" class=\"gazda-tartalomban gazda-entity-placement\"><script async src=\"https:\/\/pagead2.googlesyndication.com\/pagead\/js\/adsbygoogle.js\"><\/script>\r\n<ins class=\"adsbygoogle\"\r\n     style=\"display:block\"\r\n     data-ad-format=\"fluid\"\r\n     data-ad-layout-key=\"-6t+ed+2i-1n-4w\"\r\n     data-ad-client=\"ca-pub-1959107119989764\"\r\n     data-ad-slot=\"4008251320\"><\/ins>\r\n<script>\r\n     (adsbygoogle = window.adsbygoogle || []).push({});\r\n<\/script><\/div>\n<p style=\"font-weight: 400;\"><strong>A koronav\u00edrussal kapcsolatos kih\u00edv\u00e1sok<\/strong><\/p>\n<p style=\"font-weight: 400;\">A haj\u00f3z\u00e1si ipar a kik\u00f6t\u0151kben tapasztalhat\u00f3 fennakad\u00e1sok \u00e9s a szem\u00e9lyzetet \u00e9rint\u0151 v\u00e1ltoz\u00e1sok ellen\u00e9re a vil\u00e1gj\u00e1rv\u00e1ny alatt is folytatta a m\u0171k\u00f6d\u00e9s\u00e9t. B\u00e1r a haj\u00f3utak koronav\u00edrussal kapcsolatos korl\u00e1toz\u00e1sok miatti cs\u00f6kken\u00e9se miatt \u00e1tmenetileg visszaestek a vesztes\u00e9gek, a jelent\u00e9s kiemelt 10 olyan kih\u00edv\u00e1st, amelyek n\u00f6velhetik a kock\u00e1zatokat. Ezek k\u00f6z\u00e9 tartoznak a k\u00f6vetkez\u0151k:<\/p>\n<ul>\n<li style=\"font-weight: 400;\">A szem\u00e9lyzet lecser\u00e9l\u00e9s\u00e9nek ellehetetlen\u00fcl\u00e9se befoly\u00e1solja a tenger\u00e9szek j\u00f3ll\u00e9t\u00e9t, ami az emberi hib\u00e1k sz\u00e1m\u00e1nak megn\u00f6veked\u00e9s\u00e9t eredm\u00e9nyezheti a haj\u00f3k fed\u00e9lzet\u00e9n.<\/li>\n<li style=\"font-weight: 400;\">A n\u00e9lk\u00fcl\u00f6zhetetlen karbantart\u00e1st \u00e9s szervizel\u00e9st \u00e9rint\u0151 fennakad\u00e1sok n\u00f6velik a g\u00e9pek k\u00e1rosod\u00e1s\u00e1nak vesz\u00e9ly\u00e9t, ami m\u00e1r eddig is a k\u00e1rig\u00e9nyek egyik f\u0151 oka volt.<\/li>\n<li style=\"font-weight: 400;\">A jogszab\u00e1lyban el\u0151\u00edrt k\u00f6telez\u0151 szeml\u00e9k \u00e9s kik\u00f6t\u0151i ellen\u0151rz\u00e9sek cs\u00f6kken\u00e9se vagy k\u00e9sedelme miatt el\u0151fordulhat, hogy nem der\u00fcl f\u00e9ny a nem biztons\u00e1gos gyakorlatokra vagy a hib\u00e1s berendez\u00e9sekre.<\/li>\n<li style=\"font-weight: 400;\">Az ell\u00e1t\u00e1si l\u00e1ncokra nehezed\u0151 nyom\u00e1s miatt sz\u00e1molni kell a rakom\u00e1nyok k\u00e1rosod\u00e1s\u00e1val \u00e9s k\u00e9sedelmes sz\u00e1ll\u00edt\u00e1s\u00e1val.<\/li>\n<li style=\"font-weight: 400;\">A v\u00e9szhelyzetekre t\u00f6rt\u00e9n\u0151 gyors reakci\u00f3 k\u00e9pess\u00e9ge is csorb\u00e1t szenvedhet, ami k\u00f6vetkezm\u00e9nyekkel j\u00e1rhat a k\u00fcls\u0151 t\u00e1mogat\u00e1st\u00f3l f\u00fcgg\u0151 s\u00falyosabb incidensekre n\u00e9zve.<\/li>\n<li style=\"font-weight: 400;\">Az ideiglenesen \u00fczemen k\u00edv\u00fcl helyezett \u00fcd\u00fcl\u0151haj\u00f3k \u00e9s olajsz\u00e1ll\u00edt\u00f3 tart\u00e1lyhaj\u00f3k vil\u00e1gszerte n\u00f6vekv\u0151 sz\u00e1ma a rendk\u00edv\u00fcli id\u0151j\u00e1r\u00e1si k\u00f6r\u00fclm\u00e9nyek, a kal\u00f3zkod\u00e1s \u00e9s a politikai kock\u00e1zatok vesz\u00e9lye miatt jelent\u0151s p\u00e9nz\u00fcgyi kitetts\u00e9ggel j\u00e1r.<\/li>\n<\/ul>\n<p style=\"font-weight: 400;\"><em>\u201eA haj\u00f3tulajdonosoknak ezenk\u00edv\u00fcl tov\u00e1bbi k\u00f6lts\u00e9gnyom\u00e1ssal kell megbirk\u00f3zniuk a gazdas\u00e1gi \u00e9s kereskedelmi visszaes\u00e9s miatt\u201d<\/em>\u00a0\u2013 \u00f6sszegez\u00a0<strong>Rahul Khanna kapit\u00e1ny, a tengeri kock\u00e1zatokkal kapcsolatos tan\u00e1csad\u00e1si r\u00e9szleg glob\u00e1lis vezet\u0151je az AGCS-n\u00e9l<\/strong>.<em>\u00a0\u201eA kor\u00e1bbi visszaes\u00e9sekb\u0151l m\u00e1r tudjuk, hogy a szem\u00e9lyzeti \u00e9s karbantart\u00e1si k\u00f6lts\u00e9gvet\u00e9seket \u00e9rintik az els\u0151 megszor\u00edt\u00e1sok, ha k\u00f6lts\u00e9gcs\u00f6kkent\u00e9sre van sz\u00fcks\u00e9g. Ez befoly\u00e1solhatja a haj\u00f3k \u00e9s a g\u00e9pek biztons\u00e1gos m\u0171k\u00f6d\u00e9s\u00e9t, \u00e9s k\u00e1rokat vagy meghib\u00e1sod\u00e1st okozhat, ami pedig z\u00e1tonyra fut\u00e1shoz vagy \u00fctk\u00f6z\u00e9shez vezethet. Rendl\u00edv\u00fcl fontos, hogy a biztons\u00e1gi \u00e9s karbantart\u00e1si el\u0151\u00edr\u00e1sokat ne befoly\u00e1solja semmilyen visszaes\u00e9s.\u201d<\/em><\/p>\n<p style=\"font-weight: 400;\"><strong>\u00a0<\/strong><\/p>\n<p style=\"font-weight: 400;\"><strong>A vesztes\u00e9gek \u00e1ltal legink\u00e1bb \u00e9rintett helyek \u00e9s haj\u00f3k<\/strong><\/p>\n<p style=\"font-weight: 400;\">A jelent\u00e9s szerint tov\u00e1bbra is a d\u00e9l-k\u00ednai, indok\u00ednai, indon\u00e9ziai \u00e9s F\u00fcl\u00f6p-szigeteki tengeri r\u00e9gi\u00f3 vezet a vesztes\u00e9gek ter\u00e9n, ahol 2019-ben 12 haj\u00f3, az ut\u00f3bbi \u00e9vtizedben pedig 228 haj\u00f3 volt \u00e9rintett \u2013 ez az \u00f6sszes vesztes\u00e9g egynegyed\u00e9t jelenti. A kiemelked\u0151en akt\u00edv kereskedelem, a forgalmas haj\u00f3z\u00e1si \u00fatvonalak, a r\u00e9gebbi flott\u00e1k, a t\u00e1jfunvesz\u00e9ly \u00e9s az egyes belf\u00f6ldi komp\u00fatvonalakat \u00e9rint\u0151 biztons\u00e1gi probl\u00e9m\u00e1k mind hozz\u00e1j\u00e1rulnak ehhez. 2019-ben azonban m\u00e1r m\u00e1sodik \u00e9ve cs\u00f6kkentek a vesztes\u00e9gek. A m\u00e1sodik, illetve a harmadik helyen a Mexik\u00f3i-\u00f6b\u00f6l (4) \u00e9s a nyugat-afrikai partvid\u00e9k (3) \u00e1ll.<\/p>\n<div class=\"ads-in-post2\"><script async src=\"https:\/\/pagead2.googlesyndication.com\/pagead\/js\/adsbygoogle.js\"><\/script>\r\n<ins class=\"adsbygoogle\"\r\n     style=\"display:block\"\r\n     data-ad-format=\"fluid\"\r\n     data-ad-layout-key=\"-6t+ed+2i-1n-4w\"\r\n     data-ad-client=\"ca-pub-1959107119989764\"\r\n     data-ad-slot=\"4008251320\"><\/ins>\r\n<script>\r\n     (adsbygoogle = window.adsbygoogle || []).push({});\r\n<\/script><\/div>\n<p style=\"font-weight: 400;\">Az elm\u00falt \u00e9vben az haszn\u00e1lhatatlann\u00e1 v\u00e1lt haj\u00f3k t\u00f6bb mint egyharmada (15) teherhaj\u00f3 volt, \u00e9s a tot\u00e1lk\u00e1rok els\u0151sorban megfenekl\u00e9sb\u0151l (els\u00fcllyed\u00e9sb\u0151l\/v\u00edz al\u00e1 mer\u00fcl\u00e9sb\u0151l) eredtek: az esetek h\u00e1romnegyed\u00e9ben (31) ez volt az ok. A vesztes\u00e9gek egy\u00f6t\u00f6de a rossz id\u0151j\u00e1r\u00e1sra vezethet\u0151 vissza. A j\u00e1rm\u0171sz\u00e1ll\u00edt\u00f3 haj\u00f3kkal \u00e9s a ro-ro haj\u00f3kkal (\u201eroll-on\/roll-off\u201d haj\u00f3k [olyan haj\u00f3k, amelyekre a j\u00e1rm\u0171vek fel tudnak hajtani, illetve arr\u00f3l le tudnak hajtani]) kapcsolatos probl\u00e9m\u00e1k tov\u00e1bbra is a leg\u00e9get\u0151bb biztons\u00e1gi k\u00e9rd\u00e9sek k\u00f6z\u00e9 tartoznak. A ro-ro haj\u00f3kat \u00e9rint\u0151 tot\u00e1lk\u00e1rok az el\u0151z\u0151 \u00e9vhez k\u00e9pest n\u00f6vekedtek, ak\u00e1rcsak a kisebb incidensek (20%-os emelked\u00e9s) \u2013 ez a trend 2020-ban is folytat\u00f3dott.<\/p>\n<p style=\"font-weight: 400;\"><em>\u201eA Ro-Ro haj\u00f3kkal kapcsolatos k\u00e1rig\u00e9nyek n\u00f6vekv\u0151 sz\u00e1ma \u00e9s s\u00falyoss\u00e1ga aggaszt\u00f3. A Ro-Ro haj\u00f3kon m\u00e1s haj\u00f3khoz k\u00e9pest fokozottabb a t\u0171zesetek \u00e9s a stabilit\u00e1si probl\u00e9m\u00e1k vesz\u00e9lye\u201d<\/em>\u00a0\u2013 fejti ki Khanna.\u00a0<em>\u201eSok ilyen haj\u00f3nak gyorsan kell megfordulnia a kik\u00f6t\u0151ben, \u00e9s sz\u00e1mos baleset vizsg\u00e1lata sor\u00e1n az der\u00fclt ki, hogy a kihaj\u00f3z\u00e1s el\u0151tti stabilit\u00e1si ellen\u0151rz\u00e9seket vagy nem el\u0151\u00edr\u00e1sszer\u0171en v\u00e9gezt\u00e9k el, vagy azok a rakom\u00e1nyra vonatkoz\u00f3 pontatlan inform\u00e1ci\u00f3kon alapultak. T\u00fals\u00e1gosan sokszor fordult el\u0151, hogy a kereskedelmi szempontok vesz\u00e9lybe sodort\u00e1k a haj\u00f3kat \u00e9s a szem\u00e9lyzet\u00fcket. L\u00e9tfontoss\u00e1g\u00fa, hogy ezt a probl\u00e9m\u00e1t mind a parton, mind a fed\u00e9lzeten kezelj\u00fck.\u201d<\/em><\/p>\n<p style=\"font-weight: 400;\"><strong>N\u00f6vekszik a kisebb haj\u00f3z\u00e1si incidensek sz\u00e1ma<\/strong><\/p>\n<p style=\"font-weight: 400;\">B\u00e1r a tot\u00e1lk\u00e1rok trendje tov\u00e1bbra is pozit\u00edv, a bejelentett haj\u00f3z\u00e1si incidensek sz\u00e1ma (2815) az el\u0151z\u0151 \u00e9vhez k\u00e9pest 5 sz\u00e1zal\u00e9kkal n\u0151tt, el\u0151sorban a g\u00e9peket \u00e9rint\u0151 k\u00e1resem\u00e9nyek miatt, amelyek a sz\u00f3ban forg\u00f3 incidensek t\u00f6bb mint egyharmad\u00e1t okozt\u00e1k (1044 esetet). A Brit-szigetek, az \u00c9szaki-tenger, a La Manche csatorna \u00e9s a Vizcayai-\u00f6b\u00f6l vizein bek\u00f6vetkez\u0151 incidensek n\u00f6vekv\u0151 sz\u00e1ma (605) miatt ez a ter\u00fclet 2011 \u00f3ta el\u0151sz\u00f6r felv\u00e1ltotta a F\u00f6ldk\u00f6zi-tenger keleti r\u00e9sz\u00e9t az ilyen esetek meleg\u00e1gyak\u00e9nt: a vil\u00e1gszerte tapasztalt incidensek egy\u00f6t\u00f6de itt k\u00f6vetkezik be.<\/p>\n<p style=\"font-weight: 400;\"><em>\u201eNem hagyhatjuk figyelmen k\u00edv\u00fcl azt a t\u00e9nyt, hogy b\u00e1r a tot\u00e1lk\u00e1rok sz\u00e1ma jelent\u0151sen cs\u00f6kkent, az incidensek teljes sz\u00e1ma n\u00f6vekedett az el\u0151z\u0151 \u00e9vhez k\u00e9pest\u201d<\/em>\u00a0\u2013 figyelmeztet Ossena.\u00a0<em>\u201eNem sok kell ahhoz, hogy egy s\u00falyos incidens tot\u00e1lk\u00e1rt eredm\u00e9nyezzen, a figyelmeztet\u0151 jelek pedig vil\u00e1gosan l\u00e1that\u00f3k.\u201d<\/em><\/p>\n<p style=\"font-weight: 400;\">Az elm\u00falt \u00e9vben k\u00f6zel 200 t\u0171zesetet jelentettek a haj\u00f3kon, ami 13 sz\u00e1zal\u00e9kos n\u00f6veked\u00e9snek felel meg. Csak 2019-ben \u00f6t tot\u00e1lk\u00e1r \u00edrhat\u00f3 ezeknek a sz\u00e1ml\u00e1j\u00e1ra. A t\u00e9vesen bejelentett rakom\u00e1nyok gyakran szerepelnek a kiv\u00e1lt\u00f3 okok k\u00f6z\u00f6tt. Mindenk\u00e9pp tenni kell valamit ennek a probl\u00e9m\u00e1nak a kezel\u00e9se \u00e9rdek\u00e9ben, mivel a haj\u00f3k m\u00e9ret\u00e9nek n\u00f6veked\u00e9s\u00e9vel, \u00e9s a sz\u00e1ll\u00edtott \u00e1ruk k\u00f6r\u00e9nek b\u0151v\u00fcl\u00e9s\u00e9vel a helyzet csak romlani fog. A vegyi anyagokat \u00e9s az akkumul\u00e1torokat egyre ink\u00e1bb kont\u00e9nerekben sz\u00e1ll\u00edtj\u00e1k, \u00e9s s\u00falyos t\u0171zvesz\u00e9lyt jelent, ha hib\u00e1san jelentik be, vagy nem megfelel\u0151en t\u00e1rolj\u00e1k \u0151ket.<\/p>\n<div class=\"ads-in-post1\"><div id=\"gazdasagportal.hu_fullbanner_wideboard\"><\/div>\r\n<\/div>\n<p style=\"font-weight: 400;\"><strong>A geopolitikai fesz\u00fclts\u00e9gek \u00e9s a kiberfenyeget\u00e9sek hat\u00e1sa a haj\u00f3z\u00e1s biztons\u00e1g\u00e1ra<\/strong><\/p>\n<p style=\"font-weight: 400;\">Az Om\u00e1ni-\u00f6b\u00f6lben \u00e9s a D\u00e9l-k\u00ednai-tengeren zajl\u00f3 esem\u00e9nyek alapj\u00e1n j\u00f3l l\u00e1that\u00f3, hogy egyre ink\u00e1bb a ny\u00edlt tenger v\u00e1lik a politikai rivaliz\u00e1l\u00e1s terep\u00e9v\u00e9, a haj\u00f3z\u00e1sra pedig tov\u00e1bbra is kihatnak a geopolitikai vit\u00e1k. A vil\u00e1gban tapasztalhat\u00f3 fokozott politikai kock\u00e1zat \u00e9s fesz\u00fclts\u00e9g a haj\u00f3z\u00e1s ter\u00fclet\u00e9n is \u00e9rezteti a hat\u00e1s\u00e1t p\u00e9ld\u00e1ul a szem\u00e9lyzet felv\u00e9tele \u00e9s a kik\u00f6t\u0151k biztons\u00e1gos megk\u00f6zel\u00edt\u00e9se szempontj\u00e1b\u00f3l. Ezenk\u00edv\u00fcl a kal\u00f3zkod\u00e1s tov\u00e1bbra is s\u00falyos fenyeget\u00e9st jelent a Guineai-\u00f6b\u00f6lben, amely ism\u00e9t kezd glob\u00e1lis csom\u00f3pontt\u00e1 v\u00e1lni e tekintetben. Latin-Amerik\u00e1ban n\u00f6vekszik a fegyveres rabl\u00e1sok sz\u00e1ma, \u00e9s a Szingap\u00fari-szorosban is ism\u00e9t fokoz\u00f3d\u00f3 aktivit\u00e1s figyelhet\u0151 meg.<\/p>\n<p style=\"font-weight: 400;\">A haj\u00f3tulajdonosok egyre jobban agg\u00f3dnak a kiberteret \u00e9rint\u0151 konfliktusok miatt is. Egyre t\u00f6bb olyan t\u00e1mad\u00e1sra ker\u00fclt sor, amely a GPS-jelek \u00e1lc\u00e1z\u00e1s\u00e1t foglalta mag\u00e1ban \u2013 k\u00fcl\u00f6n\u00f6sen a K\u00f6zel-Keleten \u00e9s K\u00edn\u00e1ban \u2013, \u00e9s a besz\u00e1mol\u00f3k szerint a koronav\u00edrus kit\u00f6r\u00e9se \u00f3ta 400 sz\u00e1zal\u00e9kkal megn\u00f6vekedett a tengeri \u00e1gazatra ir\u00e1nyul\u00f3 kibert\u00e1mad\u00e1si k\u00eds\u00e9rletek sz\u00e1ma.<\/p>\n<p style=\"font-weight: 400;\">A fentieken k\u00edv\u00fcl az AGCS haj\u00f3z\u00e1s biztons\u00e1g\u00e1r\u00f3l kiadott besz\u00e1mol\u00f3ja t\u00f6bbek k\u00f6z\u00f6tt az al\u00e1bbi t\u00e9m\u00e1kat t\u00e1rgyalja a kock\u00e1zatok k\u00f6r\u00e9ben:<\/p>\n<ul>\n<li style=\"font-weight: 400;\"><strong>A kibocs\u00e1t\u00e1s cs\u00f6kkent\u00e9s\u00e9re vonatkoz\u00f3 c\u00e9lkit\u0171z\u00e9sek hat\u00e1ssal lesznek a haj\u00f3z\u00e1si kock\u00e1zatra az elk\u00f6vetkezend\u0151 \u00e9vekben.<\/strong>\u00a0Ha a CO<sub>2<\/sub>-kibocs\u00e1t\u00e1st 2050-ig a fel\u00e9re szeretn\u00e9nk cs\u00f6kkenteni, az \u00e1gazatnak radik\u00e1lis v\u00e1ltoz\u00e1sokat kell bevezetnie az alkalmazott \u00fczemanyagok \u00e9s motortechnol\u00f3gia, s\u0151t a haj\u00f3tervez\u00e9s ter\u00e9n is. 2020. janu\u00e1r 1. \u00f3ta a tengeri haj\u00f3k \u00e1ltal haszn\u00e1lt t\u00fczel\u0151olaj megengedett k\u00e9ntartalma jelent\u0151sen lecs\u00f6kkent. A szab\u00e1lyok betart\u00e1sa azonban nem egyszer\u0171, \u00e9s a kezdeti probl\u00e9m\u00e1k miatt hat\u00e1rozottan megn\u00f6vekedhet a g\u00e9pekkel kapcsolatos k\u00e1rt\u00e9r\u00edt\u00e9si ig\u00e9nyek sz\u00e1ma. V\u00e9gezet\u00fcl pedig a dekarboniz\u00e1ci\u00f3nak is lesznek szab\u00e1lyoz\u00e1si, m\u0171k\u00f6d\u00e9si \u00e9s a h\u00edrnevet \u00e9rint\u0151 k\u00f6vetkezm\u00e9nyei. Az \u00e9ghajlatv\u00e1ltoz\u00e1s kezel\u00e9se ter\u00e9n el\u00e9rt halad\u00e1s megtorpanhat a koronav\u00edrus-vil\u00e1gj\u00e1rv\u00e1nyra ir\u00e1nyul\u00f3 figyelem miatt. Nem szabad hagyni, hogy ez megt\u00f6rt\u00e9njen.<\/li>\n<div class=\"ads-in-post1\"><div id=\"gazdasagportal.hu_fullbanner_wideboard\"><\/div>\r\n<\/div>\n<li style=\"font-weight: 400;\"><strong>Az \u00faj technol\u00f3gi\u00e1k nem jelentenek mindenre gy\u00f3gy\u00edrt, azonban egyre ink\u00e1bb hasznos eszk\u00f6znek bizonyulnak:<\/strong>\u00a0A haj\u00f3z\u00e1si technol\u00f3gia pozit\u00edvum lehet a biztons\u00e1g \u00e9s a k\u00e1rig\u00e9nyek szempontj\u00e1b\u00f3l, \u00e9s egyre gyakrabban alkalmazz\u00e1k a jelent\u00e9sben kiemelt egyes kock\u00e1zatokkal szembeni k\u00fczdelem sor\u00e1n, p\u00e9ld\u00e1ul a haj\u00f3kon jellemz\u0151 t\u0171zvesz\u00e9ly cs\u00f6kkent\u00e9s\u00e9re vagy a rakom\u00e1ny h\u0151m\u00e9rs\u00e9klet\u00e9nek nyomon k\u00f6vet\u00e9s\u00e9re. S\u0151t, a j\u00f6v\u0151ben ak\u00e1r a t\u0171zelfojt\u00f3 rendszerek dr\u00f3nokba t\u00f6rt\u00e9n\u0151 be\u00e9p\u00edt\u00e9se is elk\u00e9pzelhet\u0151. Az ipari vez\u00e9rl\u0151rendszereknek a motorok ellen\u0151rz\u00e9s\u00e9t \u00e9s karbantart\u00e1s\u00e1t c\u00e9lz\u00f3 egyre elterjedtebb haszn\u00e1lata jelent\u0151sen cs\u00f6kkentheti a g\u00e9pekben keletkez\u0151 k\u00e1rokat \u00e9s a meghib\u00e1sod\u00e1sokb\u00f3l ered\u0151 incidenseket, amelyek a k\u00e1rig\u00e9nyek egyik legfontosabb ok\u00e1t jelentik.<\/li>\n<li style=\"font-weight: 400;\"><strong>A legszerencs\u00e9tlenebb\u00fcl j\u00e1rt haj\u00f3k<\/strong>\u00a0\u2013 Az elm\u00falt \u00e9vben k\u00e9t g\u00f6r\u00f6g szigetek k\u00f6z\u00f6tt j\u00e1r\u00f3 komp \u00e9s egy \u00e9szak-amerikai \u00f6mlesztett\u00e1ru-sz\u00e1ll\u00edt\u00f3 haj\u00f3 volt a legink\u00e1bb balesetvesz\u00e9lyes: az eml\u00edtett haj\u00f3k mindegyik\u00e9vel kapcsolatban hat incidenst regisztr\u00e1ltak.<\/li>\n<\/ul>\n<p style=\"font-weight: 400;\">\n<p style=\"font-weight: 400;\">\n<p style=\"font-weight: 400;\"><strong>\u00a0<\/strong><strong>Az Allianz Global Corporate &amp; Specialty<\/strong><br \/>\nAz Allianz Global Corporate &amp; Specialty (AGCS) vezet\u0151 glob\u00e1lis v\u00e1llalati biztos\u00edt\u00f3, \u00e9s az Allianz Csoport egyik f\u0151 szervezeti egys\u00e9ge.\u00a0<a href=\"https:\/\/www.agcs.allianz.com\/services\/risk-consulting.html\" data-saferedirecturl=\"https:\/\/www.google.com\/url?q=https:\/\/www.agcs.allianz.com\/services\/risk-consulting.html&amp;source=gmail&amp;ust=1596278879498000&amp;usg=AFQjCNFj4HFkZ93wiuSM2A4f5ewXLElzZw\" target=\"_blank\" rel=\"noopener\">Kock\u00e1zati tan\u00e1csad\u00e1st<\/a>,\u00a0<a href=\"https:\/\/www.agcs.allianz.com\/solutions.html\" data-saferedirecturl=\"https:\/\/www.google.com\/url?q=https:\/\/www.agcs.allianz.com\/solutions.html&amp;source=gmail&amp;ust=1596278879498000&amp;usg=AFQjCNFxhiHkv4x0tVzlgsyE3uCqldCw3A\" target=\"_blank\" rel=\"noopener\">vagyon- \u00e9s felel\u0151ss\u00e9gbiztos\u00edt\u00e1si megold\u00e1sokat<\/a>\u00a0\u00e9s\u00a0<a href=\"https:\/\/www.agcs.allianz.com\/solutions\/alternative-risk-transfer.html\" data-saferedirecturl=\"https:\/\/www.google.com\/url?q=https:\/\/www.agcs.allianz.com\/solutions\/alternative-risk-transfer.html&amp;source=gmail&amp;ust=1596278879498000&amp;usg=AFQjCNEYDUyFRXf9RQC3SZHWDTQLYK8H-Q\" target=\"_blank\" rel=\"noopener\">alternat\u00edv kock\u00e1zat-\u00e1truh\u00e1z\u00e1st<\/a>\u00a0biztos\u00edt a kereskedelmi, nagyv\u00e1llalati \u00e9s speci\u00e1lis kock\u00e1zatok sz\u00e9les k\u00f6re tekintet\u00e9ben, 10 k\u00fcl\u00f6n biztos\u00edt\u00e1si \u00e1gazat keret\u00e9ben.<\/p>\n<p style=\"font-weight: 400;\">\u00dcgyf\u00e9lk\u00f6r\u00fck \u00e9pp oly szerte\u00e1gaz\u00f3, mint amilyen soksz\u00edn\u0171ek a gazdas\u00e1gi tev\u00e9kenys\u00e9gek: a Fortune Global 500-as list\u00e1j\u00e1ban szerepl\u0151 v\u00e1llalatokt\u00f3l kezdve a kisv\u00e1llalkoz\u00e1sokon \u00e1t a mag\u00e1nszem\u00e9lyekig terjed. \u00dcgyfeleik k\u00f6z\u00e9 nemcsak a vil\u00e1g legnagyobb fogyaszt\u00f3i m\u00e1rk\u00e1i, technol\u00f3giai v\u00e1llalatai \u00e9s a glob\u00e1lis l\u00e9gik\u00f6zleked\u00e9si \u00e9s haj\u00f3z\u00e1si \u00e1gazat k\u00e9pvisel\u0151i tartoznak, de bor\u00e1szatok, m\u0171hold-\u00fczemeltet\u0151k \u00e9s hollywoodi filmgy\u00e1rak is. \u00dcgyfeleik azt v\u00e1rj\u00e1k az AGCS-t\u0151l, hogy legnagyobb \u00e9s leg\u00f6sszetettebb kock\u00e1zataikra dinamikus, multinacion\u00e1lis \u00fczleti k\u00f6rnyezetben intelligens v\u00e1laszokat kapjanak,\u00a0<a href=\"https:\/\/www.agcs.allianz.com\/claims.html\" data-saferedirecturl=\"https:\/\/www.google.com\/url?q=https:\/\/www.agcs.allianz.com\/claims.html&amp;source=gmail&amp;ust=1596278879498000&amp;usg=AFQjCNG9_RXG1r9NbZH2Lkh99FlF8ZT9bw\" target=\"_blank\" rel=\"noopener\">a k\u00e1resem\u00e9nyeik professzion\u00e1lis kezel\u00e9se<\/a>\u00a0mellett.<\/p>\n<p style=\"font-weight: 400;\">Az AGCS a vil\u00e1g\u00a0<a href=\"https:\/\/www.agcs.allianz.com\/global-offices.html\" data-saferedirecturl=\"https:\/\/www.google.com\/url?q=https:\/\/www.agcs.allianz.com\/global-offices.html&amp;source=gmail&amp;ust=1596278879498000&amp;usg=AFQjCNGmo4_HFD_-NxAkTH7IxqSNjbuTfQ\" target=\"_blank\" rel=\"noopener\">33 orsz\u00e1g\u00e1ban<\/a>\u00a0rendelkezik saj\u00e1t csapattal, \u00e9s t\u00f6bb mint 200 orsz\u00e1gban van jelen az Allianz Csoport h\u00e1l\u00f3zat\u00e1n \u00e9s partnerein kereszt\u00fcl, 4300 munkat\u00e1rsat foglalkoztatva. Az Allianz Csoport egyik legnagyobb vagyon- \u00e9s felel\u0151ss\u00e9gbiztos\u00edt\u00e1si egys\u00e9gek\u00e9nt er\u0151s \u00e9s stabil\u00a0<a href=\"https:\/\/www.agcs.allianz.com\/about-us\/financials.html\" data-saferedirecturl=\"https:\/\/www.google.com\/url?q=https:\/\/www.agcs.allianz.com\/about-us\/financials.html&amp;source=gmail&amp;ust=1596278879498000&amp;usg=AFQjCNEVPH0evLyQWT0_zkAYJmz9uwsnTQ\" target=\"_blank\" rel=\"noopener\">p\u00e9nz\u00fcgyi min\u0151s\u00edt\u00e9si<\/a>\u00a0h\u00e1tt\u00e9rrel rendelkez\u00fcnk. Az AGCS 2019-ben glob\u00e1lisan \u00f6sszesen 9,1\u00a0milli\u00e1rd \u20ac brutt\u00f3 d\u00edjbev\u00e9telt \u00e9rt el.<\/p>\n<p style=\"font-weight: 400;\"><strong>Figyelmeztet\u00e9s a j\u00f6v\u0151re vonatkoz\u00f3 \u00e1ll\u00edt\u00e1sokkal kapcsolatban<\/strong><\/p>\n<p style=\"font-weight: 400;\">A jelen dokumentumban szerepl\u0151 kijelent\u00e9sek j\u00f6v\u0151beni kil\u00e1t\u00e1sokra \u00e9s v\u00e1rakoz\u00e1sokra is vonatkozhatnak, amelyek a vezet\u00e9s aktu\u00e1lis v\u00e9lem\u00e9ny\u00e9t \u00e9s felt\u00e9telez\u00e9seit t\u00fckr\u00f6zik, ugyanakkor ismert \u00e9s ismeretlen kock\u00e1zatokat \u00e9s bizonytalans\u00e1gokat is tartalmazhatnak, amelyek miatt a t\u00e9nyleges eredm\u00e9nyek, teljes\u00edtm\u00e9ny vagy esem\u00e9nyek l\u00e9nyegesen elt\u00e9rhetnek az ilyen \u00e1ll\u00edt\u00e1sokban kifejezettekt\u0151l vagy sugalltakt\u00f3l. A sz\u00f6veg\u00f6sszef\u00fcgg\u00e9s alapj\u00e1n egy\u00e9rtelm\u0171 esetek mellett j\u00f6v\u0151beni v\u00e1rakoz\u00e1snak min\u0151s\u00fcl minden olyan kijelent\u00e9s, amely felt\u00e9teles m\u00f3dot vagy a v\u00e1rakoz\u00e1sra, tervre, sz\u00e1nd\u00e9kra, lehet\u0151s\u00e9gre, folytat\u00e1sra utal\u00f3 ig\u00e9t haszn\u00e1l.<\/p>\n<div class=\"ads-in-post1\"><div id=\"gazdasagportal.hu_fullbanner_wideboard\"><\/div>\r\n<\/div>\n<p style=\"font-weight: 400;\">A t\u00e9nyleges eredm\u00e9nyek, teljes\u00edtm\u00e9nyek vagy esem\u00e9nyek jelent\u0151s elt\u00e9r\u00e9s\u00e9t a hivatkozott kijelent\u00e9sekt\u0151l egyebek mellett az al\u00e1bbiak okozhatj\u00e1k: i. \u00e1ltal\u00e1nos gazdas\u00e1gi felt\u00e9telek, ezen bel\u00fcl kiemelten azok, amelyek az Allianz Csoport alaptev\u00e9kenys\u00e9g\u00e9t \u00e9s piacait \u00e9rintik; ii. a p\u00e9nz\u00fcgyi piacok teljes\u00edtm\u00e9nye, bele\u00e9rtve a felt\u00f6rekv\u0151 piacok teljes\u00edtm\u00e9ny\u00e9t, a volatilit\u00e1st, likvidit\u00e1st \u00e9s hitelesem\u00e9nyeket is; iii. a biztos\u00edtott k\u00e1resem\u00e9nyek gyakoris\u00e1ga \u00e9s s\u00falyoss\u00e1ga, bele\u00e9rtve a term\u00e9szeti katasztr\u00f3f\u00e1kb\u00f3l ered\u0151 k\u00e1rokat \u00e9s a k\u00e1rk\u00f6lts\u00e9gek alakul\u00e1s\u00e1t is; iv. haland\u00f3s\u00e1gi \u00e9s hal\u00e1loz\u00e1si szintek \u00e9s trendek; v. perzisztenciaszintek; vi. a hitel-visszafizet\u00e9si k\u00e9sedelmek m\u00e9rt\u00e9ke; vii. kamatl\u00e1bak; viii. deviza\u00e1rfolyamok, k\u00f6zt\u00fck az EUR\/USD \u00e1rfolyam; ix.a verseny m\u00e9rt\u00e9k\u00e9nek v\u00e1ltoz\u00e1sai; x. szab\u00e1lyoz\u00f3k v\u00e1ltoz\u00e1sa, bele\u00e9rtve a monet\u00e1ris konvergenci\u00e1t \u00e9s az Eur\u00f3pai Monet\u00e1ris Uni\u00f3t is; xi. k\u00f6zponti bankok \u00e9s\/vagy k\u00fclf\u00f6ldi korm\u00e1nyok politik\u00e1j\u00e1nak v\u00e1ltoz\u00e1sai; xii. felv\u00e1s\u00e1rl\u00e1sok, v\u00e1llalati az integr\u00e1ci\u00f3 hat\u00e1sa; xiii. \u00e1tszervez\u00e9si int\u00e9zked\u00e9sek \u00e9s xiv. \u00e1ltal\u00e1nos versenyt\u00e9nyez\u0151k, minden esetben lok\u00e1lis, region\u00e1lis, orsz\u00e1gos \u00e9s\/vagy glob\u00e1lis szinten. E t\u00e9nyez\u0151k k\u00f6z\u00fcl t\u00f6bb nagyobb val\u00f3sz\u00edn\u0171s\u00e9ggel fordul el\u0151 vagy hangs\u00falyosabb terrorcselekm\u00e9nyek k\u00f6zvetett vagy k\u00f6zvetlen k\u00f6vetkezm\u00e9nyek\u00e9nt.<\/p>\n<p style=\"font-weight: 400;\">Az ebben a jelent\u00e9sben t\u00e1rgyaltak az AllianzSE \u00e1ltal az Egyes\u00fclt \u00c1llamok \u00c9rt\u00e9kpap\u00edr- \u00e9s T\u0151zsdefel\u00fcgyelet\u00e9hez id\u0151r\u0151l id\u0151re beny\u00fajtott t\u00e1j\u00e9koztat\u00e1sban le\u00edrt kock\u00e1zatok \u00e9s bizonytalans\u00e1gok f\u00fcggv\u00e9ny\u00e9ben is v\u00e1ltozhatnak. A v\u00e1llalat nem v\u00e1llal friss\u00edt\u00e9si k\u00f6telezetts\u00e9get, felel\u0151ss\u00e9get egyetlen j\u00f6v\u0151re vonatkoz\u00f3 kijelent\u00e9ssel kapcsolatban sem.<\/p>\n<p style=\"font-weight: 400;\">\n<p style=\"font-weight: 400;\">\n","protected":false},"excerpt":{"rendered":"<p>Az\u00a0ALLIANZ GLOBAL CORPORATE &amp; SPECIALTY SE\u00a0(AGCS) tengeri biztos\u00edt\u00f3\u00a0HAJ\u00d3Z\u00c1S BIZTONS\u00c1G\u00c1R\u00d3L KIADOTT 2020. \u00c9VI BESZ\u00c1MOL\u00d3JA\u00a0szerint a nagyobb haj\u00f3z\u00e1si vesztes\u00e9gek jelenleg rekord alacsony szinten mozognak, miut\u00e1n az el\u0151z\u0151 \u00e9vhez k\u00e9pest t\u00f6bb mint 20 sz\u00e1zal\u00e9kkal estek vissza. A koronav\u00edrus-v\u00e1ls\u00e1g azonban 2020-ban \u00e9s az azt k\u00f6vet\u0151 id\u0151szakban vesz\u00e9lybe sodorhatja a haj\u00f3z\u00e1si \u00e1gazat biztons\u00e1g\u00e1nak hossz\u00fa t\u00e1v\u00fa javul\u00e1s\u00e1t, mivel a m\u0171k\u00f6d\u00e9si felt\u00e9telek &#8230;<\/p>\n","protected":false},"author":1001006,"featured_media":0,"comment_status":"closed","ping_status":"open","sticky":false,"template":"","format":"standard","meta":[],"categories":[246],"tags":[],"_links":{"self":[{"href":"https:\/\/gazdasagportal.hu\/index.php\/wp-json\/wp\/v2\/posts\/128436"}],"collection":[{"href":"https:\/\/gazdasagportal.hu\/index.php\/wp-json\/wp\/v2\/posts"}],"about":[{"href":"https:\/\/gazdasagportal.hu\/index.php\/wp-json\/wp\/v2\/types\/post"}],"author":[{"embeddable":true,"href":"https:\/\/gazdasagportal.hu\/index.php\/wp-json\/wp\/v2\/users\/1001006"}],"replies":[{"embeddable":true,"href":"https:\/\/gazdasagportal.hu\/index.php\/wp-json\/wp\/v2\/comments?post=128436"}],"version-history":[{"count":1,"href":"https:\/\/gazdasagportal.hu\/index.php\/wp-json\/wp\/v2\/posts\/128436\/revisions"}],"predecessor-version":[{"id":128437,"href":"https:\/\/gazdasagportal.hu\/index.php\/wp-json\/wp\/v2\/posts\/128436\/revisions\/128437"}],"wp:attachment":[{"href":"https:\/\/gazdasagportal.hu\/index.php\/wp-json\/wp\/v2\/media?parent=128436"}],"wp:term":[{"taxonomy":"category","embeddable":true,"href":"https:\/\/gazdasagportal.hu\/index.php\/wp-json\/wp\/v2\/categories?post=128436"},{"taxonomy":"post_tag","embeddable":true,"href":"https:\/\/gazdasagportal.hu\/index.php\/wp-json\/wp\/v2\/tags?post=128436"}],"curies":[{"name":"wp","href":"https:\/\/api.w.org\/{rel}","templated":true}]}}