{"id":128408,"date":"2020-07-31T05:33:09","date_gmt":"2020-07-31T03:33:09","guid":{"rendered":"http:\/\/gazdasagportal.hu\/?p=128408"},"modified":"2020-07-30T23:03:53","modified_gmt":"2020-07-30T21:03:53","slug":"donald-trump-felvetette-a-novemberben-esedekes-elnokvalasztas-elhalasztasat","status":"publish","type":"post","link":"https:\/\/gazdasagportal.hu\/index.php\/donald-trump-felvetette-a-novemberben-esedekes-elnokvalasztas-elhalasztasat\/","title":{"rendered":"Donald Trump felvetette a novemberben esed\u00e9kes eln\u00f6kv\u00e1laszt\u00e1s elhalaszt\u00e1s\u00e1t"},"content":{"rendered":"<p><strong>Donald Trump amerikai eln\u00f6k cs\u00fct\u00f6rt\u00f6k\u00f6n felvetette az alkotm\u00e1ny \u00e9rtelm\u00e9ben november elej\u00e9n esed\u00e9kes eln\u00f6kv\u00e1laszt\u00e1s elhalaszt\u00e1s\u00e1t, azt hangoztatva, hogy a koronav\u00edrus-j\u00e1rv\u00e1ny miatt el\u0151t\u00e9rbe ker\u00fclt lev\u00e9lszavaz\u00e1s vissza\u00e9l\u00e9sekre adna lehet\u0151s\u00e9get. T\u00f6bb befoly\u00e1sos republik\u00e1nus t\u00f6rv\u00e9nyhoz\u00f3 azonnal elutas\u00edtotta Trump felvet\u00e9s\u00e9t.<\/strong><!--more--><\/p>\n<div class=\"ads-in-post1\"><div id=\"gazdasagportal.hu_fullbanner_wideboard\"><\/div>\r\n<\/div>\n<p>    Az eln\u00f6k a cs\u00fct\u00f6rt\u00f6k reggeli Twitter-bejegyz\u00e9sei egyik\u00e9ben vetette fel ezt a lehet\u0151s\u00e9get. Mint \u00edrta: az \u00e1ltal\u00e1nos, lev\u00e9lben t\u00f6rt\u00e9n\u0151 szavaz\u00e1s &#8222;a legpontatlanabb \u00e9s legcsal\u00e1rdabb v\u00e1laszt\u00e1s lesz a t\u00f6rt\u00e9nelemben. Nagyon k\u00ednos lesz az Egyes\u00fclt \u00c1llamoknak&#8221;.<br \/>\n    Donald Trump h\u00e1rom k\u00e9rd\u0151jellel \u00edrta le: &#8222;elhalasztand\u00f3-e a v\u00e1laszt\u00e1s addig, am\u00edg az emberek megfelel\u0151en, biztons\u00e1gosan \u00e9s nyugodtan voksolhatnak&#8221;?<br \/>\n    El\u0151sz\u00f6r fordult el\u0151, hogy Trump felvetette ezt a k\u00e9rd\u00e9st. Egy k\u00e9s\u0151bbi bejegyz\u00e9s\u00e9ben a Republik\u00e1nus Orsz\u00e1gos Bizotts\u00e1g (RNC, a p\u00e1rt vezet\u0151 szerve) \u00e1ltal id\u00e9zett r\u00f6vid, alig h\u00e1romperces t\u00e9v\u00e9riportot is csatolt hozz\u00e1sz\u00f3l\u00e1s\u00e1hoz. Ez Philadelphi\u00e1ban k\u00e9sz\u00fclt, \u00e9s a lev\u00e9lben t\u00f6rt\u00e9n\u0151 szavaz\u00e1s modellez\u00e9s\u00e9r\u0151l sz\u00f3l.<br \/>\n<div class=\"ads-in-post2\"><script async src=\"https:\/\/pagead2.googlesyndication.com\/pagead\/js\/adsbygoogle.js\"><\/script>\r\n<ins class=\"adsbygoogle\"\r\n     style=\"display:block\"\r\n     data-ad-format=\"fluid\"\r\n     data-ad-layout-key=\"-6t+ed+2i-1n-4w\"\r\n     data-ad-client=\"ca-pub-1959107119989764\"\r\n     data-ad-slot=\"4008251320\"><\/ins>\r\n<script>\r\n     (adsbygoogle = window.adsbygoogle || []).push({});\r\n<\/script><\/div>\n    A riportban k\u00eds\u00e9rletk\u00e9ppen mintegy sz\u00e1z levelet adtak fel, mintha sz\u00e1z v\u00e1laszt\u00f3 k\u00fcldte volna el a voks\u00e1t. N\u00e9h\u00e1ny nap eltelt\u00e9vel \u00fajabb sz\u00e1z levelet adtak fel post\u00e1n, a v\u00e1laszt\u00e1si c\u00e9dul\u00e1k k\u00fcld\u00e9s\u00e9re haszn\u00e1lt, ugyanolyan m\u00e9ret\u0171 bor\u00edt\u00e9kban. Egy h\u00e9ttel k\u00e9s\u0151bb azt mondt\u00e1k a post\u00e1n, hogy a bor\u00edt\u00e9kok j\u00f3 r\u00e9sze nem \u00e9rkezett meg.<br \/>\n    Egy h\u00e9t ut\u00e1n ism\u00e9t reklam\u00e1ltak a postai menedzsern\u00e9l, aki azt v\u00e1laszolta: &#8222;a leveleket megkapt\u00e1k, valahol vannak&#8221;. V\u00e9g\u00fcl kider\u00fclt: h\u00e1rom bor\u00edt\u00e9knak nyoma veszett.<br \/>\n    &#8222;Egy szoros v\u00e1laszt\u00e1si eredm\u00e9nyn\u00e9l h\u00e1rom sz\u00e1zal\u00e9k kritikus, kiv\u00e1lt, ha rekordsz\u00e1m\u00fa szavaz\u00f3 voksol lev\u00e9lben&#8221; &#8211; hallhat\u00f3 a k\u00e9pzelt riport komment\u00e1rj\u00e1ban.<br \/>\n<div class=\"ads-in-post1\"><div id=\"gazdasagportal.hu_fullbanner_wideboard\"><\/div>\r\n<\/div>\n    A posta szerint a biztons\u00e1gos szavaz\u00e1s \u00e9rdek\u00e9ben a v\u00e1laszt\u00f3knak legal\u00e1bb egy h\u00e9ttel a v\u00e1laszt\u00e1s napja el\u0151tt fel kell adniuk a voksukat tartalmaz\u00f3 levelet.<br \/>\n    A The New York Times komment\u00e1rja szerint &#8222;Trumpnak nincs felhatalmaz\u00e1sa arra, hogy egyoldal\u00faan megv\u00e1ltoztassa a v\u00e1laszt\u00e1s id\u0151pontj\u00e1t, amelyet sz\u00f6vets\u00e9gi t\u00f6rv\u00e9ny r\u00f6gz\u00edt&#8221;. A lap hozz\u00e1tette: hamis az eln\u00f6knek az az \u00e1ll\u00edt\u00e1sa, hogy a lev\u00e9lben t\u00f6rt\u00e9n\u0151 szavaz\u00e1s pontatlan sz\u00e1mol\u00e1shoz vagy csal\u00e1shoz vezet.<br \/>\n    Az Axios h\u00edrport\u00e1l id\u00e9zte az Orsz\u00e1gos Alkotm\u00e1nyjogi K\u00f6zpontot, amely szint\u00e9n \u00e1tfog\u00f3an megvizsg\u00e1lta ezt a k\u00e9rd\u00e9st, \u00e9s \u00fagy foglalt \u00e1ll\u00e1st, hogy t\u00f6bb tag\u00e1llamnak van felhatalmaz\u00e1sa a v\u00e1laszt\u00e1sok elhalaszt\u00e1s\u00e1ra, ha valamilyen okn\u00e1l fogva sz\u00fcks\u00e9ghelyzet \u00e1ll el\u0151, az eln\u00f6kv\u00e1laszt\u00e1s elhalaszt\u00e1sa azonban precedens n\u00e9lk\u00fcli lenne.<br \/>\n    Az Orsz\u00e1gos Alkotm\u00e1nyjogi K\u00f6zpont Philadelphi\u00e1ban tal\u00e1lhat\u00f3, p\u00e1rtokt\u00f3l f\u00fcggetlen nonprofit int\u00e9zm\u00e9ny, amely az amerikai alkotm\u00e1ny t\u00f6rt\u00e9net\u00e9vel \u00e9s alkotm\u00e1nyjogi k\u00e9rd\u00e9sekkel foglalkozik.<br \/>\n    T\u00f6bb befoly\u00e1sos republik\u00e1nus t\u00f6rv\u00e9nyhoz\u00f3 azonnal elutas\u00edtotta Trump felvet\u00e9s\u00e9t.<br \/>\n<div class=\"ads-in-post2\"><script async src=\"https:\/\/pagead2.googlesyndication.com\/pagead\/js\/adsbygoogle.js\"><\/script>\r\n<ins class=\"adsbygoogle\"\r\n     style=\"display:block\"\r\n     data-ad-format=\"fluid\"\r\n     data-ad-layout-key=\"-6t+ed+2i-1n-4w\"\r\n     data-ad-client=\"ca-pub-1959107119989764\"\r\n     data-ad-slot=\"4008251320\"><\/ins>\r\n<script>\r\n     (adsbygoogle = window.adsbygoogle || []).push({});\r\n<\/script><\/div>\n    Mitch McConnell, a szen\u00e1tus republik\u00e1nus t\u00f6bbs\u00e9gi frakci\u00f3j\u00e1nak vezet\u0151je a CBS telev\u00edzi\u00f3nak azt nyilatkozta, hogy a v\u00e1laszt\u00e1s november 3-ai d\u00e1tuma &#8222;k\u0151be van v\u00e9sve&#8221;, v\u00e1laszt\u00e1sokat kor\u00e1bban is tartottak v\u00e1ls\u00e1gos id\u0151kben.<br \/>\n    Kevin McCarthy, a k\u00e9pvisel\u0151h\u00e1z republik\u00e1nus frakci\u00f3vezet\u0151je azt hangs\u00falyozta, hgy az Egyes\u00fclt \u00c1llamok t\u00f6rt\u00e9net\u00e9ben mindig megtartott\u00e1k az eln\u00f6kv\u00e1laszt\u00e1st, \u00e9s ennek most is \u00edgy kell lennie.<br \/>\n    Ted Cruz texasi szen\u00e1tor \u00fajs\u00e1g\u00edr\u00f3knak azt mondta: &#8222;nem szabad elhalasztanunk a v\u00e1laszt\u00e1sokat&#8221;. Lindsey Graham, a szen\u00e1tus igazs\u00e1g\u00fcgyi bizotts\u00e1g\u00e1nak eln\u00f6ke, d\u00e9l-karolinai politikus, szint\u00e9n \u00fajs\u00e1g\u00edr\u00f3knak, \u00fagy fogalmazott: &#8222;nem hiszem, hogy j\u00f3 \u00f6tlet lenne a v\u00e1laszt\u00e1sok elhalaszt\u00e1sa&#8221;.<br \/>\n    Rodney Davis, a k\u00e9pvisel\u0151h\u00e1z adminisztr\u00e1ci\u00f3s bizotts\u00e1g\u00e1nak republik\u00e1nus politikusa a Twitteren azt \u00edrta: &#8222;nincs halaszt\u00e1s&#8221;.<br \/>\n<div class=\"ads-in-post1\"><div id=\"gazdasagportal.hu_fullbanner_wideboard\"><\/div>\r\n<\/div>\n    A demokrata p\u00e1rti politikusok k\u00f6z\u00fcl eddig Tom Udall \u00faj-mexik\u00f3i szen\u00e1tor utas\u00edtotta el a felvet\u00e9st, a demokr\u00e1cia elleni t\u00e1mad\u00e1snak min\u0151s\u00edtve azt.(MTI)<\/p>\n","protected":false},"excerpt":{"rendered":"<p>Donald Trump amerikai eln\u00f6k cs\u00fct\u00f6rt\u00f6k\u00f6n felvetette az alkotm\u00e1ny \u00e9rtelm\u00e9ben november elej\u00e9n esed\u00e9kes eln\u00f6kv\u00e1laszt\u00e1s elhalaszt\u00e1s\u00e1t, azt hangoztatva, hogy a koronav\u00edrus-j\u00e1rv\u00e1ny miatt el\u0151t\u00e9rbe ker\u00fclt lev\u00e9lszavaz\u00e1s vissza\u00e9l\u00e9sekre adna lehet\u0151s\u00e9get. T\u00f6bb befoly\u00e1sos republik\u00e1nus t\u00f6rv\u00e9nyhoz\u00f3 azonnal elutas\u00edtotta Trump felvet\u00e9s\u00e9t.<\/p>\n","protected":false},"author":1001006,"featured_media":1389,"comment_status":"closed","ping_status":"open","sticky":false,"template":"","format":"standard","meta":[],"categories":[146,13,426],"tags":[],"_links":{"self":[{"href":"https:\/\/gazdasagportal.hu\/index.php\/wp-json\/wp\/v2\/posts\/128408"}],"collection":[{"href":"https:\/\/gazdasagportal.hu\/index.php\/wp-json\/wp\/v2\/posts"}],"about":[{"href":"https:\/\/gazdasagportal.hu\/index.php\/wp-json\/wp\/v2\/types\/post"}],"author":[{"embeddable":true,"href":"https:\/\/gazdasagportal.hu\/index.php\/wp-json\/wp\/v2\/users\/1001006"}],"replies":[{"embeddable":true,"href":"https:\/\/gazdasagportal.hu\/index.php\/wp-json\/wp\/v2\/comments?post=128408"}],"version-history":[{"count":1,"href":"https:\/\/gazdasagportal.hu\/index.php\/wp-json\/wp\/v2\/posts\/128408\/revisions"}],"predecessor-version":[{"id":128409,"href":"https:\/\/gazdasagportal.hu\/index.php\/wp-json\/wp\/v2\/posts\/128408\/revisions\/128409"}],"wp:featuredmedia":[{"embeddable":true,"href":"https:\/\/gazdasagportal.hu\/index.php\/wp-json\/wp\/v2\/media\/1389"}],"wp:attachment":[{"href":"https:\/\/gazdasagportal.hu\/index.php\/wp-json\/wp\/v2\/media?parent=128408"}],"wp:term":[{"taxonomy":"category","embeddable":true,"href":"https:\/\/gazdasagportal.hu\/index.php\/wp-json\/wp\/v2\/categories?post=128408"},{"taxonomy":"post_tag","embeddable":true,"href":"https:\/\/gazdasagportal.hu\/index.php\/wp-json\/wp\/v2\/tags?post=128408"}],"curies":[{"name":"wp","href":"https:\/\/api.w.org\/{rel}","templated":true}]}}