{"id":128404,"date":"2020-07-31T06:35:09","date_gmt":"2020-07-31T04:35:09","guid":{"rendered":"http:\/\/gazdasagportal.hu\/?p=128404"},"modified":"2020-07-30T23:02:57","modified_gmt":"2020-07-30T21:02:57","slug":"felveteli-itm-indul-a-potfelveteli-eljaras","status":"publish","type":"post","link":"https:\/\/gazdasagportal.hu\/index.php\/felveteli-itm-indul-a-potfelveteli-eljaras\/","title":{"rendered":"Felv\u00e9teli &#8211; ITM: indul a p\u00f3tfelv\u00e9teli elj\u00e1r\u00e1s"},"content":{"rendered":"<p><strong>Az innov\u00e1ci\u00f3s \u00e9s technol\u00f3giai miniszter d\u00f6nt\u00e9se \u00e9rtelm\u00e9ben cs\u00fct\u00f6rt\u00f6k\u00f6n indul a 2020-as p\u00f3tfelv\u00e9teli elj\u00e1r\u00e1s. Az Oktat\u00e1si Hivatal cs\u00fct\u00f6rt\u00f6k este az MTI-vel k\u00f6z\u00f6lte: augusztus 9-\u00e9ig lehet p\u00f3tfelv\u00e9telire jelentkezni.<\/strong><!--more--><\/p>\n<div class=\"ads-in-post1\"><div id=\"gazdasagportal.hu_fullbanner_wideboard\"><\/div>\r\n<\/div>\n<p>Az Innov\u00e1ci\u00f3s \u00e9s Technol\u00f3giai Miniszt\u00e9rium (ITM) az MTI-vel k\u00f6z\u00f6lte: az elm\u00falt \u00e9vekt\u0151l elt\u00e9r\u0151en id\u00e9n \u00e1llami \u00f6szt\u00f6nd\u00edjas form\u00e1ban t\u00f6bb k\u00e9pz\u00e9si ter\u00fcleten is be lehet jutni az egyetemekre a p\u00f3tfelv\u00e9teli elj\u00e1r\u00e1s keret\u00e9ben.<br \/>\nA lehet\u0151s\u00e9ggel azok a di\u00e1kok \u00e9lhetnek, akiket az \u00e1ltal\u00e1nos elj\u00e1r\u00e1sban nem vettek fel, vagy akik kor\u00e1bban nem adtak be jelentkez\u00e9st.<br \/>\nStrat\u00e9giai c\u00e9lnak nevezt\u00e9k, hogy a magyar fiatalok nemzetk\u00f6zi \u00f6sszevet\u00e9sben is versenyk\u00e9pes tud\u00e1sra tegyenek szert a fels\u0151oktat\u00e1sban, jobb egyetemeken, korszer\u0171 k\u00f6r\u00fclm\u00e9nyek k\u00f6z\u00f6tt tanulva \u00e9rt\u00e9kesebb diplom\u00e1t kapjanak, \u00edgy sikeresebben \u00e1llhass\u00e1k meg hely\u00fcket az \u00e9letben \u00e9s a munkaer\u0151piacon.<br \/>\n&#8222;A magyar fels\u0151oktat\u00e1s nemzetk\u00f6zi versenyk\u00e9pess\u00e9g\u00e9nek, oktat\u00e1si sz\u00ednvonal\u00e1nak n\u00f6vel\u00e9s\u00e9vel, min\u0151s\u00e9gi k\u00e9pz\u00e9si infrastrukt\u00far\u00e1j\u00e1nak fel\u00e9p\u00edt\u00e9s\u00e9vel Magyarorsz\u00e1g region\u00e1lis tud\u00e1sk\u00f6zpontt\u00e1 v\u00e1lhat&#8221; &#8211; \u00edrt\u00e1k.<br \/>\nHozz\u00e1tett\u00e9k, hogy az \u00e9retts\u00e9gizettek a fels\u0151oktat\u00e1sban val\u00f3 tov\u00e1bbtanul\u00e1s mellett piack\u00e9pes szakm\u00e1kat saj\u00e1t\u00edthatnak el a meger\u0151s\u00edtett szakk\u00e9pz\u00e9sben.<br \/>\nAz Oktat\u00e1si Hivatal lev\u00e9lben t\u00e1j\u00e9koztatta a felv\u00e9telt nem nyer\u0151 jelentkez\u0151ket a szakk\u00e9pz\u00e9s k\u00edn\u00e1lta lehet\u0151s\u00e9gekr\u0151l.<br \/>\n<div class=\"ads-in-post1\"><div id=\"gazdasagportal.hu_fullbanner_wideboard\"><\/div>\r\n<\/div>\nA meger\u0151s\u00edtett szakk\u00e9pz\u00e9si rendszerben \u00fajdons\u00e1g, hogy a technikusi vizsga is emeltszint\u0171 \u00e9retts\u00e9ginek sz\u00e1m\u00edt, \u00edgy a szakir\u00e1nyon t\u00f6bben tanulhatnak tov\u00e1bb &#8211; \u00e1ll az ITM k\u00f6zlem\u00e9ny\u00e9ben.<br \/>\nAz Oktat\u00e1si Hivatal k\u00f6zlem\u00e9nyben azt \u00edrta: a p\u00f3tfelv\u00e9teli elj\u00e1r\u00e1sban &#8211; az oktat\u00e1s\u00e9rt felel\u0151s miniszter enged\u00e9ly\u00e9vel rendelkez\u0151 k\u00e9pz\u00e9seket kiv\u00e9ve &#8211; \u00f6nk\u00f6lts\u00e9ges k\u00e9pz\u00e9sek hirdethet\u0151k meg.<br \/>\n\u00c1llami \u00f6szt\u00f6nd\u00edjas k\u00e9pz\u00e9sek agr\u00e1r, gazdas\u00e1gtudom\u00e1nyok, informatika, m\u0171szaki, orvos- \u00e9s eg\u00e9szs\u00e9gtudom\u00e1nyi, pedag\u00f3gusk\u00e9pz\u00e9s, t\u00e1rsadalomtudom\u00e1nyi k\u00e9pz\u00e9si ter\u00fcletek alapk\u00e9pz\u00e9si szakjain indulhatnak.<br \/>\nA p\u00f3tfelv\u00e9teli elj\u00e1r\u00e1sban csak egy fels\u0151oktat\u00e1si int\u00e9zm\u00e9ny egyetlen k\u00e9pz\u00e9s\u00e9re lehet jelentkezni (ugyanazon szak \u00e1llami \u00f6szt\u00f6nd\u00edjas \u00e9s \u00f6nk\u00f6lts\u00e9ges form\u00e1ja egynek sz\u00e1m\u00edt) a <strong><a href=\"https:\/\/www.felvi.hu\/felveteli\/efelveteli\" target=\"_blank\" rel=\"noopener noreferrer\">felvi.hu<\/a><\/strong> honlapr\u00f3l el\u00e9rhet\u0151 E-felv\u00e9teliben augusztus 9., j\u00f6v\u0151 vas\u00e1rnap \u00e9jf\u00e9lig.<br \/>\nA jelentkez\u00e9st legk\u00e9s\u0151bb augusztus 9-\u00e9n \u00e9jf\u00e9lig hiteles\u00edteni is kell az \u00dcgyf\u00e9lkapun kereszt\u00fcl vagy az E-felv\u00e9teli fel\u00fclet\u00e9r\u0151l kinyomtatott \u00e9s al\u00e1\u00edrt hiteles\u00edt\u0151 adatlapot post\u00e1ra adva. Minden el\u0151\u00edrt dokumentum felt\u00f6lt\u00e9si hat\u00e1rideje augusztus 9. \u00e9jf\u00e9l.<br \/>\n<div class=\"ads-in-post2\"><script async src=\"https:\/\/pagead2.googlesyndication.com\/pagead\/js\/adsbygoogle.js\"><\/script>\r\n<ins class=\"adsbygoogle\"\r\n     style=\"display:block\"\r\n     data-ad-format=\"fluid\"\r\n     data-ad-layout-key=\"-6t+ed+2i-1n-4w\"\r\n     data-ad-client=\"ca-pub-1959107119989764\"\r\n     data-ad-slot=\"4008251320\"><\/ins>\r\n<script>\r\n     (adsbygoogle = window.adsbygoogle || []).push({});\r\n<\/script><\/div>\nA ponthat\u00e1rokat legk\u00e9s\u0151bb augusztus 28-\u00e1n hirdetik ki. A 2020. \u00e9vi \u00e1ltal\u00e1nos fels\u0151oktat\u00e1si felv\u00e9teli elj\u00e1r\u00e1sban m\u00e1r meghirdetett k\u00e9pz\u00e9sek eset\u00e9ben a p\u00f3tfelv\u00e9teli ponthat\u00e1ra nem lehet alacsonyabb a j\u00falius 23-\u00e1n meghat\u00e1rozottn\u00e1l. A ponthat\u00e1r egyetlen k\u00e9pz\u00e9s eset\u00e9ben sem lehet alacsonyabb a jogszab\u00e1lyi minimumn\u00e1l: alap- \u00e9s osztatlan k\u00e9pz\u00e9s eset\u00e9n 280, fels\u0151fok\u00fa szakk\u00e9pz\u00e9s eset\u00e9n 240, mesterk\u00e9pz\u00e9s eset\u00e9n pedig 50 pontn\u00e1l.<br \/>\nA felvett jelentkez\u0151k a felv\u00e9teli hat\u00e1rozatot \u00e9s a beiratkoz\u00e1ssal kapcsolatos tudnival\u00f3kat a ponthat\u00e1rok kihirdet\u00e9s\u00e9t k\u00f6vet\u0151en fels\u0151oktat\u00e1si int\u00e9zm\u00e9ny\u00fckt\u0151l kapj\u00e1k meg augusztus 31-ig &#8211; tudatta a hivatal.(MTI)<\/p>\n","protected":false},"excerpt":{"rendered":"<p>Az innov\u00e1ci\u00f3s \u00e9s technol\u00f3giai miniszter d\u00f6nt\u00e9se \u00e9rtelm\u00e9ben cs\u00fct\u00f6rt\u00f6k\u00f6n indul a 2020-as p\u00f3tfelv\u00e9teli elj\u00e1r\u00e1s. Az Oktat\u00e1si Hivatal cs\u00fct\u00f6rt\u00f6k este az MTI-vel k\u00f6z\u00f6lte: augusztus 9-\u00e9ig lehet p\u00f3tfelv\u00e9telire jelentkezni.<\/p>\n","protected":false},"author":1001006,"featured_media":0,"comment_status":"closed","ping_status":"open","sticky":false,"template":"","format":"standard","meta":[],"categories":[4],"tags":[],"_links":{"self":[{"href":"https:\/\/gazdasagportal.hu\/index.php\/wp-json\/wp\/v2\/posts\/128404"}],"collection":[{"href":"https:\/\/gazdasagportal.hu\/index.php\/wp-json\/wp\/v2\/posts"}],"about":[{"href":"https:\/\/gazdasagportal.hu\/index.php\/wp-json\/wp\/v2\/types\/post"}],"author":[{"embeddable":true,"href":"https:\/\/gazdasagportal.hu\/index.php\/wp-json\/wp\/v2\/users\/1001006"}],"replies":[{"embeddable":true,"href":"https:\/\/gazdasagportal.hu\/index.php\/wp-json\/wp\/v2\/comments?post=128404"}],"version-history":[{"count":1,"href":"https:\/\/gazdasagportal.hu\/index.php\/wp-json\/wp\/v2\/posts\/128404\/revisions"}],"predecessor-version":[{"id":128405,"href":"https:\/\/gazdasagportal.hu\/index.php\/wp-json\/wp\/v2\/posts\/128404\/revisions\/128405"}],"wp:attachment":[{"href":"https:\/\/gazdasagportal.hu\/index.php\/wp-json\/wp\/v2\/media?parent=128404"}],"wp:term":[{"taxonomy":"category","embeddable":true,"href":"https:\/\/gazdasagportal.hu\/index.php\/wp-json\/wp\/v2\/categories?post=128404"},{"taxonomy":"post_tag","embeddable":true,"href":"https:\/\/gazdasagportal.hu\/index.php\/wp-json\/wp\/v2\/tags?post=128404"}],"curies":[{"name":"wp","href":"https:\/\/api.w.org\/{rel}","templated":true}]}}