{"id":128371,"date":"2020-07-30T09:54:50","date_gmt":"2020-07-30T07:54:50","guid":{"rendered":"http:\/\/gazdasagportal.hu\/?p=128371"},"modified":"2020-07-30T11:53:48","modified_gmt":"2020-07-30T09:53:48","slug":"amerikai-torvenyhozok-szerint-tul-nagy-hatalomra-es-befolyasra-tett-szerint-a-negy-legnagyobb-internetes-ceg","status":"publish","type":"post","link":"https:\/\/gazdasagportal.hu\/index.php\/amerikai-torvenyhozok-szerint-tul-nagy-hatalomra-es-befolyasra-tett-szerint-a-negy-legnagyobb-internetes-ceg\/","title":{"rendered":"Amerikai t\u00f6rv\u00e9nyhoz\u00f3k szerint t\u00fal nagy hatalomra \u00e9s befoly\u00e1sra tett szerint a n\u00e9gy legnagyobb internetes c\u00e9g"},"content":{"rendered":"<p><strong>Az amerikai t\u00f6rv\u00e9nyhoz\u00f3k \u00fagy gondolj\u00e1k, hogy t\u00fal nagy a hatalomra \u00e9s befoly\u00e1sra tett szert a n\u00e9gy legnagyobb amerikai internetes c\u00e9g &#8211; az Amazon, az Apple, az Alphabet \u00e9s a Facebook -, legal\u00e1bbis t\u00f6bb amerikai t\u00f6rv\u00e9nyhoz\u00f3 osztotta ezt a v\u00e9lelm\u00e9nyt a v\u00e1llalatvezet\u0151k szerdai k\u00e9pvisel\u0151h\u00e1zi meghallgat\u00e1s\u00e1n.<\/strong><!--more--><\/p>\n<div class=\"ads-in-post1\"><div id=\"gazdasagportal.hu_fullbanner_wideboard\"><\/div>\r\n<\/div>\n<p>    Jeff Bezos, az Amazon, Tim Cook, az Apple, Sundai Pichar, az Alphabet &#8211; a Google le\u00e1nyv\u00e1llalata -, illetve Mark Zuckerberg, a Facebook vezet\u0151je telekonferenci\u00e1n v\u00e1laszolt szerd\u00e1n azokra a k\u00e9rd\u00e9sekre, amelyeket a k\u00e9pvisel\u0151h\u00e1z igazs\u00e1g\u00fcgyi bizotts\u00e1g\u00e1nak politikusai vetettek fel. A meghallgat\u00e1s meghirdetett t\u00e9m\u00e1ja a n\u00e9gy \u00f3ri\u00e1sv\u00e1llalat &#8222;uralkod\u00f3 helyzet\u00e9nek megvitat\u00e1sa&#8221; volt. A n\u00e9gy v\u00e1llalati vezet\u0151nek azzal a v\u00e1ddal kellett szemben\u00e9znie, hogy c\u00e9geik tisztess\u00e9gtelen versenypolitik\u00e1t folytatnak, t\u00fal nagy a hatalmuk \u00e9s a befoly\u00e1suk, \u00e9s ez nemcsak a potenci\u00e1lis vet\u00e9lyt\u00e1rsaknak, hanem a fogyaszt\u00f3knak is \u00e1rt.     A n\u00e9gy vezet\u0151 a maga igaz\u00e1t hangs\u00falyozta. Mark Zuckerberg, a Facebook eln\u00f6k-vez\u00e9rigazgat\u00f3ja \u00fagy fogalmazott, hogy c\u00e9ge b\u00fcszke amerikai v\u00e1llalkoz\u00e1s, Tim Cook, az Apple vez\u00e9rigazgat\u00f3ja azt hangoztatta, hogy az okostelefonokat is gy\u00e1rt\u00f3 v\u00e1llalat egyetlen piacon sem \u00e9lvez egyeduralkod\u00f3 helyzetet, az Amazon alap\u00edt\u00f3ja, Jeff Bezos pedig az \u00e9lett\u00f6rt\u00e9net\u00e9t \u00e9s az alapvet\u0151 v\u00e1llalati filoz\u00f3fi\u00e1j\u00e1t mutatta be.<br \/>\n<div class=\"ads-in-post1\"><div id=\"gazdasagportal.hu_fullbanner_wideboard\"><\/div>\r\n<\/div>\n    A k\u00e9pvisel\u0151k a c\u00e9gek k\u00f6z\u00e9pszint\u0171 vezet\u0151it\u0151l \u00e9s a versenyt\u00e1rsakt\u00f3l beszerzett bels\u0151 levelez\u00e9sekre \u00e9s m\u00e1s, t\u00f6bb mint egymilli\u00f3 dokumentumra hivatkozva azt \u00e1ll\u00edtott\u00e1k, hogy mind a n\u00e9gy c\u00e9g a fogyaszt\u00f3kra n\u00e9zve \u00e1rtalmas v\u00e1llalatpolitik\u00e1t folytat. David Cicilline demokrata p\u00e1rti k\u00e9pvisel\u0151, az igazs\u00e1g\u00fcgyi bizotts\u00e1g tr\u00f6sztellenes albizotts\u00e1g\u00e1nak eln\u00f6ke szerint  az \u00e1ltaluk alkalmazott gyakorlat sok esetben az amerikai gazdas\u00e1g eg\u00e9sz\u00e9re k\u00e1ros. A Rhode Island-i politikus hangs\u00falyozta: ez a n\u00e9gy v\u00e1llalat v\u00e1llalkoz\u00e1sokat b\u00e1tortalan\u00edt el, munkahelyeket tesz t\u00f6nkre, \u00e1rakat emel, \u00e9s ront a min\u0151s\u00e9gen. &#8222;Egysz\u00f3val: t\u00fal sok hatalmuk van&#8221; &#8211; sz\u00f6gezte le.<br \/>\n    Az Amazon eset\u00e9ben a t\u00f6rv\u00e9nyhoz\u00f3k k\u00fcl\u00f6n\u00f6sen kifog\u00e1solt\u00e1k a harmadik f\u00e9lt\u0151l sz\u00e1rmaz\u00f3 \u00e1ruk internetes forgalmaz\u00e1s\u00e1nak k\u00f6r\u00fclm\u00e9nyeit. Meg\u00e1llap\u00edtott\u00e1k: a harmadik f\u00e9llel &#8222;rosszul b\u00e1nnak, kihaszn\u00e1lj\u00e1k \u00e9s f\u00e9lres\u00f6prik&#8221;. Erre reag\u00e1lva Bezos csak annyit mondott: nem tudja garant\u00e1lni, hogy az Amazon alkalmank\u00e9nt nem s\u00e9rtett t\u00f6rv\u00e9nyt.       Jim Jordan ohi\u00f3i republik\u00e1nus k\u00e9pvisel\u0151 els\u0151sorban azt kifog\u00e1solta, hogy a Google vagy a Facebook szerinte h\u00e1tr\u00e1nyosan megk\u00fcl\u00f6nb\u00f6zteti a konzervat\u00edv tartalmakat, \u00e9s cenz\u00far\u00e1zza a jobboldali \u00e1ll\u00e1spontokat.<br \/>\n<div class=\"ads-in-post1\"><div id=\"gazdasagportal.hu_fullbanner_wideboard\"><\/div>\r\n<\/div>\n    Sem a k\u00e9pvisel\u0151h\u00e1zi bizotts\u00e1gnak, sem az albizotts\u00e1gnak nincs hat\u00e1sk\u00f6re ahhoz, hogy int\u00e9zked\u00e9seket foganatos\u00edttasson a n\u00e9gy nagy tech-v\u00e1llalat ellen, de javaslatot tehetnek v\u00e1ltoztat\u00e1sokra a sokak \u00e1ltal elavultnak \u00edt\u00e9lt tr\u00f6sztellenes t\u00f6rv\u00e9nyben.     Donald Trump amerikai eln\u00f6k a Twitteren jelezte, hogy figyelemmel k\u00eds\u00e9ri a meghallgat\u00e1st. &#8222;Ha a kongresszus nem k\u00e9nyszer\u00edti r\u00e1 a tisztess\u00e9ges magatart\u00e1sra a nagy tech-v\u00e1llalatokat, amit nekik m\u00e1r \u00e9vekkel ezel\u0151tt meg kellett volna tenni\u00fck, akkor majd \u00e9n fogok gondoskodni err\u0151l eln\u00f6ki rendelettel&#8221; &#8211; \u00edrta az eln\u00f6k a mikroblogon.<br \/>\n<div class=\"ads-in-post2\"><script async src=\"https:\/\/pagead2.googlesyndication.com\/pagead\/js\/adsbygoogle.js\"><\/script>\r\n<ins class=\"adsbygoogle\"\r\n     style=\"display:block\"\r\n     data-ad-format=\"fluid\"\r\n     data-ad-layout-key=\"-6t+ed+2i-1n-4w\"\r\n     data-ad-client=\"ca-pub-1959107119989764\"\r\n     data-ad-slot=\"4008251320\"><\/ins>\r\n<script>\r\n     (adsbygoogle = window.adsbygoogle || []).push({});\r\n<\/script><\/div>\n    Az igazs\u00e1g\u00fcgyi miniszt\u00e9rium m\u00e1r kor\u00e1bban is s\u00fcrgette a kongresszust, hogy szor\u00edtsa vissza az egyes online platformoknak &#8211; a Google-nak, a Twitternek \u00e9s a Facebooknak &#8211; v\u00e9delmet ny\u00fajt\u00f3 jogi kereteket. A t\u00e1rca olyan t\u00f6rv\u00e9nyek elt\u00f6rl\u00e9s\u00e9t szorgalmazza, amelyek lehet\u0151v\u00e9 teszik, hogy e platformok ne v\u00e1llaljanak felel\u0151ss\u00e9get a megjelentetett tartalmak\u00e9rt, illetve ne legyenek felel\u0151ss\u00e9gre vonhat\u00f3ak \u00e9rt\u00fck.<\/p>\n","protected":false},"excerpt":{"rendered":"<p>Az amerikai t\u00f6rv\u00e9nyhoz\u00f3k \u00fagy gondolj\u00e1k, hogy t\u00fal nagy a hatalomra \u00e9s befoly\u00e1sra tett szert a n\u00e9gy legnagyobb amerikai internetes c\u00e9g &#8211; az Amazon, az Apple, az Alphabet \u00e9s a Facebook -, legal\u00e1bbis t\u00f6bb amerikai t\u00f6rv\u00e9nyhoz\u00f3 osztotta ezt a v\u00e9lelm\u00e9nyt a v\u00e1llalatvezet\u0151k szerdai k\u00e9pvisel\u0151h\u00e1zi meghallgat\u00e1s\u00e1n.<\/p>\n","protected":false},"author":1001006,"featured_media":2112,"comment_status":"closed","ping_status":"open","sticky":false,"template":"","format":"standard","meta":[],"categories":[146,13,246],"tags":[],"_links":{"self":[{"href":"https:\/\/gazdasagportal.hu\/index.php\/wp-json\/wp\/v2\/posts\/128371"}],"collection":[{"href":"https:\/\/gazdasagportal.hu\/index.php\/wp-json\/wp\/v2\/posts"}],"about":[{"href":"https:\/\/gazdasagportal.hu\/index.php\/wp-json\/wp\/v2\/types\/post"}],"author":[{"embeddable":true,"href":"https:\/\/gazdasagportal.hu\/index.php\/wp-json\/wp\/v2\/users\/1001006"}],"replies":[{"embeddable":true,"href":"https:\/\/gazdasagportal.hu\/index.php\/wp-json\/wp\/v2\/comments?post=128371"}],"version-history":[{"count":1,"href":"https:\/\/gazdasagportal.hu\/index.php\/wp-json\/wp\/v2\/posts\/128371\/revisions"}],"predecessor-version":[{"id":128372,"href":"https:\/\/gazdasagportal.hu\/index.php\/wp-json\/wp\/v2\/posts\/128371\/revisions\/128372"}],"wp:featuredmedia":[{"embeddable":true,"href":"https:\/\/gazdasagportal.hu\/index.php\/wp-json\/wp\/v2\/media\/2112"}],"wp:attachment":[{"href":"https:\/\/gazdasagportal.hu\/index.php\/wp-json\/wp\/v2\/media?parent=128371"}],"wp:term":[{"taxonomy":"category","embeddable":true,"href":"https:\/\/gazdasagportal.hu\/index.php\/wp-json\/wp\/v2\/categories?post=128371"},{"taxonomy":"post_tag","embeddable":true,"href":"https:\/\/gazdasagportal.hu\/index.php\/wp-json\/wp\/v2\/tags?post=128371"}],"curies":[{"name":"wp","href":"https:\/\/api.w.org\/{rel}","templated":true}]}}