{"id":128363,"date":"2020-07-30T07:04:51","date_gmt":"2020-07-30T05:04:51","guid":{"rendered":"http:\/\/gazdasagportal.hu\/?p=128363"},"modified":"2020-07-29T23:24:06","modified_gmt":"2020-07-29T21:24:06","slug":"koronavirus-romaniaban-az-1200-at-kozeliti-a-napi-esetszam","status":"publish","type":"post","link":"https:\/\/gazdasagportal.hu\/index.php\/koronavirus-romaniaban-az-1200-at-kozeliti-a-napi-esetszam\/","title":{"rendered":"Koronav\u00edrus &#8211; Rom\u00e1ni\u00e1ban az 1200-at k\u00f6zel\u00edti a napi esetsz\u00e1m"},"content":{"rendered":"<p><strong>Rom\u00e1ni\u00e1ban az 1200-at k\u00f6zel\u00edti az egy nap alatt diagnosztiz\u00e1lt koronav\u00edrus-fert\u0151z\u00e9sek sz\u00e1ma, a fert\u0151z\u00e9si g\u00f3cok t\u00falterhelt k\u00f3rh\u00e1zaiban kialakult szem\u00e9lyzethi\u00e1ny p\u00f3tl\u00e1sa \u00e9rdek\u00e9ben a szakt\u00e1rca a h\u00e9ten megkezdi orvosok \u00e9s \u00e1pol\u00f3k ideiglenes \u00e1thelyez\u00e9s\u00e9t.<\/strong><!--more--><\/p>\n<div class=\"ads-in-post1\"><div id=\"gazdasagportal.hu_fullbanner_wideboard\"><\/div>\r\n<\/div>\n<p>    A strat\u00e9giai kommunik\u00e1ci\u00f3s t\u00f6rzs szerdai jelent\u00e9se szerint az ut\u00f3bbi 24 \u00f3r\u00e1ban 1182 embern\u00e9l mutatt\u00e1k ki a koronav\u00edrust. Rom\u00e1ni\u00e1ban nyolcadik napja meghaladja az ezret a napi esetsz\u00e1m, de az ut\u00f3bbi napokban m\u00e1r nem gyorsult tov\u00e1bb az ismert fert\u0151z\u00e9sek \u00fcteme.<br \/>\n    Ez a j\u00e1rv\u00e1ny tet\u0151z\u00e9s\u00e9t is jelezheti, de azzal is \u00f6sszef\u00fcgg\u00e9sben \u00e1llhat, hogy az orsz\u00e1gban nem n\u0151tt a fert\u0151z\u00e9sek terjed\u00e9s\u00e9nek \u00fctem\u00e9ben a tesztel\u00e9si kapacit\u00e1s. A laborkapacit\u00e1sok jelent\u0151s r\u00e9sz\u00e9t &#8211; t\u00f6bb mint egy harmad\u00e1t &#8211; nem az orvosi javallatra, hanem a k\u00fclf\u00f6ldi nyaral\u00e1sra k\u00e9sz\u00fcl\u0151k saj\u00e1t kezdem\u00e9nyez\u00e9sre v\u00e9gzett mintav\u00e9telek ki\u00e9rt\u00e9kel\u00e9se k\u00f6ti le.<br \/>\n    Naponta \u00e1tlagosan 22 ezer koronav\u00edrus-tesztet v\u00e9geznek, amelyek mintegy 5 sz\u00e1zal\u00e9ka bizonyul pozit\u00edvnak.<br \/>\n<div class=\"ads-in-post1\"><div id=\"gazdasagportal.hu_fullbanner_wideboard\"><\/div>\r\n<\/div>\n    Szerd\u00e1n \u00fajabb 30 hal\u00e1lesetet jelentettek, \u00e9s meghaladta a 19 500-at az ismert akt\u00edv esetek sz\u00e1ma. K\u00f6z\u00fcl\u00fck csaknem h\u00e9tezren vannak k\u00f3rh\u00e1zban, 377 koronav\u00edrus-fert\u0151z\u00f6tt pedig intenz\u00edv \u00e1pol\u00e1sra szorul.<br \/>\n    Mivel a j\u00e1rv\u00e1ny f\u0151leg a f\u0151v\u00e1rosban \u00e9s a Bukarest \u00e9szaki szomsz\u00e9ds\u00e1g\u00e1ban tal\u00e1lhat\u00f3 megy\u00e9kben terjed, ezekben a t\u00e9rs\u00e9gekben helyhi\u00e1ny alakult ki a koronav\u00edrusos betegek sz\u00e1m\u00e1ra elk\u00fcl\u00f6n\u00edtett k\u00f3rh\u00e1zak intenz\u00edv ter\u00e1pi\u00e1s r\u00e9szlegein.<br \/>\n    Nelu Tataru eg\u00e9szs\u00e9g\u00fcgyi miniszter szerint a s\u00falyos \u00e1llapotban l\u00e9v\u0151 betegek utaztat\u00e1sa kock\u00e1zatos lenne, ez\u00e9rt ink\u00e1bb a fert\u0151z\u00e9si g\u00f3cokban igyekeznek n\u00f6velni a kezel\u00e9si kapacit\u00e1st az \u00fajonnan \u00e9p\u00edtett modul\u00e1ris k\u00f3rh\u00e1zak be\u00fczemel\u00e9s\u00e9vel, \u00e9s a megl\u00e9v\u0151 f\u00e9r\u0151helyek Covid-19-es k\u00f3rh\u00e1zz\u00e1 min\u0151s\u00edt\u00e9s\u00e9vel.<br \/>\n    Elmond\u00e1sa szerint egyel\u0151re nem a m\u0171szaki felszerel\u00e9sben &#8211; l\u00e9legeztet\u0151 g\u00e9pekben, intenz\u00edv ter\u00e1pi\u00e1s \u00e1gyakban -, hanem a speci\u00e1lis felszerel\u00e9seket m\u0171k\u00f6dtet\u0151 szakszem\u00e9lyzetben van hi\u00e1ny.<br \/>\n<div class=\"ads-in-post2\"><script async src=\"https:\/\/pagead2.googlesyndication.com\/pagead\/js\/adsbygoogle.js\"><\/script>\r\n<ins class=\"adsbygoogle\"\r\n     style=\"display:block\"\r\n     data-ad-format=\"fluid\"\r\n     data-ad-layout-key=\"-6t+ed+2i-1n-4w\"\r\n     data-ad-client=\"ca-pub-1959107119989764\"\r\n     data-ad-slot=\"4008251320\"><\/ins>\r\n<script>\r\n     (adsbygoogle = window.adsbygoogle || []).push({});\r\n<\/script><\/div>\n    B\u00e1r a m\u00falt h\u00e9ten hat\u00e1lyba l\u00e9pett karant\u00e9nt\u00f6rv\u00e9ny \u00e9rtelm\u00e9ben a j\u00e1rv\u00e1ny miatt leterhelt j\u00e1rv\u00e1nyk\u00f3rh\u00e1zak szem\u00e9lyzethi\u00e1ny\u00e1t els\u0151sorban a szakt\u00e1rca \u00e1ltal el\u0151zetesen nyilv\u00e1ntart\u00e1sba vett \u00f6nk\u00e9ntesek mozg\u00f3s\u00edt\u00e1s\u00e1val kell megoldani, nagyon kev\u00e9s \u00f6nk\u00e9ntes jelentkezett, ez\u00e9rt elker\u00fclhetetlen lesz az orvosok \u00e9s \u00e1pol\u00f3k \u00e1thelyez\u00e9se a kev\u00e9sb\u00e9 fert\u0151z\u00f6tt t\u00e9rs\u00e9gekb\u0151l &#8211; k\u00f6z\u00f6lte.<br \/>\n    A miniszter szerint m\u00e1r a h\u00e9ten megkezdik az eg\u00e9szs\u00e9g\u00fcgyi szem\u00e9lyzet rendeleti \u00faton t\u00f6rt\u00e9n\u0151 ideiglenes &#8211; legfeljebb 30 napos &#8211; \u00e1thelyez\u00e9s\u00e9t. Nelu Tataru azonban felh\u00edvta a figyelmet: a j\u00e1rv\u00e1nyt nem a k\u00f3rh\u00e1zakban, hanem a fert\u0151z\u00e9s terjed\u00e9s\u00e9t megakad\u00e1lyoz\u00f3 \u00f3vint\u00e9zked\u00e9sek fegyelmezett betart\u00e1s\u00e1val lehet csak legy\u0151zni.<br \/>\n<div class=\"ads-in-post1\"><div id=\"gazdasagportal.hu_fullbanner_wideboard\"><\/div>\r\n<\/div>\n    Az eg\u00e9szs\u00e9g\u00fcgyi miniszter a szerda esti korm\u00e1ny\u00fcl\u00e9s elej\u00e9n azt k\u00f6z\u00f6lte, hogy jelenleg orsz\u00e1gos szinten 840 intenz\u00edv ter\u00e1pi\u00e1s hely \u00e1ll a koronav\u00edrusos betegek rendelkez\u00e9sre, az intenz\u00edv oszt\u00e1lyokon kezelt 377 p\u00e1ciens k\u00f6z\u00fcl 112-en vannak l\u00e9legeztet\u0151g\u00e9pen.<br \/>\n    A korm\u00e1ny\u00fcl\u00e9sen Ludovic Orban minisztereln\u00f6k is meger\u0151s\u00edtette az orvosok \u00e1thelyez\u00e9s\u00e9nek sz\u00fcks\u00e9gess\u00e9g\u00e9t \u00e9s felk\u00e9rte a szakt\u00e1rca vezet\u0151j\u00e9t: k\u00e9sz\u00edtsenek el\u0151 egy \u00fajabb &#8222;v\u00e9delmi vonalat&#8221; az egyre nagyobb sz\u00e1mban \u00e9rkez\u0151 betegek megfelel\u0151 ell\u00e1t\u00e1sa \u00e9rdek\u00e9ben.(MTI)<\/p>\n","protected":false},"excerpt":{"rendered":"<p>Rom\u00e1ni\u00e1ban az 1200-at k\u00f6zel\u00edti az egy nap alatt diagnosztiz\u00e1lt koronav\u00edrus-fert\u0151z\u00e9sek sz\u00e1ma, a fert\u0151z\u00e9si g\u00f3cok t\u00falterhelt k\u00f3rh\u00e1zaiban kialakult szem\u00e9lyzethi\u00e1ny p\u00f3tl\u00e1sa \u00e9rdek\u00e9ben a szakt\u00e1rca a h\u00e9ten megkezdi orvosok \u00e9s \u00e1pol\u00f3k ideiglenes \u00e1thelyez\u00e9s\u00e9t.<\/p>\n","protected":false},"author":1001006,"featured_media":0,"comment_status":"closed","ping_status":"open","sticky":false,"template":"","format":"standard","meta":[],"categories":[12,427],"tags":[],"_links":{"self":[{"href":"https:\/\/gazdasagportal.hu\/index.php\/wp-json\/wp\/v2\/posts\/128363"}],"collection":[{"href":"https:\/\/gazdasagportal.hu\/index.php\/wp-json\/wp\/v2\/posts"}],"about":[{"href":"https:\/\/gazdasagportal.hu\/index.php\/wp-json\/wp\/v2\/types\/post"}],"author":[{"embeddable":true,"href":"https:\/\/gazdasagportal.hu\/index.php\/wp-json\/wp\/v2\/users\/1001006"}],"replies":[{"embeddable":true,"href":"https:\/\/gazdasagportal.hu\/index.php\/wp-json\/wp\/v2\/comments?post=128363"}],"version-history":[{"count":1,"href":"https:\/\/gazdasagportal.hu\/index.php\/wp-json\/wp\/v2\/posts\/128363\/revisions"}],"predecessor-version":[{"id":128364,"href":"https:\/\/gazdasagportal.hu\/index.php\/wp-json\/wp\/v2\/posts\/128363\/revisions\/128364"}],"wp:attachment":[{"href":"https:\/\/gazdasagportal.hu\/index.php\/wp-json\/wp\/v2\/media?parent=128363"}],"wp:term":[{"taxonomy":"category","embeddable":true,"href":"https:\/\/gazdasagportal.hu\/index.php\/wp-json\/wp\/v2\/categories?post=128363"},{"taxonomy":"post_tag","embeddable":true,"href":"https:\/\/gazdasagportal.hu\/index.php\/wp-json\/wp\/v2\/tags?post=128363"}],"curies":[{"name":"wp","href":"https:\/\/api.w.org\/{rel}","templated":true}]}}