{"id":128357,"date":"2020-07-30T05:33:09","date_gmt":"2020-07-30T03:33:09","guid":{"rendered":"http:\/\/gazdasagportal.hu\/?p=128357"},"modified":"2020-07-29T21:58:01","modified_gmt":"2020-07-29T19:58:01","slug":"koronavirus-ismet-novekedett-a-fertozottek-szama-ausztriaban-2","status":"publish","type":"post","link":"https:\/\/gazdasagportal.hu\/index.php\/koronavirus-ismet-novekedett-a-fertozottek-szama-ausztriaban-2\/","title":{"rendered":"Koronav\u00edrus &#8211; Ism\u00e9t n\u00f6vekedett a fert\u0151z\u00f6ttek sz\u00e1ma Ausztri\u00e1ban"},"content":{"rendered":"<p><strong>Az elm\u00falt 24 \u00f3r\u00e1ban 173 \u00faj koronav\u00edrus-fert\u0151z\u00f6ttet diagnosztiz\u00e1ltak Ausztri\u00e1ban, a legt\u00f6bben B\u00e9csben (81 f\u0151) kapt\u00e1k el a fert\u0151z\u00e9st az osztr\u00e1k Eg\u00e9szs\u00e9g\u00fcgyi Miniszt\u00e9rium szerdai jelent\u00e9se szerint.<\/strong><!--more--><\/p>\n<div class=\"ads-in-post1\"><div id=\"gazdasagportal.hu_fullbanner_wideboard\"><\/div>\r\n<\/div>\n<p>    Eddig 20 850 ember koronav\u00edrus-tesztje lett pozit\u00edv Ausztri\u00e1ban. K\u00f6z\u00fcl\u00fck 716-an haltak bele a fert\u0151z\u00e9s okozta betegs\u00e9gbe, 18 528-an meggy\u00f3gyultak.<br \/>\n    Tirol tartom\u00e1nyban kedd \u00f3ta 27 \u00faj esetet regisztr\u00e1ltak, ezek k\u00f6z\u00fcl \u00f6ten egy cirkuszban kialakult fert\u0151z\u00e9si g\u00f3cpontban kapt\u00e1k meg a fert\u0151z\u00e9st.<br \/>\n    A korm\u00e1ny \u00fagy d\u00f6nt\u00f6tt, hogy okt\u00f3bert\u0151l tov\u00e1bbi hat h\u00f3napon \u00e1t t\u00e1mogatja azokat a c\u00e9geket, amelyek lehet\u0151v\u00e9 teszik a r\u00e9szmunkaid\u0151s foglalkoztat\u00e1st munkav\u00e1llal\u00f3ik sz\u00e1m\u00e1ra, ahelyett, hogy elbocs\u00e1tan\u00e1k \u0151ket.<br \/>\n<div class=\"ads-in-post1\"><div id=\"gazdasagportal.hu_fullbanner_wideboard\"><\/div>\r\n<\/div>\n    Christine Aschbacher munka\u00fcgyi miniszter ismertette: l\u00e9trehoznak egy alapot, \u00e9s annak seg\u00edts\u00e9g\u00e9vel legfeljebb sz\u00e1zezer ember k\u00e9pz\u00e9s\u00e9t, illetve tov\u00e1bbk\u00e9pz\u00e9s\u00e9t tudj\u00e1k biztos\u00edtani.<br \/>\n    Ezzel egy\u00fctt k\u00fcl\u00f6n\u00f6s hangs\u00falyt helyeztek a n\u0151k es\u00e9lyeinek n\u00f6vel\u00e9s\u00e9re &#8211; tette hozz\u00e1.<br \/>\n     Wolfgang Katzian, az Osztr\u00e1k Szakszervezeti Sz\u00f6vets\u00e9g (\u00d6GB) vezet\u0151je &#8222;sikert\u00f6rt\u00e9netnek&#8221; nevezte a r\u00e9szmunkaid\u0151s foglalkoztat\u00e1st, mivel annak seg\u00edts\u00e9g\u00e9vel sz\u00e1mos munkahelyet mentettek meg.(MTI)<\/p>\n","protected":false},"excerpt":{"rendered":"<p>Az elm\u00falt 24 \u00f3r\u00e1ban 173 \u00faj koronav\u00edrus-fert\u0151z\u00f6ttet diagnosztiz\u00e1ltak Ausztri\u00e1ban, a legt\u00f6bben B\u00e9csben (81 f\u0151) kapt\u00e1k el a fert\u0151z\u00e9st az osztr\u00e1k Eg\u00e9szs\u00e9g\u00fcgyi Miniszt\u00e9rium szerdai jelent\u00e9se szerint.<\/p>\n","protected":false},"author":1001006,"featured_media":0,"comment_status":"closed","ping_status":"open","sticky":false,"template":"","format":"standard","meta":[],"categories":[12,427],"tags":[],"_links":{"self":[{"href":"https:\/\/gazdasagportal.hu\/index.php\/wp-json\/wp\/v2\/posts\/128357"}],"collection":[{"href":"https:\/\/gazdasagportal.hu\/index.php\/wp-json\/wp\/v2\/posts"}],"about":[{"href":"https:\/\/gazdasagportal.hu\/index.php\/wp-json\/wp\/v2\/types\/post"}],"author":[{"embeddable":true,"href":"https:\/\/gazdasagportal.hu\/index.php\/wp-json\/wp\/v2\/users\/1001006"}],"replies":[{"embeddable":true,"href":"https:\/\/gazdasagportal.hu\/index.php\/wp-json\/wp\/v2\/comments?post=128357"}],"version-history":[{"count":1,"href":"https:\/\/gazdasagportal.hu\/index.php\/wp-json\/wp\/v2\/posts\/128357\/revisions"}],"predecessor-version":[{"id":128358,"href":"https:\/\/gazdasagportal.hu\/index.php\/wp-json\/wp\/v2\/posts\/128357\/revisions\/128358"}],"wp:attachment":[{"href":"https:\/\/gazdasagportal.hu\/index.php\/wp-json\/wp\/v2\/media?parent=128357"}],"wp:term":[{"taxonomy":"category","embeddable":true,"href":"https:\/\/gazdasagportal.hu\/index.php\/wp-json\/wp\/v2\/categories?post=128357"},{"taxonomy":"post_tag","embeddable":true,"href":"https:\/\/gazdasagportal.hu\/index.php\/wp-json\/wp\/v2\/tags?post=128357"}],"curies":[{"name":"wp","href":"https:\/\/api.w.org\/{rel}","templated":true}]}}