{"id":128349,"date":"2020-07-29T17:10:28","date_gmt":"2020-07-29T15:10:28","guid":{"rendered":"http:\/\/gazdasagportal.hu\/?p=128349"},"modified":"2020-07-29T17:10:28","modified_gmt":"2020-07-29T15:10:28","slug":"koronavirus-putyin-meg-mindket-iranyba-billenhet-a-jarvanyhelyzet","status":"publish","type":"post","link":"https:\/\/gazdasagportal.hu\/index.php\/koronavirus-putyin-meg-mindket-iranyba-billenhet-a-jarvanyhelyzet\/","title":{"rendered":"Koronav\u00edrus &#8211; Putyin: m\u00e9g mindk\u00e9t ir\u00e1nyba billenhet a j\u00e1rv\u00e1nyhelyzet"},"content":{"rendered":"<p><strong>A Covid-19-fert\u0151z\u00f6ttek sz\u00e1ma cs\u00f6kken ugyan Oroszorsz\u00e1gban, de a j\u00e1rv\u00e1nyhelyzet komoly, \u00e9s m\u00e9g b\u00e1rmely ir\u00e1nyba billenhet &#8211; figyelmeztetett Vlagyimir Putyin orosz eln\u00f6k a v\u00e9dekez\u00e9sr\u0151l a korm\u00e1ny illet\u00e9keseinek bevon\u00e1s\u00e1val szerd\u00e1n megtartott videokonferenci\u00e1n.<\/strong><!--more--><\/p>\n<div class=\"ads-in-post1\"><div id=\"gazdasagportal.hu_fullbanner_wideboard\"><\/div>\r\n<\/div>\n<p>    Az \u00fajonnan kimutatott fert\u0151z\u00e9sek sz\u00e1ma a m\u00e1jusi cs\u00facsid\u0151szak \u00f3ta gyakorlatilag a fel\u00e9re cs\u00f6kkent, de nem szabad sietni az eg\u00e9szs\u00e9g\u00fcgyi \u00f3vint\u00e9zked\u00e9sek felold\u00e1s\u00e1val, mert m\u00e9g t\u00e1volr\u00f3l sem siker\u00fclt az orsz\u00e1g \u00f6sszes r\u00e9gi\u00f3j\u00e1ban stabiliz\u00e1lni a n\u00f6veked\u00e9s \u00fctem\u00e9nek cs\u00f6kken\u00e9s\u00e9t &#8211; mondta.<br \/>\n    Tatyjana Golikova minisztereln\u00f6k-helyettes k\u00f6z\u00f6lte, hogy a Gamaleja Int\u00e9zet olt\u00f3anyag\u00e1nak felt\u00e9teles \u00e1llami bejegyz\u00e9se augusztusban v\u00e1rhat\u00f3, ezt k\u00f6vet\u0151en kezd\u0151dik a szer kipr\u00f3b\u00e1l\u00e1sa 1600 emberen. A gy\u00e1rt\u00e1s megkezd\u00e9s\u00e9t szeptemberre tervezik.<br \/>\n    Besz\u00e1mol\u00f3ja szerint a novoszibirszki Vektor tudom\u00e1nyos k\u00f6zpont \u00e1ltal kifejlesztett vakcina tesztel\u00e9s\u00e9t a tervek szerint szeptemberben fejezik be. Ugyanebben a h\u00f3napban fogj\u00e1k bejegyezni, az els\u0151 t\u00e9telt pedig okt\u00f3berben gy\u00e1rtj\u00e1k le.<br \/>\n<div class=\"ads-in-post1\"><div id=\"gazdasagportal.hu_fullbanner_wideboard\"><\/div>\r\n<\/div>\n    Ilnaz Imatgyinov, a novoszibirszki sz\u00e9khely\u0171 Vektor virol\u00f3giai \u00e9s biotechnol\u00f3giai int\u00e9zet vezet\u0151je a nap folyam\u00e1n a Rosszija 24 h\u00edrtelev\u00edzi\u00f3nak azt mondta, arra sz\u00e1m\u00edt, hogy ennek az olt\u00f3anyagnak a t\u00f6meggy\u00e1rt\u00e1sa az \u00e9v v\u00e9g\u00e9n, vagy 2021 elej\u00e9n kezd\u0151dhet meg.<br \/>\n    Az igazolt Covid-19-fert\u0151z\u00e9sek sz\u00e1ma 5475-tel 828 990-re emelkedett az elm\u00falt egy nap alatt Oroszorsz\u00e1gban a szerd\u00e1n k\u00f6z\u00f6lt hivatalos adatok szerint. Az akt\u00edv esetek sz\u00e1ma 2810-zel 194 984-re cs\u00f6kkent. A hal\u00e1loz\u00e1sok sz\u00e1ma 169-cel 13 673-ra, a gy\u00f3gyultak\u00e9 pedig 8116-tal 620 333-ra emelkedett. Mihail Murasko eg\u00e9szs\u00e9g\u00fcgyi miniszter k\u00f6z\u00f6lte, hogy az orsz\u00e1gban mintegy h\u00e1romezren vannak l\u00e9legeztet\u0151g\u00e9pen.<br \/>\n<div class=\"ads-in-post1\"><div id=\"gazdasagportal.hu_fullbanner_wideboard\"><\/div>\r\n<\/div>\n    Golikova azt mondta, hogy hal\u00e1loz\u00e1si r\u00e1ta nem \u00e9ri el a 2,5 sz\u00e1zal\u00e9kot, ami &#8222;jelent\u0151sen alacsonyabb, mint a vil\u00e1g egy sor orsz\u00e1g\u00e1ban&#8221;.<br \/>\n    Anna Popova tisztif\u0151orvos, a fogyaszt\u00f3v\u00e9delmi fel\u00fcgyelet (Roszpotrebnadzor) vezet\u0151je r\u00e1mutatott, hogy a Covid-19 terjed\u00e9si sebess\u00e9g a tizede a m\u00e1jus 10-\u00e9n m\u00e9rtnek, vagyis 7-r\u0151l 0,7 sz\u00e1zal\u00e9kra cs\u00f6kkent.<br \/>\n    Szergej Szobjanyin moszkvai polg\u00e1rmester bejelentette, hogy augusztus v\u00e9g\u00e9ig nem sz\u00e1nd\u00e9kozik feloldani a t\u00f6megrendezv\u00e9nyekre vonatkoz\u00f3 tilalmat. Helyettese, Vlagyimir Jefimov \u00fagy fogalmazott, hogy Moszkva 90-95 sz\u00e1zal\u00e9kban &#8222;megny\u00edlt&#8221;.(MTI)<\/p>\n","protected":false},"excerpt":{"rendered":"<p>A Covid-19-fert\u0151z\u00f6ttek sz\u00e1ma cs\u00f6kken ugyan Oroszorsz\u00e1gban, de a j\u00e1rv\u00e1nyhelyzet komoly, \u00e9s m\u00e9g b\u00e1rmely ir\u00e1nyba billenhet &#8211; figyelmeztetett Vlagyimir Putyin orosz eln\u00f6k a v\u00e9dekez\u00e9sr\u0151l a korm\u00e1ny illet\u00e9keseinek bevon\u00e1s\u00e1val szerd\u00e1n megtartott videokonferenci\u00e1n.<\/p>\n","protected":false},"author":1001006,"featured_media":0,"comment_status":"closed","ping_status":"open","sticky":false,"template":"","format":"standard","meta":[],"categories":[12,427],"tags":[],"_links":{"self":[{"href":"https:\/\/gazdasagportal.hu\/index.php\/wp-json\/wp\/v2\/posts\/128349"}],"collection":[{"href":"https:\/\/gazdasagportal.hu\/index.php\/wp-json\/wp\/v2\/posts"}],"about":[{"href":"https:\/\/gazdasagportal.hu\/index.php\/wp-json\/wp\/v2\/types\/post"}],"author":[{"embeddable":true,"href":"https:\/\/gazdasagportal.hu\/index.php\/wp-json\/wp\/v2\/users\/1001006"}],"replies":[{"embeddable":true,"href":"https:\/\/gazdasagportal.hu\/index.php\/wp-json\/wp\/v2\/comments?post=128349"}],"version-history":[{"count":1,"href":"https:\/\/gazdasagportal.hu\/index.php\/wp-json\/wp\/v2\/posts\/128349\/revisions"}],"predecessor-version":[{"id":128350,"href":"https:\/\/gazdasagportal.hu\/index.php\/wp-json\/wp\/v2\/posts\/128349\/revisions\/128350"}],"wp:attachment":[{"href":"https:\/\/gazdasagportal.hu\/index.php\/wp-json\/wp\/v2\/media?parent=128349"}],"wp:term":[{"taxonomy":"category","embeddable":true,"href":"https:\/\/gazdasagportal.hu\/index.php\/wp-json\/wp\/v2\/categories?post=128349"},{"taxonomy":"post_tag","embeddable":true,"href":"https:\/\/gazdasagportal.hu\/index.php\/wp-json\/wp\/v2\/tags?post=128349"}],"curies":[{"name":"wp","href":"https:\/\/api.w.org\/{rel}","templated":true}]}}