{"id":128332,"date":"2020-07-29T10:14:28","date_gmt":"2020-07-29T08:14:28","guid":{"rendered":"http:\/\/gazdasagportal.hu\/?p=128332"},"modified":"2020-07-29T10:14:29","modified_gmt":"2020-07-29T08:14:29","slug":"a-masodik-negyedevben-103-ezerrel-dolgoztak-kevesebben-mint-egy-evvel-ezelott","status":"publish","type":"post","link":"https:\/\/gazdasagportal.hu\/index.php\/a-masodik-negyedevben-103-ezerrel-dolgoztak-kevesebben-mint-egy-evvel-ezelott\/","title":{"rendered":"A m\u00e1sodik negyed\u00e9vben 103 ezerrel dolgoztak kevesebben, mint egy \u00e9vvel ezel\u0151tt"},"content":{"rendered":"<p><strong>Az \u00e1prilis-j\u00faniusi id\u0151szakban a foglalkoztatottak \u00e1tlagos l\u00e9tsz\u00e1ma 4 milli\u00f3 408 ezer, a 15-64 \u00e9vesek foglalkoztat\u00e1si r\u00e1t\u00e1ja 68,7 sz\u00e1zal\u00e9kos volt. A foglalkoztatottak sz\u00e1ma 103 ezerrel (2,3 sz\u00e1zal\u00e9kkal), a foglalkoztat\u00e1si r\u00e1ta 1,3 sz\u00e1zal\u00e9kponttal alacsonyabb az egy \u00e9vvel kor\u00e1bbin\u00e1l. A koronav\u00edrus-j\u00e1rv\u00e1ny gazdas\u00e1gi k\u00f6vetkezm\u00e9nyei a vizsg\u00e1lt id\u0151szakot teljes eg\u00e9sz\u00e9ben \u00e9rintett\u00e9k, \u00edgy hat\u00e1sai a k\u00f6z\u00f6lt foglalkoztat\u00e1si adatokban megjelennek &#8211; jelentette szerd\u00e1n a K\u00f6zponti Statisztikai Hivatal (KSH).<\/strong><!--more--><\/p>\n<div class=\"ads-in-post1\"><div id=\"gazdasagportal.hu_fullbanner_wideboard\"><\/div>\r\n<\/div>\n<p>    J\u00faniusban a foglalkoztatottak \u00e1tlagos l\u00e9tsz\u00e1ma 4 milli\u00f3 457 ezer volt, az el\u0151z\u0151 h\u00f3naphoz k\u00e9pest 58 ezerrel t\u00f6bb, az egy \u00e9vvel kor\u00e1bbihoz k\u00e9pest 38 ezerrel kevesebb. A 15-64 \u00e9vesek foglalkoztat\u00e1si r\u00e1t\u00e1ja 69,4 sz\u00e1zal\u00e9kos volt, ami a m\u00e1jusi \u00e9rt\u00e9khez k\u00e9pest 0,9 sz\u00e1zal\u00e9kponttal emelkedett, az el\u0151z\u0151 \u00e9v j\u00fanius\u00e1hoz k\u00e9pest pedig 0,5 sz\u00e1zal\u00e9kponttal m\u00e9rs\u00e9kl\u0151d\u00f6tt.<br \/>\n    A 15-64 \u00e9ves foglalkoztatottak sz\u00e1ma 118 ezerrel volt alacsonyabb, mint a m\u00falt \u00e9v m\u00e1sodik negyed\u00e9v\u00e9ben, egyform\u00e1n egyenl\u0151 ar\u00e1nyban 59-59 ezren sorol\u00f3dtak a munkan\u00e9lk\u00fcliek, illetve cs\u00f6kkentett\u00e9k a munkaer\u0151piacon jelenl\u00e9v\u0151 akt\u00edv n\u00e9pess\u00e9g t\u00e1bor\u00e1t. Az akt\u00edv n\u00e9pess\u00e9g cs\u00f6kken\u00e9s\u00e9b\u0151l 11 ezren n\u00f6velt\u00e9k a munaker\u0151piacr\u00f3l t\u00e1vol marad\u00f3 inakt\u00edvak l\u00e9tsz\u00e1m\u00e1t, \u00e9s 48 ezerrel cs\u00f6kkent a koroszt\u00e1ly l\u00e9leksz\u00e1ma.<br \/>\n    \u00c1prilis-j\u00faniusban az els\u0151dleges munkaer\u0151piacon dolgoz\u00f3k sz\u00e1ma 55 ezerrel, a magukat k\u00f6zfoglalkoztatottaknak vall\u00f3k\u00e9 28 ezerrel, a magyarorsz\u00e1gi h\u00e1ztart\u00e1sok k\u00fclf\u00f6ld\u00f6n dolgoz\u00f3 tagjai\u00e9 pedig 19 ezerrel cs\u00f6kkent.<br \/>\n<div class=\"ads-in-post1\"><div id=\"gazdasagportal.hu_fullbanner_wideboard\"><\/div>\r\n<\/div>\n    A 15-24 \u00e9ves fiatalok korcsoportj\u00e1ban a foglalkoztatottak sz\u00e1ma 29 ezerrel, 257 ezerre, a foglalkoztat\u00e1si r\u00e1ta 2,4 sz\u00e1zal\u00e9kponttal, 25,7 sz\u00e1zal\u00e9kra m\u00e9rs\u00e9kl\u0151d\u00f6tt. A legjobb munkav\u00e1llal\u00e1si kor\u00fa 25-54 \u00e9ves n\u00e9pess\u00e9g k\u00f6r\u00e9ben a foglalkoztatottak sz\u00e1ma 94 ezerrel, 3 milli\u00f3 359 ezerre, a foglalkoztat\u00e1si r\u00e1ta 2,6 sz\u00e1zal\u00e9kponttal, 82,0 sz\u00e1zal\u00e9kra cs\u00f6kkent. Az 55-64 \u00e9ves id\u0151sebb koroszt\u00e1lyban a foglalkoztatottak l\u00e9tsz\u00e1ma 701 ezer volt, a foglalkoztat\u00e1si r\u00e1ta &#8211; r\u00e9szben demogr\u00e1fiai okb\u00f3l &#8211; 2,7 sz\u00e1zal\u00e9kponttal, 58,8 sz\u00e1zal\u00e9kra emelkedett.<br \/>\n    A 20-64 \u00e9ves korcsoportban -, amelyre az Eur\u00f3pa 2020 strat\u00e9gi\u00e1ban az Eur\u00f3pai Uni\u00f3 2020-ra 75 sz\u00e1zal\u00e9kos c\u00e9l\u00e9rt\u00e9ket t\u0171z\u00f6tt ki \u00e9s ezt Magyarorsz\u00e1g a koronav\u00edrus-j\u00e1rv\u00e1nyt megel\u0151z\u0151en el is \u00e9rte &#8211; foglalkoztat\u00e1si r\u00e1ta egy \u00e9v alatt 1,1 sz\u00e1zal\u00e9kponttal, 74,0 sz\u00e1zal\u00e9kra cs\u00f6kkent. A korcsoportra vonatkoz\u00f3 foglalkoztat\u00e1si r\u00e1ta a f\u00e9rfiakn\u00e1l 82,1, a n\u0151kn\u00e9l 66,1 sz\u00e1zal\u00e9kos volt.<br \/>\n<div class=\"ads-in-post1\"><div id=\"gazdasagportal.hu_fullbanner_wideboard\"><\/div>\r\n<\/div>\n    A 15-64 \u00e9ves f\u00e9rfi foglalkoztatottak l\u00e9tsz\u00e1ma 45 ezerrel, a foglalkoztat\u00e1si r\u00e1ta 1,1 sz\u00e1zal\u00e9kponttal, 76,0 sz\u00e1zal\u00e9kra m\u00e9rs\u00e9kl\u0151d\u00f6tt, m\u00edg a 15-64 \u00e9ves foglalkoztatott n\u0151k l\u00e9tsz\u00e1ma 72 ezerrel, a foglalkoztat\u00e1si r\u00e1t\u00e1juk 1,6 sz\u00e1zal\u00e9kponttal, 61,4 sz\u00e1zal\u00e9kosra cs\u00f6kkent.(MTI)<\/p>\n","protected":false},"excerpt":{"rendered":"<p>Az \u00e1prilis-j\u00faniusi id\u0151szakban a foglalkoztatottak \u00e1tlagos l\u00e9tsz\u00e1ma 4 milli\u00f3 408 ezer, a 15-64 \u00e9vesek foglalkoztat\u00e1si r\u00e1t\u00e1ja 68,7 sz\u00e1zal\u00e9kos volt. A foglalkoztatottak sz\u00e1ma 103 ezerrel (2,3 sz\u00e1zal\u00e9kkal), a foglalkoztat\u00e1si r\u00e1ta 1,3 sz\u00e1zal\u00e9kponttal alacsonyabb az egy \u00e9vvel kor\u00e1bbin\u00e1l. A koronav\u00edrus-j\u00e1rv\u00e1ny gazdas\u00e1gi k\u00f6vetkezm\u00e9nyei a vizsg\u00e1lt id\u0151szakot teljes eg\u00e9sz\u00e9ben \u00e9rintett\u00e9k, \u00edgy hat\u00e1sai a k\u00f6z\u00f6lt foglalkoztat\u00e1si adatokban megjelennek &#8211; jelentette &#8230;<\/p>\n","protected":false},"author":1001006,"featured_media":0,"comment_status":"closed","ping_status":"open","sticky":false,"template":"","format":"standard","meta":[],"categories":[19],"tags":[],"_links":{"self":[{"href":"https:\/\/gazdasagportal.hu\/index.php\/wp-json\/wp\/v2\/posts\/128332"}],"collection":[{"href":"https:\/\/gazdasagportal.hu\/index.php\/wp-json\/wp\/v2\/posts"}],"about":[{"href":"https:\/\/gazdasagportal.hu\/index.php\/wp-json\/wp\/v2\/types\/post"}],"author":[{"embeddable":true,"href":"https:\/\/gazdasagportal.hu\/index.php\/wp-json\/wp\/v2\/users\/1001006"}],"replies":[{"embeddable":true,"href":"https:\/\/gazdasagportal.hu\/index.php\/wp-json\/wp\/v2\/comments?post=128332"}],"version-history":[{"count":1,"href":"https:\/\/gazdasagportal.hu\/index.php\/wp-json\/wp\/v2\/posts\/128332\/revisions"}],"predecessor-version":[{"id":128333,"href":"https:\/\/gazdasagportal.hu\/index.php\/wp-json\/wp\/v2\/posts\/128332\/revisions\/128333"}],"wp:attachment":[{"href":"https:\/\/gazdasagportal.hu\/index.php\/wp-json\/wp\/v2\/media?parent=128332"}],"wp:term":[{"taxonomy":"category","embeddable":true,"href":"https:\/\/gazdasagportal.hu\/index.php\/wp-json\/wp\/v2\/categories?post=128332"},{"taxonomy":"post_tag","embeddable":true,"href":"https:\/\/gazdasagportal.hu\/index.php\/wp-json\/wp\/v2\/tags?post=128332"}],"curies":[{"name":"wp","href":"https:\/\/api.w.org\/{rel}","templated":true}]}}