{"id":12832,"date":"2013-08-01T11:06:43","date_gmt":"2013-08-01T09:06:43","guid":{"rendered":"http:\/\/stockportal.hu\/?p=12832"},"modified":"2013-08-01T11:06:58","modified_gmt":"2013-08-01T09:06:58","slug":"levaltottak-a-siemens-vezerigazgatojat","status":"publish","type":"post","link":"https:\/\/gazdasagportal.hu\/index.php\/levaltottak-a-siemens-vezerigazgatojat\/","title":{"rendered":"Lev\u00e1ltott\u00e1k a Siemens vez\u00e9rigazgat\u00f3j\u00e1t"},"content":{"rendered":"<p><strong>Lev\u00e1ltott\u00e1k a legnagyobb n\u00e9met elektronikai konszern, a Siemens vez\u00e9rigazgat\u00f3j\u00e1t a c\u00e9g rossz eredm\u00e9nyei miatt.<!--more--><\/strong><\/p>\n<p>A t\u00e1rsas\u00e1g fel\u00fcgyel\u0151bizotts\u00e1g\u00e1nak szerdai d\u00f6nt\u00e9se alapj\u00e1n Peter L\u00f6scher hely\u00e9t az eddigi p\u00e9nz\u00fcgyi igazgat\u00f3, Joe Kaeser veszi \u00e1t augusztus 1-j\u00e9vel. Peter L\u00f6scher k\u00f6z\u00f6s megegyez\u00e9ssel t\u00e1vozik a vez\u00e9rigazgat\u00f3i tiszts\u00e9gb\u0151l &#8211; emelte ki k\u00f6zlem\u00e9ny\u00e9ben a Siemens.<br \/>\nAz osztr\u00e1k menedzser 2007 \u00f3ta vezette a c\u00e9get, szerz\u0151d\u00e9se eredetileg 2017-ig sz\u00f3lt. Hivatali ideje alatt a 370 ezer embert foglalkoztat\u00f3 v\u00e1llalat piaci \u00e9rt\u00e9ke t\u00f6bb mint 20 sz\u00e1zal\u00e9kkal cs\u00f6kkent \u00e9s \u00f6tsz\u00f6r kellett kiadni profitfigyelmeztet\u00e9st. Az ut\u00f3bbi h\u00e1rom h\u00f3napban a Siemens k\u00e9tszer t\u00e1j\u00e9koztatta r\u00e9szv\u00e9nyeseit arr\u00f3l, hogy nem \u00e9ri el a tervezett nyeres\u00e9get. A fel\u00fcgyel\u0151bizotts\u00e1g a legut\u00f3bbi &#8211; j\u00falius 25-\u00e9n kiadott &#8211; profitfigyelmeztet\u00e9s ut\u00e1n d\u00f6nt\u00f6tt a v\u00e1lt\u00e1sr\u00f3l.<br \/>\nJoe Kaeser els\u0151 nyilatkozat\u00e1ban hangs\u00falyozta, hogy a Siemens nem szan\u00e1l\u00e1sra szorul\u00f3 v\u00e1llalkoz\u00e1s. Az ut\u00f3bbi id\u0151szakban viszont &#8222;t\u00fal sokat foglalkoztunk saj\u00e1t magunkkal, \u00e9s a bev\u00e9tel dinamik\u00e1ja kiss\u00e9 elmaradt a versenyt\u00e1rsak\u00e9t\u00f3l&#8221; &#8211; tette hozz\u00e1.<br \/>\nAngela Merkel kancell\u00e1r a napokban sz\u00f3viv\u0151je \u00fatj\u00e1n tudatta, a n\u00e9met gazdas\u00e1g z\u00e1szl\u00f3shaj\u00f3j\u00e1nak tartja a c\u00e9get, \u00e9s \u00fagy v\u00e9li, fontos, hogy min\u00e9l hamarabb &#8222;nyugodtabb vizekre evezzen&#8221;. Joe Kaeser is a haj\u00f3metafor\u00e1t haszn\u00e1lta nyilatkozat\u00e1ban, kiemelve, szem\u00e9lyes c\u00e9lja az, hogy &#8222;nyugodtabb vizekre&#8221; korm\u00e1nyozza a 190 orsz\u00e1gban tev\u00e9kenyked\u0151 v\u00e1llalkoz\u00e1st.<br \/>\nA konszern legut\u00f3bbi profitfigyelmeztet\u00e9se szerint a profitmarzs &#8211; a nett\u00f3 nyeres\u00e9g ar\u00e1nya a bev\u00e9telben &#8211; nem \u00e9ri el a tervezett 12 sz\u00e1zal\u00e9kot. A 2011-2012-es \u00fczleti \u00e9vben ez az ar\u00e1nysz\u00e1m 9,5 sz\u00e1zal\u00e9k volt a Siemens\u00e9n\u00e9l, m\u00edg az amerikai General Electric 15 sz\u00e1zal\u00e9kos profitmarzsot produk\u00e1lt, a m\u00e1sik nagy versenyt\u00e1rs, a sv\u00e1jci k\u00f6zpont\u00fa ABB pedig 10,3 sz\u00e1zal\u00e9kot \u00e9rt el. A t\u00e1rsas\u00e1g a tavalyi \u00fczleti \u00e9vben 78,3 milli\u00e1rd eur\u00f3 bev\u00e9tel mellett 4,59 milli\u00e1rd eur\u00f3 &#8211; az egy \u00e9vvel kor\u00e1bbin\u00e1l 27 sz\u00e1zal\u00e9kkal kevesebb &#8211; nyeres\u00e9get \u00e9rt el.<br \/>\nElemz\u0151k kiemelik, hogy Peter L\u00f6scher a meg\u00fajul\u00f3 energia felhaszn\u00e1l\u00e1s\u00e1t szolg\u00e1l\u00f3 berendez\u00e9sek vezet\u0151 gy\u00e1rt\u00f3j\u00e1v\u00e1 k\u00edv\u00e1nta form\u00e1lni a c\u00e9get, de az \u00e1gazat felfejleszt\u00e9se nem j\u00e1rt eredm\u00e9nnyel, \u00e9s elsz\u00edvta a forr\u00e1sokat m\u00e1s \u00fczlet\u00e1gakt\u00f3l. A napelempanel-gy\u00e1rt\u00e1s p\u00e9ld\u00e1ul a k\u00ednai konkurencia \u00e9s elhib\u00e1zott c\u00e9gfelv\u00e1s\u00e1rl\u00e1sok miatt t\u00f6bb mint egymilli\u00e1rd eur\u00f3 vesztes\u00e9get okozott a Siemensnek. K\u00f6zben a hagyom\u00e1nyosan sikeres \u00fczlet\u00e1gakban is t\u00f6bb kudarc \u00e9rte a c\u00e9get. P\u00e9ld\u00e1ul m\u00e1r 2011-ben le kellett volna sz\u00e1ll\u00edtani a Deutsche Bahn n\u00e9met vas\u00fatt\u00e1rsas\u00e1gnak az Inter-City Express (ICE) vas\u00fati szerelv\u00e9nyek \u00faj gener\u00e1ci\u00f3j\u00e1t, de a megrendel\u00e9st m\u00e9g mindig nem siker\u00fclt teljes\u00edteni.<br \/>\nA Siemens az orvosi m\u0171szerekt\u0151l a g\u00e1zturbin\u00e1kon kereszt\u00fcl a vas\u00fati szerelv\u00e9nyekig a fejlett technol\u00f3gia szinte valamennyi ter\u00fclet\u00e9n \u00e9rdekelt. Magyarorsz\u00e1gon a 19. sz\u00e1zad v\u00e9ge \u00f3ta tev\u00e9kenykedik. A Magyar Siemens M\u0171veket a m\u00e1sodik vil\u00e1gh\u00e1bor\u00fa ut\u00e1n \u00e1llamos\u00edtott\u00e1k, de a c\u00e9g m\u00e1r 1974-ben \u00fajra megjelent az orsz\u00e1gban egy nyugatn\u00e9met-magyar vegyesv\u00e1llalat tagjak\u00e9nt. A Siemens jelenleg t\u00f6bb mint k\u00e9tezer f\u0151t foglalkoztat Magyarorsz\u00e1gon.(MTI)<\/p>\n","protected":false},"excerpt":{"rendered":"<p>Lev\u00e1ltott\u00e1k a legnagyobb n\u00e9met elektronikai konszern, a Siemens vez\u00e9rigazgat\u00f3j\u00e1t a c\u00e9g rossz eredm\u00e9nyei miatt.<\/p>\n","protected":false},"author":1,"featured_media":0,"comment_status":"open","ping_status":"closed","sticky":false,"template":"","format":"standard","meta":[],"categories":[12],"tags":[],"_links":{"self":[{"href":"https:\/\/gazdasagportal.hu\/index.php\/wp-json\/wp\/v2\/posts\/12832"}],"collection":[{"href":"https:\/\/gazdasagportal.hu\/index.php\/wp-json\/wp\/v2\/posts"}],"about":[{"href":"https:\/\/gazdasagportal.hu\/index.php\/wp-json\/wp\/v2\/types\/post"}],"author":[{"embeddable":true,"href":"https:\/\/gazdasagportal.hu\/index.php\/wp-json\/wp\/v2\/users\/1"}],"replies":[{"embeddable":true,"href":"https:\/\/gazdasagportal.hu\/index.php\/wp-json\/wp\/v2\/comments?post=12832"}],"version-history":[{"count":2,"href":"https:\/\/gazdasagportal.hu\/index.php\/wp-json\/wp\/v2\/posts\/12832\/revisions"}],"predecessor-version":[{"id":12873,"href":"https:\/\/gazdasagportal.hu\/index.php\/wp-json\/wp\/v2\/posts\/12832\/revisions\/12873"}],"wp:attachment":[{"href":"https:\/\/gazdasagportal.hu\/index.php\/wp-json\/wp\/v2\/media?parent=12832"}],"wp:term":[{"taxonomy":"category","embeddable":true,"href":"https:\/\/gazdasagportal.hu\/index.php\/wp-json\/wp\/v2\/categories?post=12832"},{"taxonomy":"post_tag","embeddable":true,"href":"https:\/\/gazdasagportal.hu\/index.php\/wp-json\/wp\/v2\/tags?post=12832"}],"curies":[{"name":"wp","href":"https:\/\/api.w.org\/{rel}","templated":true}]}}