{"id":12830,"date":"2013-08-01T10:34:52","date_gmt":"2013-08-01T08:34:52","guid":{"rendered":"http:\/\/stockportal.hu\/?p=12830"},"modified":"2013-08-01T10:36:25","modified_gmt":"2013-08-01T08:36:25","slug":"penztargepek-kivarnak-a-regisztracioval-a-kereskedok","status":"publish","type":"post","link":"https:\/\/gazdasagportal.hu\/index.php\/penztargepek-kivarnak-a-regisztracioval-a-kereskedok\/","title":{"rendered":"P\u00e9nzt\u00e1rg\u00e9pek &#8211; Kiv\u00e1rnak a regisztr\u00e1ci\u00f3val a keresked\u0151k"},"content":{"rendered":"<p><strong>Eddig csak mintegy 30 ezren k\u00e9rtek online p\u00e9nzt\u00e1rg\u00e9p-\u00fczembehelyez\u00e9si k\u00f3dot az ad\u00f3hat\u00f3s\u00e1gt\u00f3l, holott a 16 karakteres azonos\u00edt\u00f3val a szeptember 1-jei hat\u00e1rid\u0151re 200-250 ezer p\u00e9nzt\u00e1rg\u00e9pnek kell rendelkeznie.<!--more--><\/strong><\/p>\n<p>Varga \u00c1rp\u00e1d, a Nemzeti Ad\u00f3- \u00e9s V\u00e1mhivatal (NAV) eln\u00f6khelyettese szerint azonban nem annyira rossz a helyzet, mint l\u00e1tszik, az ut\u00f3bbi h\u00e1rom napon m\u00e1r megk\u00e9tszerez\u0151d\u00f6tt az ig\u00e9nyl\u0151k sz\u00e1ma, s arra sz\u00e1m\u00edtanak, ezut\u00e1n gyorsul\u00f3 \u00fctemben b\u0151v\u00fcl. M\u00e1r csak az\u00e9rt is, mert e n\u00e9lk\u00fcl nem lehet megrendelni a p\u00e9nzt\u00e1rg\u00e9peket, \u00e9s ez felt\u00e9tele a g\u00e9penk\u00e9nt 50 ezer forintos \u00e1llami t\u00e1mogat\u00e1s ig\u00e9nybev\u00e9tel\u00e9nek is.<br \/>\nA NAV honlapj\u00e1n k\u00f6zz\u00e9tett regisztr\u00e1ci\u00f3s nyomtatv\u00e1nyon egy\u00fattal jelezni lehet a t\u00e1mogat\u00e1si ig\u00e9nyt is. A tan\u00fas\u00edtv\u00e1nyt \u00f6t-nyolc nap alatt megkapja az ig\u00e9nyl\u0151, amit oda kell adni a p\u00e9nzt\u00e1rg\u00e9p-forgalmaz\u00f3nak, s \u0151 ig\u00e9nyli majd az ad\u00f3hat\u00f3s\u00e1gt\u00f3l az 50 ezer forintot. Ha valaki nem k\u00e9r t\u00e1mogat\u00e1st, a k\u00f3dra akkor is sz\u00fcks\u00e9g van, mert an\u00e9lk\u00fcl nem lehet megrendelni a p\u00e9nzt\u00e1rg\u00e9pet &#8211; hangs\u00falyozta Varga \u00c1rp\u00e1d.<br \/>\nAz eln\u00f6khelyettes felh\u00edvta a figyelmet arra, hogy az ad\u00f3hat\u00f3s\u00e1g a szeptember 1-jei hat\u00e1rid\u0151 ut\u00e1n megkezdi annak ellen\u0151rz\u00e9s\u00e9t, hogy az \u00e9rintettek rendelkeznek-e online p\u00e9nzt\u00e1rg\u00e9ppel, ha pedig nem, regisztr\u00e1ltatt\u00e1k-e magukat. A k\u00f3d megl\u00e9t\u00e9t \u00fagy tekinti a NAV, m\u00e9g ha nem is kapta m\u00e9g meg a p\u00e9nzt\u00e1rg\u00e9p\u00e9t, hogy az ad\u00f3z\u00f3 mindent megtett k\u00f6telezetts\u00e9ge teljes\u00edt\u00e9se \u00e9rdek\u00e9ben, hi\u00e1nya eset\u00e9n azonban mulaszt\u00e1si b\u00edrs\u00e1got szabhat ki.<br \/>\nVarga \u00c1rp\u00e1d elmondta, a j\u00f6v\u0151 h\u00e9ten a Magyar Kereskedelmi \u00e9s Iparkamara (MKIK) k\u00e9r\u00e9s\u00e9re orsz\u00e1gos konzult\u00e1ci\u00f3sorozatot ind\u00edtanak, ennek keret\u00e9ben ismertetik az online p\u00e9nzt\u00e1rg\u00e9p rendszer\u00e9nek m\u0171k\u00f6d\u00e9s\u00e9t, az ad\u00f3\u00fcgyi ellen\u0151rz\u00e9s menet\u00e9t. Eddig m\u00e1r k\u00f6zel negyven helysz\u00ednre h\u00edvt\u00e1k a NAV szak\u00e9rt\u0151it.<br \/>\nK\u00f6z\u00f6lte azt is, hogy eddig h\u00e1rom, az \u00e1llami ad\u00f3hat\u00f3s\u00e1ggal online adatkapcsolatra k\u00e9pes g\u00e9p kapta meg az enged\u00e9lyt a Magyar Kereskedelmi Enged\u00e9lyez\u00e9si Hivatalt\u00f3l. A Magyarorsz\u00e1gon bevezetend\u0151 online p\u00e9nzt\u00e1rg\u00e9pes rendszer biztons\u00e1gosabb a m\u00e1s orsz\u00e1gokban bevezetettekn\u00e9l &#8211; v\u00e1laszolta az eln\u00f6khelyettes arra a felvet\u00e9sre, hogy nem lett volna-e egyszer\u0171bb \u00e9s gyorsabb \u00e1tvenni valamelyik m\u00e1r m\u0171k\u00f6d\u0151 megold\u00e1st.<br \/>\nA p\u00e9nzt\u00e1rg\u00e9pek ad\u00f3hat\u00f3s\u00e1ghoz val\u00f3 online bek\u00f6t\u00e9s\u00e9nek k\u00f6vetkezm\u00e9nyek\u00e9nt kor\u00e1bban 95 milli\u00e1rd forint t\u00f6bbletbev\u00e9telt v\u00e1rtak, a hat\u00e1rid\u0151 t\u00f6bbsz\u00f6ri cs\u00fasz\u00e1sa miatt azonban\u00a0\u00a0ennek m\u00e1r csak mintegy fel\u00e9vel terveznek. Varga Mih\u00e1ly nemzetgazdas\u00e1gi miniszter j\u00falius k\u00f6zep\u00e9n 2013-ra az \u00e1t\u00e1ll\u00e1s kapcs\u00e1n 45-50 milli\u00e1rd forintot eml\u00edtett.<br \/>\nVarga \u00c1rp\u00e1d \u00fagy v\u00e9lekedett, az eredetileg tervezett \u00f6sszeg hosszabb t\u00e1von &#8222;benne van a rendszerben&#8221;. Hozz\u00e1tette: a m\u00e1jusi kiskereskedelmi adatok szerint m\u00e1r vannak jelei a fellend\u00fcl\u00e9snek, \u00e9s annak is, hogy a keresked\u0151k a kor\u00e1bbin\u00e1l t\u00f6bb bev\u00e9telt vallottak be. Az ut\u00f3bbiban szerepet j\u00e1tszhatott az a piacon gyorsan terjed\u0151 h\u00edr is, hogy a NAV \u00f6sszeveti majd az \u00faj adatokat a r\u00e9giekkel, s becsl\u00e9st k\u00e9sz\u00edt a kor\u00e1bbi forgalomra vonatkoz\u00f3an.(MTI)<\/p>\n","protected":false},"excerpt":{"rendered":"<p>Eddig csak mintegy 30 ezren k\u00e9rtek online p\u00e9nzt\u00e1rg\u00e9p-\u00fczembehelyez\u00e9si k\u00f3dot az ad\u00f3hat\u00f3s\u00e1gt\u00f3l, holott a 16 karakteres azonos\u00edt\u00f3val a szeptember 1-jei hat\u00e1rid\u0151re 200-250 ezer p\u00e9nzt\u00e1rg\u00e9pnek kell rendelkeznie.<\/p>\n","protected":false},"author":1,"featured_media":0,"comment_status":"open","ping_status":"closed","sticky":false,"template":"","format":"standard","meta":[],"categories":[19],"tags":[],"_links":{"self":[{"href":"https:\/\/gazdasagportal.hu\/index.php\/wp-json\/wp\/v2\/posts\/12830"}],"collection":[{"href":"https:\/\/gazdasagportal.hu\/index.php\/wp-json\/wp\/v2\/posts"}],"about":[{"href":"https:\/\/gazdasagportal.hu\/index.php\/wp-json\/wp\/v2\/types\/post"}],"author":[{"embeddable":true,"href":"https:\/\/gazdasagportal.hu\/index.php\/wp-json\/wp\/v2\/users\/1"}],"replies":[{"embeddable":true,"href":"https:\/\/gazdasagportal.hu\/index.php\/wp-json\/wp\/v2\/comments?post=12830"}],"version-history":[{"count":2,"href":"https:\/\/gazdasagportal.hu\/index.php\/wp-json\/wp\/v2\/posts\/12830\/revisions"}],"predecessor-version":[{"id":12872,"href":"https:\/\/gazdasagportal.hu\/index.php\/wp-json\/wp\/v2\/posts\/12830\/revisions\/12872"}],"wp:attachment":[{"href":"https:\/\/gazdasagportal.hu\/index.php\/wp-json\/wp\/v2\/media?parent=12830"}],"wp:term":[{"taxonomy":"category","embeddable":true,"href":"https:\/\/gazdasagportal.hu\/index.php\/wp-json\/wp\/v2\/categories?post=12830"},{"taxonomy":"post_tag","embeddable":true,"href":"https:\/\/gazdasagportal.hu\/index.php\/wp-json\/wp\/v2\/tags?post=12830"}],"curies":[{"name":"wp","href":"https:\/\/api.w.org\/{rel}","templated":true}]}}