{"id":128247,"date":"2020-07-26T19:54:25","date_gmt":"2020-07-26T17:54:25","guid":{"rendered":"http:\/\/gazdasagportal.hu\/?p=128247"},"modified":"2020-07-26T19:54:25","modified_gmt":"2020-07-26T17:54:25","slug":"vihar-ismet-masodfoku-riasztasok-tobb-megyeben","status":"publish","type":"post","link":"https:\/\/gazdasagportal.hu\/index.php\/vihar-ismet-masodfoku-riasztasok-tobb-megyeben\/","title":{"rendered":"Vihar &#8211; Ism\u00e9t m\u00e1sodfok\u00fa riaszt\u00e1sok t\u00f6bb megy\u00e9ben"},"content":{"rendered":"<p><strong>T\u00f6bb megy\u00e9ben ism\u00e9t m\u00e1sodfok\u00fa riaszt\u00e1sokat adott ki a felh\u0151szakad\u00e1s vesz\u00e9lye miatt az Orsz\u00e1gos Meteorol\u00f3giai Szolg\u00e1lat.<\/strong><!--more--><br \/>\n<div class=\"ads-in-post1\"><div id=\"gazdasagportal.hu_fullbanner_wideboard\"><\/div>\r\n<\/div>\n<p>    Az MTI-hez vas\u00e1rnap d\u00e9lut\u00e1n eljuttatott vesz\u00e9lyjelz\u00e9s\u00fck szerint Borsod-Aba\u00faj-Zempl\u00e9n, Hajd\u00fa-Bihar, Heves, N\u00f3gr\u00e1d \u00e9s Szabolcs-Szatm\u00e1r-Bereg megy\u00e9t \u00e9rintik a m\u00e1sodfok\u00fa riaszt\u00e1sok. Ezeken a ter\u00fcleteken a k\u00f6vetkez\u0151 \u00f3r\u00e1kban az intenz\u00edv z\u00e1porokb\u00f3l, zivatarokb\u00f3l r\u00f6vid id\u0151 alatt 50 millim\u00e9tern\u00e9l is t\u00f6bb es\u0151 hullhat.<br \/>\n    Szint\u00e9n a felh\u0151szakad\u00e1s vesz\u00e9lye miatt Budapesten, valamint Pest, B\u00e1cs-Kiskun, B\u00e9k\u00e9s, Csongr\u00e1d-Csan\u00e1d, Fej\u00e9r, J\u00e1sz-Nagykun-Szolnok \u00e9s Kom\u00e1rom-Esztergom megy\u00e9ben els\u0151fok\u00fa figyelmeztet\u00e9s van \u00e9rv\u00e9nyben.<br \/>\n    Zivatarvesz\u00e9ly miatt az eg\u00e9sz orsz\u00e1gra kiadt\u00e1k az els\u0151fok\u00fa figyelmeztet\u00e9st.<br \/>\n<div class=\"ads-in-post2\"><script async src=\"https:\/\/pagead2.googlesyndication.com\/pagead\/js\/adsbygoogle.js\"><\/script>\r\n<ins class=\"adsbygoogle\"\r\n     style=\"display:block\"\r\n     data-ad-format=\"fluid\"\r\n     data-ad-layout-key=\"-6t+ed+2i-1n-4w\"\r\n     data-ad-client=\"ca-pub-1959107119989764\"\r\n     data-ad-slot=\"4008251320\"><\/ins>\r\n<script>\r\n     (adsbygoogle = window.adsbygoogle || []).push({});\r\n<\/script><\/div>\n    Azt \u00edrt\u00e1k: el\u0151bb a hegyvid\u00e9ki ter\u00fcleteken (\u00c9szaki-k\u00f6z\u00e9phegys\u00e9g), majd f\u0151k\u00e9nt az Alf\u00f6ld\u00f6n v\u00e1rhat\u00f3 t\u00f6bb helyen zivatar. A lassan \u00e1thelyez\u0151d\u0151 csapad\u00e9kg\u00f3cokb\u00f3l a Dun\u00e1t\u00f3l keletre (a legink\u00e1bb \u00e9szakkeleten) helyenk\u00e9nt felh\u0151szakad\u00e1s val\u00f3sz\u00edn\u0171. Egy-egy helyen j\u00e9ges\u0151 is lehet, a zivatarokhoz \u00e1tmenetileg er\u0151s, esetleg viharos sz\u00e9l t\u00e1rsulhat. A Dun\u00e1nt\u00falon kevesebb helyen v\u00e1rhat\u00f3 zivatar, de azok \u00e9s a d\u00e9lut\u00e1n \u00e9szaknyugatra \u00e9rkez\u0151 gyeng\u00fcl\u0151 fronton kialakul\u00f3 z\u00e1porok idej\u00e9n viharos, \u00f3r\u00e1nk\u00e9nti 60 kilom\u00e9teresn\u00e9l er\u0151sebb lehet a sz\u00e9l.<br \/>\n<div class=\"ads-in-post1\"><div id=\"gazdasagportal.hu_fullbanner_wideboard\"><\/div>\r\n<\/div>\n    \u00c9jjel \u00e9s reggel f\u0151k\u00e9nt az orsz\u00e1g keleti, \u00e9szakkeleti harmad\u00e1ban val\u00f3sz\u00edn\u0171 helyenk\u00e9nt zivatar, nagy mennyis\u00e9g\u0171 csapad\u00e9k k\u00eds\u00e9ret\u00e9ben. H\u00e9tf\u0151n d\u00e9lut\u00e1n, este az orsz\u00e1g \u00e9szakkeleti fel\u00e9n (k\u00f6r\u00fclbel\u00fcl a Salg\u00f3tarj\u00e1n-Szeged vonalt\u00f3l \u00e9szakkeletre) sz\u00f3rv\u00e1nyosan, m\u00e1sutt kis es\u00e9llyel elv\u00e9tve lehet zivatar, amelyet n\u00e9hol viharos sz\u00e9ll\u00f6k\u00e9s, felh\u0151szakad\u00e1s \u00e9s j\u00e9ges\u0151 k\u00eds\u00e9rhet.<br \/>\n    Az el\u0151rejelz\u00e9s szerint a legmagasabb h\u0151m\u00e9rs\u00e9klet 25 \u00e9s 30 Celsius-fok k\u00f6z\u00f6tt alakul. K\u00e9s\u0151 est\u00e9re 17 \u00e9s 22 fok k\u00f6z\u00e9 h\u0171l le a leveg\u0151.(MTI)<\/p>\n","protected":false},"excerpt":{"rendered":"<p>T\u00f6bb megy\u00e9ben ism\u00e9t m\u00e1sodfok\u00fa riaszt\u00e1sokat adott ki a felh\u0151szakad\u00e1s vesz\u00e9lye miatt az Orsz\u00e1gos Meteorol\u00f3giai Szolg\u00e1lat.<\/p>\n","protected":false},"author":1001006,"featured_media":0,"comment_status":"closed","ping_status":"open","sticky":false,"template":"","format":"standard","meta":[],"categories":[4],"tags":[],"_links":{"self":[{"href":"https:\/\/gazdasagportal.hu\/index.php\/wp-json\/wp\/v2\/posts\/128247"}],"collection":[{"href":"https:\/\/gazdasagportal.hu\/index.php\/wp-json\/wp\/v2\/posts"}],"about":[{"href":"https:\/\/gazdasagportal.hu\/index.php\/wp-json\/wp\/v2\/types\/post"}],"author":[{"embeddable":true,"href":"https:\/\/gazdasagportal.hu\/index.php\/wp-json\/wp\/v2\/users\/1001006"}],"replies":[{"embeddable":true,"href":"https:\/\/gazdasagportal.hu\/index.php\/wp-json\/wp\/v2\/comments?post=128247"}],"version-history":[{"count":1,"href":"https:\/\/gazdasagportal.hu\/index.php\/wp-json\/wp\/v2\/posts\/128247\/revisions"}],"predecessor-version":[{"id":128248,"href":"https:\/\/gazdasagportal.hu\/index.php\/wp-json\/wp\/v2\/posts\/128247\/revisions\/128248"}],"wp:attachment":[{"href":"https:\/\/gazdasagportal.hu\/index.php\/wp-json\/wp\/v2\/media?parent=128247"}],"wp:term":[{"taxonomy":"category","embeddable":true,"href":"https:\/\/gazdasagportal.hu\/index.php\/wp-json\/wp\/v2\/categories?post=128247"},{"taxonomy":"post_tag","embeddable":true,"href":"https:\/\/gazdasagportal.hu\/index.php\/wp-json\/wp\/v2\/tags?post=128247"}],"curies":[{"name":"wp","href":"https:\/\/api.w.org\/{rel}","templated":true}]}}