{"id":128243,"date":"2020-07-26T13:25:45","date_gmt":"2020-07-26T11:25:45","guid":{"rendered":"http:\/\/gazdasagportal.hu\/?p=128243"},"modified":"2020-07-26T11:26:58","modified_gmt":"2020-07-26T09:26:58","slug":"emelte-a-conte-kormany-tamogatottsagat-az-eu-csucstalalkozo","status":"publish","type":"post","link":"https:\/\/gazdasagportal.hu\/index.php\/emelte-a-conte-kormany-tamogatottsagat-az-eu-csucstalalkozo\/","title":{"rendered":"Emelte a Conte-korm\u00e1ny t\u00e1mogatotts\u00e1g\u00e1t az EU-cs\u00facstal\u00e1lkoz\u00f3"},"content":{"rendered":"<p><strong>Fenn\u00e1ll\u00e1sa \u00f3ta a legmagasabb szintre ugrott a Giuseppe Conte vezette korm\u00e1ny n\u00e9pszer\u0171s\u00e9ge az EU-cs\u00facstal\u00e1lkoz\u00f3n kialkudott helyre\u00e1ll\u00edt\u00e1si forr\u00e1soknak k\u00f6sz\u00f6nhet\u0151en, a jobbk\u00f6z\u00e9p ellenz\u00e9ki koal\u00edci\u00f3 m\u00e9gis er\u0151sebb a korm\u00e1nyp\u00e1rtokn\u00e1l az olasz sajt\u00f3ban vas\u00e1rnap megjelent felm\u00e9r\u00e9sek tan\u00fas\u00e1ga szerint.<\/strong><!--more--><\/p>\n<div class=\"ads-in-post1\"><div id=\"gazdasagportal.hu_fullbanner_wideboard\"><\/div>\r\n<\/div>\n<p>    Az olaszok hatvanegy sz\u00e1zal\u00e9ka t\u00e1mogatja a Conte-korm\u00e1nyt az Ipsos k\u00f6zv\u00e9lem\u00e9ny-utat\u00f3 \u00e9s a Corriere della Sera c\u00edm\u0171 napilap k\u00f6z\u00f6s felm\u00e9r\u00e9se szerint. Ez n\u00e9gy sz\u00e1zal\u00e9kponttal t\u00f6bb mint j\u00faniusban volt, \u00e9s az eddigi legmagasabb n\u00e9pszer\u0171s\u00e9gi r\u00e1ta a Giuseppe Conte vezette korm\u00e1ny szeptemberi megalakul\u00e1sa \u00f3ta.<br \/>\n    Elemz\u0151k r\u00e1mutattak, hogy az olaszok bizalm\u00e1t a legutols\u00f3 uni\u00f3s cs\u00facstal\u00e1lkoz\u00f3n el\u00e9rt eredm\u00e9nyek n\u00f6velt\u00e9k. A k\u00f6vetkez\u0151 h\u00e9t\u00e9ves uni\u00f3s keretk\u00f6lts\u00e9gvet\u00e9s \u00e9s a koronav\u00edrus-j\u00e1rv\u00e1ny \u00e1ltal s\u00fajtott gazdas\u00e1gok massz\u00edv t\u00e1mogat\u00e1s\u00e1t szolg\u00e1l\u00f3 helyre\u00e1ll\u00edt\u00e1si alap forr\u00e1sainak eloszt\u00e1sa sor\u00e1n az olaszok szerint a Conte-korm\u00e1ny j\u00f3l v\u00e9dte Olaszorsz\u00e1g \u00e9rdekeit, &#8222;el\u00e9rte, amit akart&#8221;. A megk\u00e9rdezettek sikernek tartj\u00e1k a R\u00f3ma \u00e1ltal &#8222;szerzett&#8221; 209 milli\u00e1rd eur\u00f3t, amelyet a korm\u00e1ny a gazdas\u00e1g talpra \u00e1ll\u00edt\u00e1s\u00e1ra akar felhaszn\u00e1lni. Olaszorsz\u00e1g kapta a helyre\u00e1ll\u00edt\u00e1si csomag 28 sz\u00e1zal\u00e9k\u00e1t.<br \/>\n<div class=\"ads-in-post2\"><script async src=\"https:\/\/pagead2.googlesyndication.com\/pagead\/js\/adsbygoogle.js\"><\/script>\r\n<ins class=\"adsbygoogle\"\r\n     style=\"display:block\"\r\n     data-ad-format=\"fluid\"\r\n     data-ad-layout-key=\"-6t+ed+2i-1n-4w\"\r\n     data-ad-client=\"ca-pub-1959107119989764\"\r\n     data-ad-slot=\"4008251320\"><\/ins>\r\n<script>\r\n     (adsbygoogle = window.adsbygoogle || []).push({});\r\n<\/script><\/div>\n    Az olaszok t\u00f6bbs\u00e9ge azonban \u00fagy \u00edt\u00e9li meg, hogy az eredm\u00e9nyt nem a k\u00e9t korm\u00e1nyp\u00e1rt, vagyis az \u00d6t Csillag Mozgalom (M5S) \u00e9s a baloldali Demokrata P\u00e1rt (PD) \u00e9rte el, hanem a minisztereln\u00f6k, Giuseppe Conte. A korm\u00e1nyf\u0151 n\u00e9pszer\u0171s\u00e9ge ez\u00e9rt m\u00e9g korm\u00e1ny\u00e1\u00e9t is meghaladja: Conte t\u00e1mogatotts\u00e1ga 65 sz\u00e1zal\u00e9kos, enn\u00e9l magasabb csak \u00e1prilisban a j\u00e1rv\u00e1ny tet\u0151z\u00e9sekor volt, amikor az olaszok felsorakoztak a minisztereln\u00f6k bejelentette korl\u00e1toz\u00f3 int\u00e9zked\u00e9sek m\u00f6g\u00f6tt.<br \/>\n    A mostani felm\u00e9r\u00e9sekb\u0151l azonban az is kit\u0171nik, hogy a minisztereln\u00f6k n\u00e9pszer\u0171s\u00e9g\u00e9nek ellen\u00e9re a jobbk\u00f6z\u00e9p ellenz\u00e9k p\u00e1rtjai er\u0151sebbek a korm\u00e1nyp\u00e1rtokn\u00e1l. A Matteo Salvini vezette Liga, a Giorgia Meloni eln\u00f6k\u00f6lte Olasz Testv\u00e9rek (FdI) \u00e9s a Silvio Berlusconi vezette Hajr\u00e1 Olaszorsz\u00e1g (FI) h\u00e1rmasa 48 sz\u00e1zal\u00e9kkal b\u00edr. Hatalmasat ugrott az FdI, amely fokozatosan er\u0151s\u00f6dik \u00e9s el\u00e9rte a 18 sz\u00e1zal\u00e9kot. Giorgia Meloni p\u00e1rtja a tavalyi EP-v\u00e1laszt\u00e1spokon 6,4 sz\u00e1zal\u00e9kot szerzett, \u00e9s az egyetlen olasz p\u00e1rt, amely az ut\u00f3bbi t\u00f6bb mint egy \u00e9vben er\u0151s\u00f6d\u00f6tt. A legnagyobb olasz p\u00e1rtnak tov\u00e1bbra is a Liga bizonyul, de a tavalyi 34,2-r\u0151l 23,1 sz\u00e1zal\u00e9kra s\u00fcllyedt t\u00e1mogatotts\u00e1ga, az FI pedig 6,9 sz\u00e1zal\u00e9kon \u00e1ll.<br \/>\n    A 2013 \u00e9s 2018 k\u00f6z\u00f6tt legnagyobb p\u00e1rtnak sz\u00e1m\u00edt\u00f3 M5S t\u00e1mogatotts\u00e1ga jelenleg 18 sz\u00e1zal\u00e9kkal \u00e1ll, a PD-\u00e9 pedig h\u00fasz k\u00f6r\u00fcl. Az Il Giornale c\u00edm\u0171 jobboldali napilap kifejtette, hogy mik\u00f6zben a Liga, az Olasz Testv\u00e9rek \u00e9s a Hajr\u00e1 Olaszorsz\u00e1g egys\u00e9ges koal\u00edci\u00f3ban gondolkodik, a korm\u00e1nyp\u00e1rtok m\u00e9g a k\u00fcsz\u00f6b\u00f6n \u00e1ll\u00f3 v\u00e1laszt\u00e1sokra sem v\u00e1lasztottak k\u00f6z\u00f6s jel\u00f6lteket.<br \/>\n<div class=\"ads-in-post1\"><div id=\"gazdasagportal.hu_fullbanner_wideboard\"><\/div>\r\n<\/div>\n    Szeptember 20-\u00e1n \u00e9s 21-\u00e9n hat tartom\u00e1nyban tartanak v\u00e1laszt\u00e1sokat, valamint orsz\u00e1gos n\u00e9pszavaz\u00e1st az olasz parlament jelenleg ezerf\u0151s l\u00e9tsz\u00e1m\u00e1nak cs\u00f6kkent\u00e9s\u00e9r\u0151l. A p\u00e1rtok jelenlegi t\u00e1mogatotts\u00e1ga alapj\u00e1n &#8211; ha az als\u00f3h\u00e1z k\u00e9pvisel\u0151inek sz\u00e1ma 400-ra cs\u00f6kken &#8211; a jobbk\u00f6z\u00e9p 220, a baloldal 180 mand\u00e1tumot szerezhetne egy esetleges v\u00e1laszt\u00e1son. Az er\u0151viszonyokat &#8211; ahogy az olaszorsz\u00e1gi politik\u00e1ban lenni szokott &#8211; a t\u00f6bbs\u00e9g\u00e9ben baloldali mikrop\u00e1rtok bor\u00edthatj\u00e1k fel. Ha ugyanis a parlamenti bejut\u00e1s k\u00fcsz\u00f6be tov\u00e1bbra is 3 sz\u00e1zal\u00e9k marad, t\u00f6bbek k\u00f6z\u00f6tt az Emma Bonino vezette Europa+ \u00e9s a Matteo Renzi vezette \u00c9l\u0151 Olaszorsz\u00e1g d\u00f6nti el, ki ker\u00fcl a korm\u00e1nypalot\u00e1ba.<br \/>\n    Kor\u00e1bbi felm\u00e9r\u00e9sek szerint az olaszok kevesebb mint fele gondolja \u00fagy, hogy a Conte-korm\u00e1ny kitart eg\u00e9szen 2023-ig. T\u00f6bb mint hatvanh\u00e1rom sz\u00e1zal\u00e9kuk pedig azt mondta, hogy nem b\u00edzik meg az EU n\u00e9met eln\u00f6ks\u00e9g\u00e9ben annak ellen\u00e9re, hogy Olaszorsz\u00e1g jelent\u0151s forr\u00e1sokat kapott.(MTI)<\/p>\n","protected":false},"excerpt":{"rendered":"<p>Fenn\u00e1ll\u00e1sa \u00f3ta a legmagasabb szintre ugrott a Giuseppe Conte vezette korm\u00e1ny n\u00e9pszer\u0171s\u00e9ge az EU-cs\u00facstal\u00e1lkoz\u00f3n kialkudott helyre\u00e1ll\u00edt\u00e1si forr\u00e1soknak k\u00f6sz\u00f6nhet\u0151en, a jobbk\u00f6z\u00e9p ellenz\u00e9ki koal\u00edci\u00f3 m\u00e9gis er\u0151sebb a korm\u00e1nyp\u00e1rtokn\u00e1l az olasz sajt\u00f3ban vas\u00e1rnap megjelent felm\u00e9r\u00e9sek tan\u00fas\u00e1ga szerint.<\/p>\n","protected":false},"author":1001006,"featured_media":0,"comment_status":"closed","ping_status":"open","sticky":false,"template":"","format":"standard","meta":[],"categories":[12],"tags":[],"_links":{"self":[{"href":"https:\/\/gazdasagportal.hu\/index.php\/wp-json\/wp\/v2\/posts\/128243"}],"collection":[{"href":"https:\/\/gazdasagportal.hu\/index.php\/wp-json\/wp\/v2\/posts"}],"about":[{"href":"https:\/\/gazdasagportal.hu\/index.php\/wp-json\/wp\/v2\/types\/post"}],"author":[{"embeddable":true,"href":"https:\/\/gazdasagportal.hu\/index.php\/wp-json\/wp\/v2\/users\/1001006"}],"replies":[{"embeddable":true,"href":"https:\/\/gazdasagportal.hu\/index.php\/wp-json\/wp\/v2\/comments?post=128243"}],"version-history":[{"count":1,"href":"https:\/\/gazdasagportal.hu\/index.php\/wp-json\/wp\/v2\/posts\/128243\/revisions"}],"predecessor-version":[{"id":128244,"href":"https:\/\/gazdasagportal.hu\/index.php\/wp-json\/wp\/v2\/posts\/128243\/revisions\/128244"}],"wp:attachment":[{"href":"https:\/\/gazdasagportal.hu\/index.php\/wp-json\/wp\/v2\/media?parent=128243"}],"wp:term":[{"taxonomy":"category","embeddable":true,"href":"https:\/\/gazdasagportal.hu\/index.php\/wp-json\/wp\/v2\/categories?post=128243"},{"taxonomy":"post_tag","embeddable":true,"href":"https:\/\/gazdasagportal.hu\/index.php\/wp-json\/wp\/v2\/tags?post=128243"}],"curies":[{"name":"wp","href":"https:\/\/api.w.org\/{rel}","templated":true}]}}