{"id":128204,"date":"2020-07-24T09:46:27","date_gmt":"2020-07-24T07:46:27","guid":{"rendered":"http:\/\/gazdasagportal.hu\/?p=128204"},"modified":"2020-07-23T22:48:22","modified_gmt":"2020-07-23T20:48:22","slug":"megujult-formaban-az-online-terbe-helyezve-rendezik-meg-szeptemberben-a-cegek-ejszakajat","status":"publish","type":"post","link":"https:\/\/gazdasagportal.hu\/index.php\/megujult-formaban-az-online-terbe-helyezve-rendezik-meg-szeptemberben-a-cegek-ejszakajat\/","title":{"rendered":"Meg\u00fajult form\u00e1ban, az online t\u00e9rbe helyezve rendezik meg szeptemberben a C\u00e9gek \u00c9jszak\u00e1j\u00e1t"},"content":{"rendered":"<p><strong>A koronav\u00edrus-j\u00e1rv\u00e1ny \u00e9s annak eg\u00e9szs\u00e9g\u00fcgyi kock\u00e1zatai tavasszal a C\u00e9gek \u00c9jszak\u00e1j\u00e1t is \u00e1tmeneti meg\u00e1ll\u00e1sra k\u00e9nyszer\u00edtett\u00e9k, \u00e1m a rendhagy\u00f3 karriernapra m\u00e1r nem kell sokat v\u00e1rni, az \u00faj id\u0151pont: 2020. szeptember 24. Ezen a napon ultramodern, 3D-s technika seg\u00edts\u00e9g\u00e9vel, virtu\u00e1lisan is megny\u00edlnak a budapesti c\u00e9gek kapui a munkav\u00e1llal\u00f3k sz\u00e1m\u00e1ra, hogy megmutass\u00e1k igazi arc(ulat)ukat.<\/strong><!--more--><br \/>\n<div class=\"ads-in-post1\"><div id=\"gazdasagportal.hu_fullbanner_wideboard\"><\/div>\r\n<\/div>\n<em>&#8211; Tavasszal egy nagyszab\u00e1s\u00fa, t\u00f6bb helysz\u00ednen zajl\u00f3, offline esem\u00e9ny szerepelt a terveink k\u00f6z\u00f6tt, \u00e1m a COVID-19 miatt \u00fajra kellett \u00e1lmodnunk a C\u00e9gek \u00c9jszak\u00e1j\u00e1t \u2013 <\/em>mondta el De\u00e1k-Nagy Csilla, a rendezv\u00e9ny f\u0151szervez\u0151je. A j\u00e1rv\u00e1ny gy\u00f6keresen \u00e9s szinte hetek alatt \u00e1talak\u00edtotta a munkaer\u0151piacot munkaad\u00f3i \u00e9s munkav\u00e1llal\u00f3i oldalon egyar\u00e1nt. Sokan vesz\u00edtett\u00e9k el az \u00e1ll\u00e1sukat, vagy gondolkoztak el karrierj\u00fck j\u00f6v\u0151j\u00e9n, ek\u00f6zben a munkaad\u00f3k t\u00f6megesen \u00e1lltak \u00e1t a home office-ra, \u00e9s helyezt\u00e9k \u00e1t a munkamenetet az online t\u00e9rbe. Mindenki sz\u00e1m\u00e1ra egy \u00faj kezdet, ami most zajlik, a C\u00e9gek \u00c9jszak\u00e1ja pedig erre a helyzetre reflekt\u00e1l. &#8211; <em>A c\u00e9l tov\u00e1bbra is az, hogy a v\u00e1llalatok megmutathass\u00e1k, milyen \u00e9rt\u00e9keket k\u00e9pviselnek, hogyan dolgoznak, milyen j\u00f6v\u0151t ny\u00fajtanak a koll\u00e9g\u00e1iknak. De fontos szempont lett az is, hogy a magukat \u00fajrapoz\u00edcion\u00e1l\u00f3 f\u0151v\u00e1rosi c\u00e9gek megmutass\u00e1k, hogyan alkalmazkodnak a jelenlegi helyzethez. Ebben pedig egy hibrid form\u00e1j\u00fa, k\u00fcl\u00f6nleges esem\u00e9ny lesz seg\u00edts\u00e9g\u00fckre, amely nem mindennapi, 3D-s technol\u00f3giai megold\u00e1sokkal, abszol\u00fat m\u00e9rt\u00e9kben alkalmazkodik a jelenlegi j\u00e1rv\u00e1nyhelyzethez\u201d<\/em> \u2013 tette hozz\u00e1 De\u00e1k-Nagy Csilla.<\/p>\n<div class=\"ads-in-post1\"><div id=\"gazdasagportal.hu_fullbanner_wideboard\"><\/div>\r\n<\/div>\n<p>A\u00a0C\u00e9gek\u00a0\u00c9jszak\u00e1ja\u00a0el\u0151sz\u00f6r mutatkozik be Magyarorsz\u00e1gon. 2020. szeptember 24-\u00e9n<br \/>\nd\u00e9lut\u00e1n n\u00e9gy \u00e9s \u00e9jf\u00e9l k\u00f6z\u00f6tt a r\u00e9sztvev\u0151\u00a0c\u00e9gek\u00a0a j\u00e1rv\u00e1ny\u00fcgyi el\u0151\u00edr\u00e1sok betart\u00e1sa mellett biztos\u00edtanak lehet\u0151s\u00e9get arra, hogy a vend\u00e9gek szem\u00e9lyesen keress\u00e9k fel a nyitott irod\u00e1kat, de az online t\u00e9rben is v\u00e1rj\u00e1k az \u00e9rdekl\u0151d\u0151ket. Lesznek digit\u00e1lis workshopok, vide\u00f3s bemutatkoz\u00e1sok, lesz lehet\u0151s\u00e9g szem\u00e9lyes besz\u00e9lget\u00e9sre is, a programokat k\u00fcl\u00f6nf\u00e9le j\u00e1t\u00e9kok f\u0171szerezik \u2013 mindezekre a rendezv\u00e9ny virtu\u00e1lis platformj\u00e1n kereszt\u00fcl lehet majd becsatlakozni, kiv\u00e1lasztva az adott c\u00e9get, amelyre a vend\u00e9g k\u00edv\u00e1ncsi.<\/p>\n<p><em>\u201eB\u00e1r ez a digit\u00e1lis forma sok piaci szerepl\u0151nek egyel\u0151re m\u00e9g idegen, ugyanakkor a feln\u00f6vekv\u0151 gener\u00e1ci\u00f3, illetve a fiatal feln\u0151ttek m\u00e1r k\u00e9szs\u00e9g szinten haszn\u00e1lj\u00e1k a digit\u00e1lis eszk\u00f6z\u00f6ket, \u00e9s \u00e9lvezik annak hat\u00e9konys\u00e1g\u00e1t, k\u00e9nyelm\u00e9t\u201d<\/em> \u2013 mondta De\u00e1k-Nagy Csilla.<\/p><div id=\"gazda-4236784205\" class=\"gazda-tartalomban gazda-entity-placement\"><script async src=\"https:\/\/pagead2.googlesyndication.com\/pagead\/js\/adsbygoogle.js\"><\/script>\r\n<ins class=\"adsbygoogle\"\r\n     style=\"display:block\"\r\n     data-ad-format=\"fluid\"\r\n     data-ad-layout-key=\"-6t+ed+2i-1n-4w\"\r\n     data-ad-client=\"ca-pub-1959107119989764\"\r\n     data-ad-slot=\"4008251320\"><\/ins>\r\n<script>\r\n     (adsbygoogle = window.adsbygoogle || []).push({});\r\n<\/script><\/div>\n<div class=\"ads-in-post2\"><script async src=\"https:\/\/pagead2.googlesyndication.com\/pagead\/js\/adsbygoogle.js\"><\/script>\r\n<ins class=\"adsbygoogle\"\r\n     style=\"display:block\"\r\n     data-ad-format=\"fluid\"\r\n     data-ad-layout-key=\"-6t+ed+2i-1n-4w\"\r\n     data-ad-client=\"ca-pub-1959107119989764\"\r\n     data-ad-slot=\"4008251320\"><\/ins>\r\n<script>\r\n     (adsbygoogle = window.adsbygoogle || []).push({});\r\n<\/script><\/div>\n<p>A c\u00e9gek jelentkez\u00e9se folyamatos, az \u00e9rdekl\u0151d\u0151k pedig szeptember 15-t\u0151l tudnak regisztr\u00e1lni vend\u00e9gk\u00e9nt az ingyenes rendezv\u00e9nyre a C\u00e9gek \u00c9jszak\u00e1ja virtu\u00e1lis platformj\u00e1n.<\/p>\n<p>&nbsp;<\/p>\n<p><strong>Inform\u00e1ci\u00f3k:<\/strong><br \/>\n<a href=\"http:\/\/www.cegekejszakajabudapest.hu\/\" target=\"_blank\" rel=\"noopener\">www.cegekejszakajabudapest.hu<\/a><br \/>\n<a href=\"http:\/\/facebook.com\/cegekejszakajabudapest\" target=\"_blank\" rel=\"noopener\">facebook.com\/cegekejszakajabudapest<\/a><br \/>\n<a href=\"http:\/\/instagram.com\/cegekejszakaja\" target=\"_blank\" rel=\"noopener\">instagram.com\/cegekejszakaja<\/a><\/p>\n<p>&nbsp;<\/p>\n","protected":false},"excerpt":{"rendered":"<p>A koronav\u00edrus-j\u00e1rv\u00e1ny \u00e9s annak eg\u00e9szs\u00e9g\u00fcgyi kock\u00e1zatai tavasszal a C\u00e9gek \u00c9jszak\u00e1j\u00e1t is \u00e1tmeneti meg\u00e1ll\u00e1sra k\u00e9nyszer\u00edtett\u00e9k, \u00e1m a rendhagy\u00f3 karriernapra m\u00e1r nem kell sokat v\u00e1rni, az \u00faj id\u0151pont: 2020. szeptember 24. Ezen a napon ultramodern, 3D-s technika seg\u00edts\u00e9g\u00e9vel, virtu\u00e1lisan is megny\u00edlnak a budapesti c\u00e9gek kapui a munkav\u00e1llal\u00f3k sz\u00e1m\u00e1ra, hogy megmutass\u00e1k igazi arc(ulat)ukat.<\/p>\n","protected":false},"author":1001006,"featured_media":0,"comment_status":"closed","ping_status":"open","sticky":false,"template":"","format":"standard","meta":[],"categories":[19],"tags":[],"_links":{"self":[{"href":"https:\/\/gazdasagportal.hu\/index.php\/wp-json\/wp\/v2\/posts\/128204"}],"collection":[{"href":"https:\/\/gazdasagportal.hu\/index.php\/wp-json\/wp\/v2\/posts"}],"about":[{"href":"https:\/\/gazdasagportal.hu\/index.php\/wp-json\/wp\/v2\/types\/post"}],"author":[{"embeddable":true,"href":"https:\/\/gazdasagportal.hu\/index.php\/wp-json\/wp\/v2\/users\/1001006"}],"replies":[{"embeddable":true,"href":"https:\/\/gazdasagportal.hu\/index.php\/wp-json\/wp\/v2\/comments?post=128204"}],"version-history":[{"count":1,"href":"https:\/\/gazdasagportal.hu\/index.php\/wp-json\/wp\/v2\/posts\/128204\/revisions"}],"predecessor-version":[{"id":128205,"href":"https:\/\/gazdasagportal.hu\/index.php\/wp-json\/wp\/v2\/posts\/128204\/revisions\/128205"}],"wp:attachment":[{"href":"https:\/\/gazdasagportal.hu\/index.php\/wp-json\/wp\/v2\/media?parent=128204"}],"wp:term":[{"taxonomy":"category","embeddable":true,"href":"https:\/\/gazdasagportal.hu\/index.php\/wp-json\/wp\/v2\/categories?post=128204"},{"taxonomy":"post_tag","embeddable":true,"href":"https:\/\/gazdasagportal.hu\/index.php\/wp-json\/wp\/v2\/tags?post=128204"}],"curies":[{"name":"wp","href":"https:\/\/api.w.org\/{rel}","templated":true}]}}