{"id":128162,"date":"2020-07-23T04:34:21","date_gmt":"2020-07-23T02:34:21","guid":{"rendered":"http:\/\/gazdasagportal.hu\/?p=128162"},"modified":"2020-07-23T14:22:41","modified_gmt":"2020-07-23T12:22:41","slug":"az-irodaepuletek-legfrissebb-trendjei","status":"publish","type":"post","link":"https:\/\/gazdasagportal.hu\/index.php\/az-irodaepuletek-legfrissebb-trendjei\/","title":{"rendered":"Az iroda\u00e9p\u00fcletek legfrissebb trendjei"},"content":{"rendered":"<p><a href=\"https:\/\/gazdasagportal.hu\/wp-content\/uploads\/2020\/07\/pasted-image-0.png\"><img decoding=\"async\" loading=\"lazy\" class=\"aligncenter size-full wp-image-128163\" src=\"https:\/\/gazdasagportal.hu\/wp-content\/uploads\/2020\/07\/pasted-image-0.png\" alt=\"\" width=\"660\" height=\"400\" srcset=\"https:\/\/gazdasagportal.hu\/wp-content\/uploads\/2020\/07\/pasted-image-0.png 660w, https:\/\/gazdasagportal.hu\/wp-content\/uploads\/2020\/07\/pasted-image-0-300x182.png 300w\" sizes=\"(max-width: 660px) 100vw, 660px\" \/><\/a><br \/>\n<strong>Az ember \u00e9let\u00e9nek jelent\u0151s h\u00e1nyad\u00e1t a munkahely\u00e9n t\u00f6lti. Nem meglep\u0151 teh\u00e1t, hogy az \u00faj gener\u00e1ci\u00f3s munkav\u00e1llal\u00f3k k\u00f6z\u00f6tt kiemelten fontoss\u00e1 v\u00e1lt a munkak\u00f6r\u00fclm\u00e9nyek \u00e9s a munkak\u00f6rnyezet min\u0151s\u00e9ge. Ennek \u00e9kes bizony\u00edt\u00e9ka, hogy ma m\u00e1r minden \u00e9vben publik\u00e1lj\u00e1k, hogy mely v\u00e1llalatn\u00e1l a legjobb dolgozni. Min\u00e9l jobbak a munkak\u00f6r\u00fclm\u00e9nyek, ann\u00e1l jobb, kreat\u00edvabb \u00e9s \u00e9lesebb elm\u00e9ket fog vonzani a v\u00e1llalkoz\u00e1s \u2013 \u00e9s mint tudjuk, a v\u00e1llalkoz\u00e1sok tal\u00e1n legfontosabb er\u0151forr\u00e1sai az emberek.<\/strong><br \/>\n<strong>De nem csak emiatt fontos az ide\u00e1lis munkak\u00f6rnyezet. T\u00f6bb nagy ipar\u00e1gi szerepl\u0151, \u00edgy p\u00e9ld\u00e1ul a <\/strong><a href=\"https:\/\/www.tervaz.hu\/\" target=\"_blank\" rel=\"noopener noreferrer\"><strong>T\u00e9rv\u00e1z Kft.<\/strong><\/a><strong> is azt v\u00e9lte felfedezni az iroda\u00e9p\u00fclet valamint <\/strong><a href=\"https:\/\/tervaz.hu\" target=\"_blank\" rel=\"noopener noreferrer\"><strong>csarnok tervez\u00e9sben \u00e9s kivitelez\u00e9sben<\/strong><\/a><strong> szerzett tapasztalatai alapj\u00e1n, hogy a munkak\u00f6rnyezet \u00e9s a munkak\u00f6r\u00fclm\u00e9nyek k\u00f6zvetlen\u00fcl hatnak a munkat\u00e1rsak teljes\u00edtm\u00e9ny\u00e9re, ezzel pedig jelent\u0151sen hozz\u00e1j\u00e1rulnak \u00e9s meghat\u00e1rozz\u00e1k a v\u00e1llalat piaci szerepl\u00e9s\u00e9t. Min\u00e9l hat\u00e9konyabbak \u00e9s el\u00e9gedettebbek az alkalmazottak, ann\u00e1l jobb a c\u00e9g teljes\u00edtm\u00e9nye.<\/strong><\/p>\n<p><strong>A k\u00e9rd\u00e9s az, hogyan alak\u00edthat\u00f3 ki egy olyan munkak\u00f6rnyezet, ami n\u00f6veli a produktivit\u00e1st?<\/strong><\/p>\n<h2><strong>Az ide\u00e1lis munkak\u00f6rnyezet<\/strong><\/h2>\n<p>Egy olyan k\u00f6zeg, ahol a dolgoz\u00f3k j\u00f3l \u00e9rzik magukat, tudatos \u00e9s j\u00f3l megfontolt tervez\u00e9s eredm\u00e9nye. Legyen sz\u00f3 irodai vagy ak\u00e1r <a href=\"https:\/\/thenext.hu\/produktivitas\/otthoni-munkavegzes\/\" target=\"_blank\" rel=\"noopener\">otthoni munkav\u00e9gz\u00e9sr\u0151l<\/a>. Az egyik legfontosabb szempont k\u00e9ts\u00e9gtelen\u00fcl a k\u00e9nyelem. Ahhoz, hogy a munkav\u00e1llal\u00f3k min\u00e9l zavartalanabbul tudj\u00e1k elv\u00e9gezni a feladataikat, lehet\u0151s\u00e9g szerint minden \u00fatjukba ker\u00fcl\u0151 akad\u00e1lyt el kell h\u00e1r\u00edtani. Ebb\u0151l a szempontb\u00f3l az ergon\u00f3mia kulcsfontoss\u00e1g\u00fa, teh\u00e1t minden munkaeszk\u00f6znek olyannak kell lennie, hogy a legink\u00e1bb el\u0151seg\u00edtse az emberi munk\u00e1t \u00e9s szem\u00e9lyre szabhat\u00f3 legyen.<br \/>\nEmellett nagyon fontos m\u00e9g az inspir\u00e1l\u00f3 k\u00f6rnyezet. Az emberi agy akkor a legkreat\u00edvabb, ha azt \u00e9rzi, hogy nincs korl\u00e1tozva. \u00c9ppen ez\u00e9rt t\u00f6rekedni kell arra, hogy ne egy 4 fal k\u00f6z\u00e9 bez\u00e1rt helyis\u00e9gben \u00e9rezz\u00e9k magukat a munkav\u00e1llal\u00f3k, hanem valami teljesen m\u00e1s k\u00f6rnyezetben, ahol ak\u00e1r az \u00e9rt\u00e9kes szabadidej\u00fcket is sz\u00edvesen elt\u00f6lten\u00e9k.<\/p><div id=\"gazda-329362294\" class=\"gazda-tartalomban gazda-entity-placement\"><script async src=\"https:\/\/pagead2.googlesyndication.com\/pagead\/js\/adsbygoogle.js\"><\/script>\r\n<ins class=\"adsbygoogle\"\r\n     style=\"display:block\"\r\n     data-ad-format=\"fluid\"\r\n     data-ad-layout-key=\"-6t+ed+2i-1n-4w\"\r\n     data-ad-client=\"ca-pub-1959107119989764\"\r\n     data-ad-slot=\"4008251320\"><\/ins>\r\n<script>\r\n     (adsbygoogle = window.adsbygoogle || []).push({});\r\n<\/script><\/div>\n<h2><strong>A sz\u00ednek ereje<\/strong><\/h2>\n<p>A sz\u00ednek haszn\u00e1lata elengedhetetlen ahhoz, hogy a k\u00f6rnyezet \u00e9l\u00e9nk \u00e9s vibr\u00e1l\u00f3 hat\u00e1st keltsen. Minden sz\u00ednnek k\u00fcl\u00f6nb\u00f6z\u0151 pszichol\u00f3giai hat\u00e1sa van az emberi agyra, ez\u00e9rt c\u00e9lszer\u0171 a helyis\u00e9gek c\u00e9lj\u00e1nak megfelel\u0151en kiv\u00e1lasztani \u0151ket. Ahol a nyugodt, kreat\u00edv munkav\u00e9gz\u00e9s lenne a c\u00e9l, ott p\u00e9ld\u00e1ul t\u00f6k\u00e9letes v\u00e1laszt\u00e1s lehet a z\u00f6ld \u2013 de ha a kommunik\u00e1ci\u00f3 \u00e9s a proaktivit\u00e1s el\u0151seg\u00edt\u00e9se a c\u00e9l, mint p\u00e9ld\u00e1ul egy t\u00e1rgyal\u00f3 eset\u00e9ben, akkor a k\u00e9k sz\u00edn sokkal megfelel\u0151bb erre a c\u00e9lra. Az elt\u00e9r\u0151 sz\u00ednek, m\u00e1s-m\u00e1s hangulatot \u00e1rasztanak \u00e9s m\u00e1s c\u00e9lt szolg\u00e1lnak az <strong><a href=\"https:\/\/tasteful.hu\/lakberendezes\/\" target=\"_blank\" rel=\"noopener noreferrer\">iroda- \u00e9s lakberendez\u00e9sben<\/a><\/strong>.<\/p>\n<h2><strong>L\u00e9gies, t\u00e1g terek<\/strong><\/h2>\n<p>R\u00e9gen nagyon divatosak voltak a sz\u0171k, boxokkal kialak\u00edtott irodai terek. Ennek az volt a c\u00e9lja, hogy cs\u00f6kkentse a munkat\u00e1rsak k\u00f6z\u00f6tti kommunik\u00e1ci\u00f3 mennyis\u00e9g\u00e9t \u2013 ugyanakkor a kreativit\u00e1st \u00e9s a munkamor\u00e1lt is hihetetlen\u00fcl lerontotta.<\/p>\n<p>A mai modern irod\u00e1kban ennek az ellent\u00e9tje az igaz, teh\u00e1t boxok helyett t\u00e1g, l\u00e9gies, \u00e9lhet\u0151 terek kialak\u00edt\u00e1sa a c\u00e9l, ahol a munkav\u00e1llal\u00f3k azt \u00e9rzik, hogy elegend\u0151 hely\u00fck van \u00e9s szabadok, ez\u00e1ltal pedig n\u0151 a munkamor\u00e1ljuk, a kreativit\u00e1suk \u00e9s a produktivit\u00e1suk is.<\/p>\n<p style=\"text-align: center;\"><a href=\"https:\/\/gazdasagportal.hu\/wp-content\/uploads\/2020\/07\/pasted-image-0-2.png\"><img decoding=\"async\" loading=\"lazy\" class=\"aligncenter size-full wp-image-128164\" src=\"https:\/\/gazdasagportal.hu\/wp-content\/uploads\/2020\/07\/pasted-image-0-2.png\" alt=\"\" width=\"1200\" height=\"797\" srcset=\"https:\/\/gazdasagportal.hu\/wp-content\/uploads\/2020\/07\/pasted-image-0-2.png 1200w, https:\/\/gazdasagportal.hu\/wp-content\/uploads\/2020\/07\/pasted-image-0-2-300x199.png 300w, https:\/\/gazdasagportal.hu\/wp-content\/uploads\/2020\/07\/pasted-image-0-2-768x510.png 768w, https:\/\/gazdasagportal.hu\/wp-content\/uploads\/2020\/07\/pasted-image-0-2-1024x680.png 1024w\" sizes=\"(max-width: 1200px) 100vw, 1200px\" \/><\/a><br \/>\nForr\u00e1s: T\u00e9rv\u00e1z Kft.<\/p>\n<h2><strong>A kommunik\u00e1ci\u00f3 el\u0151seg\u00edt\u00e9se<\/strong><\/h2>\n<p>A mai irod\u00e1kban m\u00e1r nem hogy g\u00e1tolni, de ink\u00e1bb seg\u00edteni szeretn\u00e9k a munk\u00e1ltat\u00f3k a kommunik\u00e1ci\u00f3t \u00e9s az emberi kapcsolatok kialak\u00edt\u00e1s\u00e1t. A c\u00e9gek r\u00e1j\u00f6ttek, hogy b\u00e1r a munkav\u00e1llal\u00f3k relax\u00e1l\u00e1s\u00e1val \u00e9s kapcsolat\u00e9p\u00edt\u00e9s\u00e9vel kevesebb id\u0151 jut a t\u00e9nyleges munka elv\u00e9gz\u00e9s\u00e9re, \u00e1m az j\u00f3val nagyobb hat\u00e9konys\u00e1ggal t\u00f6rt\u00e9nik, \u00edgy sokkal fenntarthat\u00f3bb munkak\u00f6r\u00fclm\u00e9nyeket biztos\u00edtanak a munkav\u00e1llal\u00f3knak, \u00e9s a fluktu\u00e1ci\u00f3 is l\u00e9nyegesen alacsonyabb lesz. R\u00e1ad\u00e1sul a csapat pozit\u00edv dinamik\u00e1ja \u00e9s a k\u00f6z\u00f6s probl\u00e9mamegold\u00e1s megintcsak a c\u00e9g \u00e9rdekeit k\u00e9pviseli, \u00edgy a munk\u00e1ltat\u00f3 j\u00f3l j\u00e1r azzal, ha a munkav\u00e1llal\u00f3k szorosabb kapcsolatot alak\u00edtanak ki egym\u00e1ssal, hiszen ezzel plusz motiv\u00e1ci\u00f3juk lesz arra, hogy min\u0151s\u00e9gi munk\u00e1t adjanak ki a kez\u00fck k\u00f6z\u00fcl.<br \/>\n<a href=\"https:\/\/gazdasagportal.hu\/wp-content\/uploads\/2020\/07\/pasted-image-0.png\"><img decoding=\"async\" loading=\"lazy\" class=\"aligncenter size-full wp-image-128163\" src=\"https:\/\/gazdasagportal.hu\/wp-content\/uploads\/2020\/07\/pasted-image-0.png\" alt=\"\" width=\"660\" height=\"400\" srcset=\"https:\/\/gazdasagportal.hu\/wp-content\/uploads\/2020\/07\/pasted-image-0.png 660w, https:\/\/gazdasagportal.hu\/wp-content\/uploads\/2020\/07\/pasted-image-0-300x182.png 300w\" sizes=\"(max-width: 660px) 100vw, 660px\" \/><\/a><br \/>\nForr\u00e1s: T\u00e9rv\u00e1z Kft.<\/p>\n<h2><strong>F\u00f3kusz\u00e1lt munka<\/strong><\/h2>\n<p>Term\u00e9szetesen sz\u00fcks\u00e9g van az elszigetelt, zavarmentes munka elv\u00e9gz\u00e9s\u00e9re is, hiszen a t\u00fal sok k\u00f6z\u00f6ss\u00e9gi \u00e9let sem jelent produkt\u00edv megold\u00e1st. Mint szinte az \u00e9let \u00f6sszes ter\u00fclet\u00e9n, itt is sz\u00fcks\u00e9g van a megfelel\u0151 ar\u00e1nyok \u00e9s a balansz megtal\u00e1l\u00e1s\u00e1ra. Fontos, hogy a munkav\u00e1llal\u00f3knak lehet\u0151s\u00e9ge legyen bekapcsol\u00f3dniuk az irodai atmoszf\u00e9r\u00e1ba \u00e9s relax\u00e1lni, m\u00e9lyebben megismerni a csapat t\u00f6bbi tagjait \u2013 ugyanakkor lehet\u0151s\u00e9g\u00fck legyen elvonulni, \u00e9s f\u00f3kusz\u00e1ltan v\u00e9gezni a feladataikat is.<\/p>\n<h2><strong>A term\u00e9szet k\u00f6zels\u00e9ge<\/strong><\/h2>\n<p>Ahogy a saj\u00e1t otthon eset\u00e9ben, \u00fagy az irod\u00e1kn\u00e1l is igaz: min\u00e9l t\u00f6bb term\u00e9szet jut a 4 fal k\u00f6z\u00e9, ann\u00e1l kev\u00e9sb\u00e9 \u00e9rz\u0151dik, hogy egy z\u00e1rt t\u00e9rben zajlik a munka. A term\u00e9szetk\u00f6zelis\u00e9g az \u00e9l\u0151 n\u00f6v\u00e9nyekkel \u00e9rhet\u0151 el a legk\u00f6nnyebben, amelyek nem csak, hogy k\u00f6zelebb hozz\u00e1k az \u00e9l\u0151vil\u00e1got, de a leveg\u0151t is tiszt\u00edtj\u00e1k.<br \/>\nEmellett sok iroda \u00e1llatbar\u00e1tt\u00e1 is van alak\u00edtva, amely lehet\u0151s\u00e9get ad arra, hogy a munkav\u00e1llal\u00f3k magukkal hozz\u00e1k a kis h\u00e1zi kedvenceiket. Sok munk\u00e1ltat\u00f3 eleinte \u00f3dzkodik ett\u0151l az \u00f6tlett\u0151l, de rengeteg szeretettel \u00e9s pozit\u00edv energi\u00e1val tudj\u00e1k megt\u00f6lteni a helyet, ami megintcsak n\u00f6veli a produktivit\u00e1st \u00e9s a kellemes \u00e9let\u00e9rz\u00e9st.<\/p>\n<h2><strong>Partner az iroda\u00e9p\u00fclet \u00e9p\u00edt\u00e9sben<\/strong><\/h2>\n<p>Az irodatervez\u00e9si- \u00e9s \u00e9p\u00edt\u00e9si vil\u00e1gban rengeteget v\u00e1ltoztak a trendek az elm\u00falt 1-2 \u00e9vtizedben. Ma m\u00e1r a fizet\u00e9s mellett hasonl\u00f3an fontos az, hogy a munkahely term\u00e9szet- \u00e9s emberk\u00f6zeli legyen. Ahhoz, hogy a legtehets\u00e9gesebb munkav\u00e1llal\u00f3kat vonzza mag\u00e1hoz a munkahely, t\u00f6rekednie kell arra, hogy megfelel\u0151 felt\u00e9teleket teremtsen. Ehhez pedig olyan partnert kell v\u00e1lasztania, aki m\u00e1r t\u00f6bbsz\u00f6r bizony\u00edtotta, hogy l\u00e9p\u00e9st tart a modern irodai trendekkel, \u00e9s a tervez\u00e9s mellett a kivitelez\u00e9sben is a kiv\u00e1l\u00f3 munk\u00e1t l\u00e1t el, mint p\u00e9ld\u00e1ul a <strong><a href=\"https:\/\/www.tervaz.hu\/\" target=\"_blank\" rel=\"noopener noreferrer\">T\u00e9rv\u00e1z Kft.<\/a><\/strong><\/p>\n<p>&nbsp;<\/p>\n","protected":false},"excerpt":{"rendered":"<p>Az ember \u00e9let\u00e9nek jelent\u0151s h\u00e1nyad\u00e1t a munkahely\u00e9n t\u00f6lti. Nem meglep\u0151 teh\u00e1t, hogy az \u00faj gener\u00e1ci\u00f3s munkav\u00e1llal\u00f3k k\u00f6z\u00f6tt kiemelten fontoss\u00e1 v\u00e1lt a munkak\u00f6r\u00fclm\u00e9nyek \u00e9s a munkak\u00f6rnyezet min\u0151s\u00e9ge. Ennek \u00e9kes bizony\u00edt\u00e9ka, hogy ma m\u00e1r minden \u00e9vben publik\u00e1lj\u00e1k, hogy mely v\u00e1llalatn\u00e1l a legjobb dolgozni. Min\u00e9l jobbak a munkak\u00f6r\u00fclm\u00e9nyek, ann\u00e1l jobb, kreat\u00edvabb \u00e9s \u00e9lesebb elm\u00e9ket fog vonzani a v\u00e1llalkoz\u00e1s &#8230;<\/p>\n","protected":false},"author":1001006,"featured_media":128163,"comment_status":"closed","ping_status":"open","sticky":false,"template":"","format":"standard","meta":[],"categories":[146,19,429],"tags":[],"_links":{"self":[{"href":"https:\/\/gazdasagportal.hu\/index.php\/wp-json\/wp\/v2\/posts\/128162"}],"collection":[{"href":"https:\/\/gazdasagportal.hu\/index.php\/wp-json\/wp\/v2\/posts"}],"about":[{"href":"https:\/\/gazdasagportal.hu\/index.php\/wp-json\/wp\/v2\/types\/post"}],"author":[{"embeddable":true,"href":"https:\/\/gazdasagportal.hu\/index.php\/wp-json\/wp\/v2\/users\/1001006"}],"replies":[{"embeddable":true,"href":"https:\/\/gazdasagportal.hu\/index.php\/wp-json\/wp\/v2\/comments?post=128162"}],"version-history":[{"count":3,"href":"https:\/\/gazdasagportal.hu\/index.php\/wp-json\/wp\/v2\/posts\/128162\/revisions"}],"predecessor-version":[{"id":128183,"href":"https:\/\/gazdasagportal.hu\/index.php\/wp-json\/wp\/v2\/posts\/128162\/revisions\/128183"}],"wp:featuredmedia":[{"embeddable":true,"href":"https:\/\/gazdasagportal.hu\/index.php\/wp-json\/wp\/v2\/media\/128163"}],"wp:attachment":[{"href":"https:\/\/gazdasagportal.hu\/index.php\/wp-json\/wp\/v2\/media?parent=128162"}],"wp:term":[{"taxonomy":"category","embeddable":true,"href":"https:\/\/gazdasagportal.hu\/index.php\/wp-json\/wp\/v2\/categories?post=128162"},{"taxonomy":"post_tag","embeddable":true,"href":"https:\/\/gazdasagportal.hu\/index.php\/wp-json\/wp\/v2\/tags?post=128162"}],"curies":[{"name":"wp","href":"https:\/\/api.w.org\/{rel}","templated":true}]}}