{"id":128133,"date":"2020-07-21T15:47:41","date_gmt":"2020-07-21T13:47:41","guid":{"rendered":"http:\/\/gazdasagportal.hu\/?p=128133"},"modified":"2020-07-21T15:47:41","modified_gmt":"2020-07-21T13:47:41","slug":"varga-mihaly-a-magyar-gazdasag-kezd-visszaterni-a-novekedesi-palyara","status":"publish","type":"post","link":"https:\/\/gazdasagportal.hu\/index.php\/varga-mihaly-a-magyar-gazdasag-kezd-visszaterni-a-novekedesi-palyara\/","title":{"rendered":"Varga Mih\u00e1ly: a magyar gazdas\u00e1g kezd visszat\u00e9rni a n\u00f6veked\u00e9si p\u00e1ly\u00e1ra"},"content":{"rendered":"<p><strong>Kezd visszat\u00e9rni a n\u00f6veked\u00e9si p\u00e1ly\u00e1ra a magyar gazdas\u00e1g &#8211; mondta a p\u00e9nz\u00fcgyminiszter kedden Ny\u00edregyh\u00e1z\u00e1n, amikor al\u00e1\u00edrt\u00e1k a villamosipari \u00e9s g\u00e9p\u00e9szeti kivitelez\u00e9ssel foglalkoz\u00f3 Industrial Electric Bau Kft. kapacit\u00e1sb\u0151v\u00edt\u0151 beruh\u00e1z\u00e1s\u00e1nak csaknem 42 milli\u00f3 forint \u00e9rt\u00e9k\u0171 t\u00e1mogat\u00e1si szerz\u0151d\u00e9s\u00e9t.<\/strong><!--more--><\/p>\n<div class=\"ads-in-post1\"><div id=\"gazdasagportal.hu_fullbanner_wideboard\"><\/div>\r\n<\/div>\n<p>    A korm\u00e1ny \u00e1ltal ind\u00edtott gazdas\u00e1gv\u00e9delmi akci\u00f3terv hozz\u00e1j\u00e1rult ahhoz, hogy meg\u00e1lljon a magyar gazdas\u00e1g \u00e1prilisban \u00e9s m\u00e1jusban tapasztalt zsugorod\u00e1sa, \u00e9s az elm\u00falt h\u00f3napokban lassan kezdjen visszat\u00e9rni arra a n\u00f6veked\u00e9si p\u00e1ly\u00e1ra, ahol kor\u00e1bban volt &#8211; k\u00f6z\u00f6lte Varga Mih\u00e1ly.<br \/>\n    Hozz\u00e1tette: a gazdas\u00e1gfejleszt\u00e9s f\u00f3kusz\u00e1ban tov\u00e1bbra is a mikro-, kis- \u00e9s k\u00f6zepes v\u00e1llalkoz\u00e1sok, a foglalkoztat\u00e1s b\u0151v\u00edt\u00e9se \u00e9s az \u00fajraiparos\u00edt\u00e1s \u00e1ll.<br \/>\n    A miniszter kifejtette, a kft. beruh\u00e1z\u00e1s\u00e1hoz a korm\u00e1ny 30 milli\u00f3 forinttal j\u00e1rult hozz\u00e1 a Gazdas\u00e1gfejleszt\u00e9si \u00e9s innov\u00e1ci\u00f3s operat\u00edv program (Ginop) seg\u00edts\u00e9g\u00e9vel, ami az egyik legnagyobb magyar gazdas\u00e1gi programnak sz\u00e1m\u00edt 2500 milli\u00e1rd forintnyi fejleszt\u00e9si forr\u00e1s\u00e1val.<br \/>\n<div class=\"ads-in-post1\"><div id=\"gazdasagportal.hu_fullbanner_wideboard\"><\/div>\r\n<\/div>\n    A k\u00f6vetkez\u0151 uni\u00f3s fejleszt\u00e9si ciklus forr\u00e1sait \u00e9rint\u0151en a magyar korm\u00e1ny \u00e1ll\u00e1spontja tov\u00e1bbra is vil\u00e1gos, a kabinet egyr\u00e9szt a forr\u00e1sok nagy r\u00e9sz\u00e9t gazdas\u00e1gfejleszt\u00e9sre k\u00edv\u00e1nja ford\u00edtani, m\u00e1sr\u00e9szt pedig azt szeretn\u00e9, ha az eur\u00f3pai uni\u00f3s forr\u00e1sok eloszt\u00e1s\u00e1t eddig jellemz\u0151 egyenl\u0151tlens\u00e9gek \u00e9s igazs\u00e1gtalans\u00e1gok nem jelenn\u00e9nek meg, vagyis sokkal igazs\u00e1gosabb \u00e9s f\u0151leg rugalmasabb lenne a forr\u00e1sok eloszt\u00e1sa \u00e9s felhaszn\u00e1l\u00e1sa &#8211; fejtette ki.<br \/>\n    A kis- \u00e9s k\u00f6zepes v\u00e1llalkoz\u00e1sokr\u00f3l sz\u00f3lva a miniszter az innov\u00e1ci\u00f3 fontoss\u00e1g\u00e1t emelte ki, amelyben az Industrial Electric Bau Kft.-t \u00e9len j\u00e1r\u00f3nak nevezte. Szavai szerint a c\u00e9g m\u00e1r most is k\u00e9tsz\u00e1z sikeres projektet bonyol\u00edtott le a technol\u00f3giafejleszt\u00e9s ter\u00fclet\u00e9n \u00e9s tov\u00e1bbi piacok megszerz\u00e9s\u00e9ben, valamint a szakemberg\u00e1rda meger\u0151s\u00edt\u00e9s\u00e9ben l\u00e1tja a j\u00f6v\u0151j\u00e9t.<br \/>\n<div class=\"ads-in-post2\"><script async src=\"https:\/\/pagead2.googlesyndication.com\/pagead\/js\/adsbygoogle.js\"><\/script>\r\n<ins class=\"adsbygoogle\"\r\n     style=\"display:block\"\r\n     data-ad-format=\"fluid\"\r\n     data-ad-layout-key=\"-6t+ed+2i-1n-4w\"\r\n     data-ad-client=\"ca-pub-1959107119989764\"\r\n     data-ad-slot=\"4008251320\"><\/ins>\r\n<script>\r\n     (adsbygoogle = window.adsbygoogle || []).push({});\r\n<\/script><\/div>\n    A korm\u00e1ny gazdas\u00e1gpolitik\u00e1j\u00e1ban nagyon fontos szerepet t\u00f6ltenek be a kkv-k, a kabinetnek a v\u00e1llalkoz\u00e1sok fejleszt\u00e9seinek megval\u00f3s\u00edt\u00e1s\u00e1ban kell partnernek lennie &#8211; emelte ki Varga Mih\u00e1ly. Fontosnak nevezte, hogy az ipar ter\u00fclet\u00e9n min\u00e9l t\u00f6bb fejleszt\u00e9si terv legyen t\u00e1mogathat\u00f3, valamint egy-egy szektor dominanci\u00e1ja helyett egyes \u00e1gazatok &#8211; p\u00e9ld\u00e1ul a gy\u00f3gyszeripar, az \u00e9lelmiszeripar vagy a turizmus &#8211; egy\u00fcttesen alak\u00edts\u00e1k ki a gazdas\u00e1g profilj\u00e1t, ami a gazdas\u00e1gi n\u00f6veked\u00e9st hozza l\u00e9tre.<br \/>\n    A p\u00e9nz\u00fcgyminiszter kiemelte, az uni\u00f3s t\u00e1mogat\u00e1sok hatvan sz\u00e1zal\u00e9k\u00e1t k\u00f6lti el az orsz\u00e1g olyan konkr\u00e9t gazdas\u00e1gfejleszt\u00e9sre, aminek k\u00f6sz\u00f6nhet\u0151en kevesebb a munkan\u00e9lk\u00fcli \u00e9s a magyar gazdas\u00e1g n\u00f6veked\u00e9se az Eur\u00f3pai Uni\u00f3n bel\u00fcl is kimagasl\u00f3an eredm\u00e9nyes. \u00dagy fogalmazott, a gazdas\u00e1gi fejletts\u00e9get tekintve ma Magyarorsz\u00e1g n\u00e9h\u00e1ny, az uni\u00f3hoz kor\u00e1bban csatlakozott, a &#8222;kommunizmust\u00f3l megk\u00edm\u00e9lt&#8221; orsz\u00e1ggal van egy szinten, mint p\u00e9ld\u00e1ul Portug\u00e1lia vagy G\u00f6r\u00f6gorsz\u00e1g.<br \/>\n<div class=\"ads-in-post1\"><div id=\"gazdasagportal.hu_fullbanner_wideboard\"><\/div>\r\n<\/div>\n    Az a c\u00e9l, hogy ez a fejl\u0151d\u00e9s min\u00e9l hamarabb vissza\u00e1lljon a j\u00e1rv\u00e1ny kit\u00f6r\u00e9se el\u0151tti szintre &#8211; jelezte Varga Mih\u00e1ly, hozz\u00e1t\u00e9ve, ennek \u00e9rdek\u00e9ben ind\u00edtotta el a korm\u00e1ny a 9 ezermilli\u00e1rd forint \u00f6sszeg\u0171, az orsz\u00e1g gazdas\u00e1gi teljes\u00edtm\u00e9ny\u00e9nek h\u00fasz sz\u00e1zal\u00e9k\u00e1t kitev\u0151 gazdas\u00e1gfejleszt\u00e9si csomagj\u00e1t.<br \/>\n    Az esem\u00e9nyen Vinnai Gy\u0151z\u0151, a t\u00e9rs\u00e9g fideszes orsz\u00e1ggy\u0171l\u00e9si k\u00e9pvisel\u0151je arr\u00f3l besz\u00e9lt, a k\u00f6zel harminc munkav\u00e1llal\u00f3t foglalkoztat\u00f3 t\u00e1rsas\u00e1g komoly \u00fczleti kapcsolatot alak\u00edtott ki t\u00f6bb k\u00fclf\u00f6ldi multic\u00e9ggel, k\u00f6zt\u00fck p\u00e9ld\u00e1ul a n\u00e9met Daimlerrel vagy cseh Skod\u00e1val, \u00edgy p\u00e9lda lehet a t\u00f6bbi ny\u00edregyh\u00e1zi v\u00e1llalkoz\u00e1s sz\u00e1m\u00e1ra.<br \/>\n<div class=\"ads-in-post2\"><script async src=\"https:\/\/pagead2.googlesyndication.com\/pagead\/js\/adsbygoogle.js\"><\/script>\r\n<ins class=\"adsbygoogle\"\r\n     style=\"display:block\"\r\n     data-ad-format=\"fluid\"\r\n     data-ad-layout-key=\"-6t+ed+2i-1n-4w\"\r\n     data-ad-client=\"ca-pub-1959107119989764\"\r\n     data-ad-slot=\"4008251320\"><\/ins>\r\n<script>\r\n     (adsbygoogle = window.adsbygoogle || []).push({});\r\n<\/script><\/div>\n    Labanics Istv\u00e1n \u00fcgyvezet\u0151 igazgat\u00f3 a beruh\u00e1z\u00e1st ismertetve elmondta, az \u00e9p\u00fcletg\u00e9p\u00e9szethez kapcsol\u00f3d\u00f3 vez\u00e9rl\u00e9stechnikai feladatokkal is foglalkoz\u00f3 c\u00e9g a nyertes p\u00e1ly\u00e1zat seg\u00edts\u00e9g\u00e9vel g\u00e9peket v\u00e1s\u00e1rolt, valamint hamarosan meg\u00e9p\u00edti \u00faj \u00f6sszeszerel\u0151 \u00fczem\u00e9t is.<br \/>\n    A nyilv\u00e1nos c\u00e9gadatok szerint a kft. 2018-ban 687 milli\u00f3, 2019-ben pedig 829 milli\u00f3 forint nett\u00f3 \u00e1rbev\u00e9tel realiz\u00e1lt, ad\u00f3zott eredm\u00e9nye a k\u00e9t \u00e9vvel ezel\u0151tti 59 milli\u00f3r\u00f3l tavaly 123 milli\u00f3 forintra emelkedett.(MTI)<\/p>\n","protected":false},"excerpt":{"rendered":"<p>Kezd visszat\u00e9rni a n\u00f6veked\u00e9si p\u00e1ly\u00e1ra a magyar gazdas\u00e1g &#8211; mondta a p\u00e9nz\u00fcgyminiszter kedden Ny\u00edregyh\u00e1z\u00e1n, amikor al\u00e1\u00edrt\u00e1k a villamosipari \u00e9s g\u00e9p\u00e9szeti kivitelez\u00e9ssel foglalkoz\u00f3 Industrial Electric Bau Kft. kapacit\u00e1sb\u0151v\u00edt\u0151 beruh\u00e1z\u00e1s\u00e1nak csaknem 42 milli\u00f3 forint \u00e9rt\u00e9k\u0171 t\u00e1mogat\u00e1si szerz\u0151d\u00e9s\u00e9t.<\/p>\n","protected":false},"author":1001006,"featured_media":0,"comment_status":"closed","ping_status":"open","sticky":false,"template":"","format":"standard","meta":[],"categories":[19],"tags":[],"_links":{"self":[{"href":"https:\/\/gazdasagportal.hu\/index.php\/wp-json\/wp\/v2\/posts\/128133"}],"collection":[{"href":"https:\/\/gazdasagportal.hu\/index.php\/wp-json\/wp\/v2\/posts"}],"about":[{"href":"https:\/\/gazdasagportal.hu\/index.php\/wp-json\/wp\/v2\/types\/post"}],"author":[{"embeddable":true,"href":"https:\/\/gazdasagportal.hu\/index.php\/wp-json\/wp\/v2\/users\/1001006"}],"replies":[{"embeddable":true,"href":"https:\/\/gazdasagportal.hu\/index.php\/wp-json\/wp\/v2\/comments?post=128133"}],"version-history":[{"count":1,"href":"https:\/\/gazdasagportal.hu\/index.php\/wp-json\/wp\/v2\/posts\/128133\/revisions"}],"predecessor-version":[{"id":128134,"href":"https:\/\/gazdasagportal.hu\/index.php\/wp-json\/wp\/v2\/posts\/128133\/revisions\/128134"}],"wp:attachment":[{"href":"https:\/\/gazdasagportal.hu\/index.php\/wp-json\/wp\/v2\/media?parent=128133"}],"wp:term":[{"taxonomy":"category","embeddable":true,"href":"https:\/\/gazdasagportal.hu\/index.php\/wp-json\/wp\/v2\/categories?post=128133"},{"taxonomy":"post_tag","embeddable":true,"href":"https:\/\/gazdasagportal.hu\/index.php\/wp-json\/wp\/v2\/tags?post=128133"}],"curies":[{"name":"wp","href":"https:\/\/api.w.org\/{rel}","templated":true}]}}