{"id":128119,"date":"2020-07-21T09:57:10","date_gmt":"2020-07-21T07:57:10","guid":{"rendered":"http:\/\/gazdasagportal.hu\/?p=128119"},"modified":"2020-07-20T22:58:29","modified_gmt":"2020-07-20T20:58:29","slug":"jelentosen-csokkent-a-renault-altal-gyartott-jarmuvek-ertekesitese-az-elso-fel-evben","status":"publish","type":"post","link":"https:\/\/gazdasagportal.hu\/index.php\/jelentosen-csokkent-a-renault-altal-gyartott-jarmuvek-ertekesitese-az-elso-fel-evben\/","title":{"rendered":"Jelent\u0151sen cs\u00f6kkent a Renault \u00e1ltal gy\u00e1rtott j\u00e1rm\u0171vek \u00e9rt\u00e9kes\u00edt\u00e9se az els\u0151 f\u00e9l \u00e9vben"},"content":{"rendered":"<p><strong>Jelent\u0151sen, t\u00f6bb mint harmad\u00e1val cs\u00f6kkent a Renault \u00e1ltal gy\u00e1rtott j\u00e1rm\u0171vek \u00e9rt\u00e9kes\u00edt\u00e9se szerte a vil\u00e1gban az els\u0151 f\u00e9l \u00e9vben a koronav\u00edrus-j\u00e1rv\u00e1ny k\u00f6vetkezm\u00e9nyek\u00e9nt.<\/strong><!--more--><\/p>\n<div class=\"ads-in-post1\"><div id=\"gazdasagportal.hu_fullbanner_wideboard\"><\/div>\r\n<\/div>\n<p>    A m\u00e1sodik legnagyobb francia aut\u00f3gy\u00e1rt\u00f3 v\u00e1llalat h\u00e9tf\u0151n k\u00f6z\u00f6lte, hogy 1 milli\u00f3 256 ezer 658 j\u00e1rm\u0171vet adtak el janu\u00e1r-j\u00faniusban, ami 34,9 sz\u00e1zal\u00e9kkal kevesebb az egy \u00e9vvel kor\u00e1bbin\u00e1l. A glob\u00e1lis aut\u00f3piacon enn\u00e9l kisebb ar\u00e1nyban, 28,3 sz\u00e1zal\u00e9kkal esett vissza a forgalom.<br \/>\n    A Renault alapvet\u0151en azzal magyar\u00e1zta az \u00e9rt\u00e9kes\u00edt\u00e9s er\u0151s cs\u00f6kken\u00e9s\u00e9t, hogy a j\u00e1rv\u00e1ny miatt szigor\u00fa korl\u00e1toz\u00e1sokat rendeltek el azokban az orsz\u00e1gokban, amelyekben a legnagyobb a kitetts\u00e9ge.<br \/>\n    A Renault-j\u00e1rm\u0171vek forgalma 41,8 sz\u00e1zal\u00e9kkal zuhant a m\u00e1rka legnagyobb piac\u00e1n, Eur\u00f3p\u00e1ban, ahol am\u00fagy az eur\u00f3pai aut\u00f3gy\u00e1rt\u00f3k szakmai k\u00e9pviselet\u00e9nek (ACEA) adatai szerint 38 sz\u00e1zal\u00e9kkal cs\u00f6kkent az \u00faj j\u00e1rm\u0171vek forgalmaz\u00e1sa az els\u0151 f\u00e9l \u00e9vben.<br \/>\n<div class=\"ads-in-post2\"><script async src=\"https:\/\/pagead2.googlesyndication.com\/pagead\/js\/adsbygoogle.js\"><\/script>\r\n<ins class=\"adsbygoogle\"\r\n     style=\"display:block\"\r\n     data-ad-format=\"fluid\"\r\n     data-ad-layout-key=\"-6t+ed+2i-1n-4w\"\r\n     data-ad-client=\"ca-pub-1959107119989764\"\r\n     data-ad-slot=\"4008251320\"><\/ins>\r\n<script>\r\n     (adsbygoogle = window.adsbygoogle || []).push({});\r\n<\/script><\/div>\n    A Renault francia riv\u00e1lisa, a Peugeot, a Citroen, az Opel\/Vauxhall \u00e9s a DS m\u00e1rk\u00e1kat gy\u00e1rt\u00f3 PSA-csoport p\u00e1r nappal ezel\u0151tt k\u00f6z\u00f6lte, hogy az els\u0151 f\u00e9l \u00e9vben 45,7 sz\u00e1zal\u00e9kkal kevesebb j\u00e1rm\u0171vet \u00e9rt\u00e9kes\u00edtett mint egy \u00e9vvel ezel\u0151tt.<br \/>\n    N\u00e9mi vigaszt jelenthet, hogy a Renault k\u00f6zel 50 sz\u00e1zal\u00e9kkal tudta n\u00f6velni \u00e9rt\u00e9kes\u00edt\u00e9s\u00e9t az elektronikus aut\u00f3k szegmens\u00e9ben Eur\u00f3p\u00e1ban: a j\u00faniussal z\u00e1r\u00f3d\u00f3 hat h\u00f3napban 37 ezer 540 darab Zoe tal\u00e1lt gazd\u00e1ra, \u00e9s csak j\u00faniusban 11 ezer darabra \u00e9rkezett rendel\u00e9s.<br \/>\n    A Renault a m\u00falt h\u00f3napban 5 milli\u00e1rd eur\u00f3s hitelgaranci\u00e1t kapott legnagyobb r\u00e9szv\u00e9nyes\u00e9t\u0151l, a francia korm\u00e1nyt\u00f3l seg\u00edts\u00e9gk\u00e9nt a koronav\u00edrus-j\u00e1rv\u00e1ny k\u00f6vetkezm\u00e9nyeinek elh\u00e1r\u00edt\u00e1s\u00e1ra.<br \/>\n<div class=\"ads-in-post1\"><div id=\"gazdasagportal.hu_fullbanner_wideboard\"><\/div>\r\n<\/div>\n    A francia aut\u00f3gy\u00e1rt\u00f3, amely a tavalyi \u00e9vben 141 milli\u00f3 eur\u00f3s vesztes\u00e9get termelt, a k\u00f6vetkez\u0151 h\u00e1rom \u00e9vben 2,2 milli\u00e1rd eur\u00f3 \u00e9rt\u00e9k\u0171 k\u00f6lts\u00e9gcs\u00f6kkent\u00e9si programot hajt v\u00e9gre. Ennek keret\u00e9ben azt tervezi, hogy n\u00e9gymilli\u00f3r\u00f3l 3,3 milli\u00f3ra cs\u00f6kkenti \u00e9ves aut\u00f3gy\u00e1rt\u00e1si kapacit\u00e1s\u00e1t 2024-re, \u00e9s munkahelyeinek 10 sz\u00e1zal\u00e9k\u00e1t sz\u00e1molja fel.(MTI)<\/p>\n","protected":false},"excerpt":{"rendered":"<p>Jelent\u0151sen, t\u00f6bb mint harmad\u00e1val cs\u00f6kkent a Renault \u00e1ltal gy\u00e1rtott j\u00e1rm\u0171vek \u00e9rt\u00e9kes\u00edt\u00e9se szerte a vil\u00e1gban az els\u0151 f\u00e9l \u00e9vben a koronav\u00edrus-j\u00e1rv\u00e1ny k\u00f6vetkezm\u00e9nyek\u00e9nt.<\/p>\n","protected":false},"author":1001006,"featured_media":0,"comment_status":"closed","ping_status":"open","sticky":false,"template":"","format":"standard","meta":[],"categories":[12,246],"tags":[],"_links":{"self":[{"href":"https:\/\/gazdasagportal.hu\/index.php\/wp-json\/wp\/v2\/posts\/128119"}],"collection":[{"href":"https:\/\/gazdasagportal.hu\/index.php\/wp-json\/wp\/v2\/posts"}],"about":[{"href":"https:\/\/gazdasagportal.hu\/index.php\/wp-json\/wp\/v2\/types\/post"}],"author":[{"embeddable":true,"href":"https:\/\/gazdasagportal.hu\/index.php\/wp-json\/wp\/v2\/users\/1001006"}],"replies":[{"embeddable":true,"href":"https:\/\/gazdasagportal.hu\/index.php\/wp-json\/wp\/v2\/comments?post=128119"}],"version-history":[{"count":1,"href":"https:\/\/gazdasagportal.hu\/index.php\/wp-json\/wp\/v2\/posts\/128119\/revisions"}],"predecessor-version":[{"id":128120,"href":"https:\/\/gazdasagportal.hu\/index.php\/wp-json\/wp\/v2\/posts\/128119\/revisions\/128120"}],"wp:attachment":[{"href":"https:\/\/gazdasagportal.hu\/index.php\/wp-json\/wp\/v2\/media?parent=128119"}],"wp:term":[{"taxonomy":"category","embeddable":true,"href":"https:\/\/gazdasagportal.hu\/index.php\/wp-json\/wp\/v2\/categories?post=128119"},{"taxonomy":"post_tag","embeddable":true,"href":"https:\/\/gazdasagportal.hu\/index.php\/wp-json\/wp\/v2\/tags?post=128119"}],"curies":[{"name":"wp","href":"https:\/\/api.w.org\/{rel}","templated":true}]}}