{"id":128010,"date":"2020-07-16T11:36:50","date_gmt":"2020-07-16T09:36:50","guid":{"rendered":"http:\/\/gazdasagportal.hu\/?p=128010"},"modified":"2020-07-16T11:36:50","modified_gmt":"2020-07-16T09:36:50","slug":"juniusban-mar-kevesbe-csokkent-a-forgalomba-helyezett-autok-szama-az-eu-ban","status":"publish","type":"post","link":"https:\/\/gazdasagportal.hu\/index.php\/juniusban-mar-kevesbe-csokkent-a-forgalomba-helyezett-autok-szama-az-eu-ban\/","title":{"rendered":"J\u00faniusban m\u00e1r kev\u00e9sb\u00e9 cs\u00f6kkent a forgalomba helyezett aut\u00f3k sz\u00e1ma az EU-ban"},"content":{"rendered":"<p><strong>M\u00edg m\u00e1jusban m\u00e9g a fel\u00e9re, j\u00faniusban m\u00e1r csak mintegy a negyed\u00e9vel cs\u00f6kkent a forgalomba helyezett \u00faj aut\u00f3k sz\u00e1ma az Eur\u00f3pai Uni\u00f3ban az eur\u00f3pai aut\u00f3gy\u00e1rt\u00f3k szakmai k\u00e9pviselete, az ACEA cs\u00fct\u00f6rt\u00f6k\u00f6n publik\u00e1lt jelent\u00e9se szerint.<\/strong><!--more--><\/p>\n<div class=\"ads-in-post1\"><div id=\"gazdasagportal.hu_fullbanner_wideboard\"><\/div>\r\n<\/div>\n<p>J\u00faniusban 949,7 ezer \u00faj aut\u00f3t helyeztek forgalomba az Eur\u00f3pai Uni\u00f3ban, 22,3 sz\u00e1zal\u00e9kkal kevesebbet az egy \u00e9vvel kor\u00e1bbi 1,223 milli\u00f3n\u00e1l. A cs\u00f6kken\u00e9s m\u00e9rt\u00e9ke azonban javult a m\u00e1jusihoz k\u00e9pest, amikor m\u00e9g 52,3 sz\u00e1zal\u00e9kos volt az elmarad\u00e1s az egy \u00e9vvel kor\u00e1bbihoz k\u00e9pest. Az aut\u00f3keresked\u00e9sek j\u00faniusban m\u00e1r megnyitottak ugyan, a lakoss\u00e1gi v\u00e1s\u00e1rl\u00e1si aktivit\u00e1s azonban nem t\u00e9rt vissza az el\u0151z\u0151 \u00e9vi szintre.<br \/>\nJ\u00faniusban az EU minden tagorsz\u00e1g\u00e1ban elmaradt a fogalomba helyez\u00e9sek sz\u00e1ma az el\u0151z\u0151 \u00e9vit\u0151l &#8211; Franciaorsz\u00e1g kiv\u00e9tel\u00e9vel, ahol 1,2 sz\u00e1zal\u00e9k volt a n\u00f6veked\u00e9s. A franciaorsz\u00e1gi n\u00f6veked\u00e9s a korm\u00e1ny alacsony emisszi\u00f3s modellek \u00e9rt\u00e9kes\u00edt\u00e9s\u00e9re j\u00faniusban bevezetett \u00f6szt\u00f6nz\u0151inek tulajdon\u00edthat\u00f3.<br \/>\nA nagyobb nemzeti piacok k\u00f6z\u00fcl Spanyolorsz\u00e1gban 36,7 sz\u00e1zal\u00e9kkal, N\u00e9metorsz\u00e1gban 32,3 sz\u00e1zal\u00e9kkal, Olaszorsz\u00e1gban 23,1 sz\u00e1zal\u00e9kkal maradtak el a forgalomba helyez\u00e9sek az el\u0151z\u0151 \u00e9vit\u0151l.<br \/>\n<div class=\"ads-in-post1\"><div id=\"gazdasagportal.hu_fullbanner_wideboard\"><\/div>\r\n<\/div>\nAz \u00e9v els\u0151 fel\u00e9ben 38,1 sz\u00e1zal\u00e9kkal cs\u00f6kkent a forgalomba helyezett \u00faj aut\u00f3k sz\u00e1ma az EU-ban. A legnagyobb visszaes\u00e9st, 50,9 sz\u00e1zal\u00e9kosat Spanyolorsz\u00e1gban regisztr\u00e1lt\u00e1k, a m\u00e1sodik legnagyobbat Olaszorsz\u00e1gban, 46,1 sz\u00e1zal\u00e9kosat. Franciaorsz\u00e1gban 38,5 sz\u00e1zal\u00e9kkal, N\u00e9metorsz\u00e1gban pedig 34,5 sz\u00e1zal\u00e9kkal kevesebb aut\u00f3t helyeztek forgalomban az \u00e9v els\u0151 fel\u00e9ben mint 2019 els\u0151 fel\u00e9ben.<br \/>\nMagyarorsz\u00e1gon j\u00faniusban 10,4 ezer aut\u00f3t helyeztek forgalomba, 23,7 sz\u00e1zal\u00e9kkal kevesebbet a tavaly j\u00faniusi 13,6 ezern\u00e9l. Az \u00e9v els\u0151 fel\u00e9ben 25,3 sz\u00e1zal\u00e9kkal 55,6 ezerre cs\u00f6kkent a forgalomba helyezett aut\u00f3k sz\u00e1ma az el\u0151z\u0151 \u00e9vi 74,5 ezerr\u0151l.<br \/>\n<a title=\"Hely megnyit\u00e1sa\" href=\"https:\/\/www.acea.be\/press-releases\/article\/passenger-car-registrations-38.1-first-half-of-2020-22.3-in-june\" target=\"_blank\" rel=\"noopener noreferrer\">https:\/\/www.acea.be\/press-releases\/article\/passenger-car-registrations-38.1-first-half-of-2020-22.3-in-june<\/a><\/p>\n<p>(MTI)<\/p><div id=\"gazda-274945755\" class=\"gazda-tartalomban gazda-entity-placement\"><script async src=\"https:\/\/pagead2.googlesyndication.com\/pagead\/js\/adsbygoogle.js\"><\/script>\r\n<ins class=\"adsbygoogle\"\r\n     style=\"display:block\"\r\n     data-ad-format=\"fluid\"\r\n     data-ad-layout-key=\"-6t+ed+2i-1n-4w\"\r\n     data-ad-client=\"ca-pub-1959107119989764\"\r\n     data-ad-slot=\"4008251320\"><\/ins>\r\n<script>\r\n     (adsbygoogle = window.adsbygoogle || []).push({});\r\n<\/script><\/div>\n","protected":false},"excerpt":{"rendered":"<p>M\u00edg m\u00e1jusban m\u00e9g a fel\u00e9re, j\u00faniusban m\u00e1r csak mintegy a negyed\u00e9vel cs\u00f6kkent a forgalomba helyezett \u00faj aut\u00f3k sz\u00e1ma az Eur\u00f3pai Uni\u00f3ban az eur\u00f3pai aut\u00f3gy\u00e1rt\u00f3k szakmai k\u00e9pviselete, az ACEA cs\u00fct\u00f6rt\u00f6k\u00f6n publik\u00e1lt jelent\u00e9se szerint.<\/p>\n","protected":false},"author":1001006,"featured_media":0,"comment_status":"closed","ping_status":"open","sticky":false,"template":"","format":"standard","meta":[],"categories":[12,246],"tags":[],"_links":{"self":[{"href":"https:\/\/gazdasagportal.hu\/index.php\/wp-json\/wp\/v2\/posts\/128010"}],"collection":[{"href":"https:\/\/gazdasagportal.hu\/index.php\/wp-json\/wp\/v2\/posts"}],"about":[{"href":"https:\/\/gazdasagportal.hu\/index.php\/wp-json\/wp\/v2\/types\/post"}],"author":[{"embeddable":true,"href":"https:\/\/gazdasagportal.hu\/index.php\/wp-json\/wp\/v2\/users\/1001006"}],"replies":[{"embeddable":true,"href":"https:\/\/gazdasagportal.hu\/index.php\/wp-json\/wp\/v2\/comments?post=128010"}],"version-history":[{"count":1,"href":"https:\/\/gazdasagportal.hu\/index.php\/wp-json\/wp\/v2\/posts\/128010\/revisions"}],"predecessor-version":[{"id":128011,"href":"https:\/\/gazdasagportal.hu\/index.php\/wp-json\/wp\/v2\/posts\/128010\/revisions\/128011"}],"wp:attachment":[{"href":"https:\/\/gazdasagportal.hu\/index.php\/wp-json\/wp\/v2\/media?parent=128010"}],"wp:term":[{"taxonomy":"category","embeddable":true,"href":"https:\/\/gazdasagportal.hu\/index.php\/wp-json\/wp\/v2\/categories?post=128010"},{"taxonomy":"post_tag","embeddable":true,"href":"https:\/\/gazdasagportal.hu\/index.php\/wp-json\/wp\/v2\/tags?post=128010"}],"curies":[{"name":"wp","href":"https:\/\/api.w.org\/{rel}","templated":true}]}}