{"id":127824,"date":"2020-07-09T09:58:20","date_gmt":"2020-07-09T07:58:20","guid":{"rendered":"http:\/\/gazdasagportal.hu\/?p=127824"},"modified":"2020-07-08T21:59:38","modified_gmt":"2020-07-08T19:59:38","slug":"matrai-eromu-zrt-a-technologiai-atalakitas-nemzetstrategiai-erdek","status":"publish","type":"post","link":"https:\/\/gazdasagportal.hu\/index.php\/matrai-eromu-zrt-a-technologiai-atalakitas-nemzetstrategiai-erdek\/","title":{"rendered":"M\u00e1trai Er\u0151m\u0171 Zrt.: a technol\u00f3giai \u00e1talak\u00edt\u00e1s nemzetstrat\u00e9giai \u00e9rdek"},"content":{"rendered":"<p><strong>A M\u00e1trai Er\u0151m\u0171 kl\u00edmav\u00e9delmi szempontoknak megfelel\u0151 technol\u00f3giai \u00e1talak\u00edt\u00e1sa nemzetstrat\u00e9giai \u00e9rdek &#8211; jelentette ki a v\u00e1llalat szerdai z\u00e1rtk\u00f6r\u0171 sajt\u00f3bej\u00e1r\u00e1s\u00e1n a t\u00e1rsas\u00e1g er\u0151m\u0171fejleszt\u00e9si \u00e9s strat\u00e9giai igazgat\u00f3ja.<\/strong><!--more--><\/p>\n<div class=\"ads-in-post1\"><div id=\"gazdasagportal.hu_fullbanner_wideboard\"><\/div>\r\n<\/div>\n<p>    Orosz Zolt\u00e1n kiemelte: a lignites egys\u00e9gek fokozatos kivezet\u00e9se csak \u00fagy val\u00f3s\u00edthat\u00f3 meg, ha azok hely\u00e9re korszer\u0171bb \u00e9s k\u00f6rnyezetk\u00edm\u00e9l\u0151bb technol\u00f3gi\u00e1k l\u00e9pnek. A nemzeti dekarboniz\u00e1ci\u00f3s c\u00e9lok el\u00e9r\u00e9se, a l\u00e9gszennyez\u0151 anyagok kibocs\u00e1t\u00e1s\u00e1nak cs\u00f6kkent\u00e9se \u00e9rdek\u00e9ben a jelenlegi kapacit\u00e1sok kiv\u00e1lt\u00e1s\u00e1t gyorsan \u00e9s hat\u00e9konyan kell megoldani &#8211; tette hozz\u00e1.     Az id\u00e9n tavasszal az MVM Magyar Villamos M\u0171vek Zrt. tulajdon\u00e1ba ker\u00fclt M\u00e1trai Er\u0151m\u0171 Zrt. sz\u00e1m\u00e1ra az \u00faj tulajdonos szakmai h\u00e1ttere az \u00e1talak\u00edt\u00e1si folyamat idej\u00e9n is garancia az ell\u00e1t\u00f3 rendszer zavartalan m\u0171k\u00f6dtet\u00e9s\u00e9re \u00e9s a jelenlegi, \u00f6sszess\u00e9g\u00e9ben 4500-at meghalad\u00f3 munkahely min\u00e9l nagyobb ar\u00e1ny\u00fa meg\u0151rz\u00e9s\u00e9re &#8211; h\u00fazta al\u00e1.     Ut\u00f3bbi kapcs\u00e1n hangs\u00falyozta: az er\u0151m\u0171 a r\u00e9gi\u00f3 kiemelt foglalkoztat\u00f3ja, ez\u00e9rt a c\u00e9g az \u00e1talak\u00edt\u00e1s \u00e9s a j\u00f6v\u0151beni m\u0171k\u00f6dtet\u00e9s sor\u00e1n egyar\u00e1nt kiemelt figyelmet ford\u00edt a t\u00e1rsas\u00e1g k\u00fcl\u00f6nb\u00f6z\u0151 egys\u00e9geiben foglalkoztatott k\u00e9pzett munkaer\u0151re. Kifejtette: mivel a b\u00e1ny\u00e1szat t\u00f6bbl\u00e9pcs\u0151s visszaszorul\u00e1s\u00e1val p\u00e1rhuzamosan a rekultiv\u00e1ci\u00f3s munk\u00e1k el\u0151t\u00e9rbe helyez\u0151dnek, a b\u00e1ny\u00e1szok egy r\u00e9sze e tev\u00e9kenys\u00e9gre \u00e9s a tervezett er\u0151m\u0171vi fejleszt\u00e9sek el\u0151k\u00e9sz\u00edt\u00e9si feladataira \u00e1tir\u00e1ny\u00edthat\u00f3 \u00e9s tov\u00e1bb foglalkoztathat\u00f3 lesz.<br \/>\n<div class=\"ads-in-post1\"><div id=\"gazdasagportal.hu_fullbanner_wideboard\"><\/div>\r\n<\/div>\n   A c\u00e9g fejleszt\u00e9si terveir\u0151l sz\u00f3lva Orosz Zolt\u00e1n elmondta: megl\u00e9v\u0151 egys\u00e9geik 2025 v\u00e9g\u00e9ig rendelkeznek m\u0171k\u00f6d\u00e9si \u00e9s az ehhez kapcsol\u00f3d\u00f3 szakhat\u00f3s\u00e1gi enged\u00e9lyekkel. A m\u0171k\u00f6d\u00e9s fenntart\u00e1sa \u00e9s a keleti orsz\u00e1gr\u00e9sz \u00e1ramell\u00e1t\u00e1si biztons\u00e1ga \u00e9rdek\u00e9ben fontos az er\u0151m\u0171 fokozatos \u00e1t\u00e1ll\u00edt\u00e1sa \u00e9s &#8222;kev\u00e9sb\u00e9 k\u00f6rnyezetterhel\u0151, innovat\u00edv, meg\u00fajul\u00f3 alap\u00fa villamosenergia-termel\u0151 telephelly\u00e9 alak\u00edt\u00e1sa&#8221; &#8211; fogalmazott.     Ennek jegy\u00e9ben a rekultiv\u00e1lt ter\u00fcletekre \u00e9p\u00fclt eddigi k\u00e9t, 36 megawatt \u00f6sszteljes\u00edtm\u00e9ny\u0171 naper\u0151m\u0171 mellett tov\u00e1bbi 200-220 megawattnyi napelempark l\u00e9tes\u00edt\u00e9s\u00e9t tervezik a k\u00f6zelj\u00f6v\u0151ben Visont\u00e1n \u00e9s B\u00fckk\u00e1br\u00e1nyban, melyet egy 500 megawatt teljes\u00edtm\u00e9ny\u0171 kombin\u00e1lt g\u00e1zblokk \u00e9p\u00edt\u00e9se eg\u00e9sz\u00edtene ki. Ezzel p\u00e1rhuzamosan az alternat\u00edv t\u00fczel\u0151anyag hasznos\u00edt\u00e1s\u00e1t egy dedik\u00e1lt, azaz tiszt\u00e1n biomassza- \u00e9s RDF-hullad\u00e9kt\u00fczel\u00e9s\u0171 blokkban \u00f6sszpontos\u00edtan\u00e1k &#8211; t\u00e1j\u00e9koztatott.     \u00dajs\u00e1g\u00edr\u00f3i k\u00e9rd\u00e9sre v\u00e1laszolva az er\u0151m\u0171fejleszt\u00e9si \u00e9s strat\u00e9giai igazgat\u00f3 megjegyezte: a c\u00e9g k\u00f6zel 300 hekt\u00e1ros ipari parkj\u00e1ban a f\u00fcstg\u00e1z k\u00e9ntelen\u00edt\u00e9se sor\u00e1n keletkez\u0151 nyers gipsz hasznos\u00edt\u00e1s\u00e1ra betelep\u00fclt &#8211; jellemz\u0151en \u00e9p\u00edt\u0151ipari alap- \u00e9s seg\u00e9danyagokat gy\u00e1rt\u00f3 &#8211; v\u00e1llalkoz\u00e1sok a kedvez\u0151 logisztikai \u00e9s energetikai adotts\u00e1gok miatt a technol\u00f3giai \u00e1talak\u00edt\u00e1st k\u00f6vet\u0151en sem tervezik bez\u00e1rni itteni \u00fczemeiket.<br \/>\n<div class=\"ads-in-post1\"><div id=\"gazdasagportal.hu_fullbanner_wideboard\"><\/div>\r\n<\/div>\n   Az esem\u00e9nyen elhangzott: a 950 megawatt be\u00e9p\u00edtett teljes\u00edtm\u00e9nnyel rendelkez\u0151 m\u00e1trai az orsz\u00e1g m\u00e1sodik legjelent\u0151sebb er\u0151m\u0171ve, 5 lignitt\u00fczel\u00e9s\u0171 egys\u00e9ge az 1960-as \u00e9vek v\u00e9g\u00e9n, 1970-es \u00e9vek elej\u00e9n \u00e9p\u00fclt, majd a 2000-es \u00e9vek k\u00f6zep\u00e9n 2 g\u00e1zturbin\u00e1t, m\u00edg 2015-ben \u00e9s tavaly k\u00e9t napelemparkot helyeztek \u00fczembe. K\u00e9t saj\u00e1t tulajdon\u00fa b\u00e1ny\u00e1ja Visont\u00e1n \u00e9s B\u00fckk\u00e1br\u00e1nyban tal\u00e1lhat\u00f3. Az er\u0151m\u0171 tavaly a k\u00fclsz\u00edni fejt\u00e9ssel b\u00e1ny\u00e1szott lignit el\u00e9get\u00e9se \u00e9s a napenergia hasznos\u00edt\u00e1sa mellett biomassz\u00e1b\u00f3l, valamint anyag\u00e1ban nem hasznos\u00edthat\u00f3 (RDF) m\u0171anyag-hullad\u00e9kb\u00f3l, tov\u00e1bb\u00e1 g\u00e1z-t\u00fczel\u0151anyagb\u00f3l mintegy 4500 gigawatt-\u00f3ra villamosenergi\u00e1t \u00e1ll\u00edtott el\u0151, mely a hazai termel\u00e9s k\u00f6zel 14 sz\u00e1zal\u00e9ka.(MTI)<\/p>\n","protected":false},"excerpt":{"rendered":"<p>A M\u00e1trai Er\u0151m\u0171 kl\u00edmav\u00e9delmi szempontoknak megfelel\u0151 technol\u00f3giai \u00e1talak\u00edt\u00e1sa nemzetstrat\u00e9giai \u00e9rdek &#8211; jelentette ki a v\u00e1llalat szerdai z\u00e1rtk\u00f6r\u0171 sajt\u00f3bej\u00e1r\u00e1s\u00e1n a t\u00e1rsas\u00e1g er\u0151m\u0171fejleszt\u00e9si \u00e9s strat\u00e9giai igazgat\u00f3ja.<\/p>\n","protected":false},"author":1001005,"featured_media":0,"comment_status":"closed","ping_status":"open","sticky":false,"template":"","format":"standard","meta":[],"categories":[19],"tags":[],"_links":{"self":[{"href":"https:\/\/gazdasagportal.hu\/index.php\/wp-json\/wp\/v2\/posts\/127824"}],"collection":[{"href":"https:\/\/gazdasagportal.hu\/index.php\/wp-json\/wp\/v2\/posts"}],"about":[{"href":"https:\/\/gazdasagportal.hu\/index.php\/wp-json\/wp\/v2\/types\/post"}],"author":[{"embeddable":true,"href":"https:\/\/gazdasagportal.hu\/index.php\/wp-json\/wp\/v2\/users\/1001005"}],"replies":[{"embeddable":true,"href":"https:\/\/gazdasagportal.hu\/index.php\/wp-json\/wp\/v2\/comments?post=127824"}],"version-history":[{"count":1,"href":"https:\/\/gazdasagportal.hu\/index.php\/wp-json\/wp\/v2\/posts\/127824\/revisions"}],"predecessor-version":[{"id":127825,"href":"https:\/\/gazdasagportal.hu\/index.php\/wp-json\/wp\/v2\/posts\/127824\/revisions\/127825"}],"wp:attachment":[{"href":"https:\/\/gazdasagportal.hu\/index.php\/wp-json\/wp\/v2\/media?parent=127824"}],"wp:term":[{"taxonomy":"category","embeddable":true,"href":"https:\/\/gazdasagportal.hu\/index.php\/wp-json\/wp\/v2\/categories?post=127824"},{"taxonomy":"post_tag","embeddable":true,"href":"https:\/\/gazdasagportal.hu\/index.php\/wp-json\/wp\/v2\/tags?post=127824"}],"curies":[{"name":"wp","href":"https:\/\/api.w.org\/{rel}","templated":true}]}}