{"id":127790,"date":"2020-07-07T22:15:06","date_gmt":"2020-07-07T20:15:06","guid":{"rendered":"http:\/\/gazdasagportal.hu\/?p=127790"},"modified":"2020-07-07T22:15:06","modified_gmt":"2020-07-07T20:15:06","slug":"tozsdezaras-esett-a-vezeto-reszvenyek-tobbsege-13","status":"publish","type":"post","link":"https:\/\/gazdasagportal.hu\/index.php\/tozsdezaras-esett-a-vezeto-reszvenyek-tobbsege-13\/","title":{"rendered":"T\u0151zsdez\u00e1r\u00e1s &#8211; Esett a vezet\u0151 r\u00e9szv\u00e9nyek t\u00f6bbs\u00e9ge"},"content":{"rendered":"<p><strong>A Budapesti \u00c9rt\u00e9kt\u0151zsde r\u00e9szv\u00e9nyindexe, a BUX 741,71 pontos, 2,03 sz\u00e1zal\u00e9kos cs\u00f6kken\u00e9ssel, 35 747,71 ponton z\u00e1rt kedden.<\/strong><!--more--><\/p>\n<div class=\"ads-in-post1\"><div id=\"gazdasagportal.hu_fullbanner_wideboard\"><\/div>\r\n<\/div>\n<p>    A r\u00e9szv\u00e9nypiac forgalma 8,7 milli\u00e1rd forint volt, a vezet\u0151 r\u00e9szv\u00e9nyek t\u00f6bbs\u00e9ge gyeng\u00fclt az el\u0151z\u0151 napi z\u00e1r\u00e1shoz k\u00e9pest.<br \/>\n    Kocsis M\u00e1ri\u00f3, a Concorde \u00c9rt\u00e9kpap\u00edr Zrt. elemz\u0151je az MTI-nek elmondta, hogy az eur\u00f3pai piacokon a h\u00e9tf\u0151i felpattan\u00e1st k\u00f6vet\u0151en profitrealiz\u00e1l\u00e1s rajzol\u00f3dik ki. Az elemz\u0151 szerint a n\u00f6veked\u00e9ssel kapcsolatos aggodalmak domin\u00e1lj\u00e1k a hangulatot, miut\u00e1n az Eur\u00f3pai Bizotts\u00e1g cs\u00f6kkentette az idei, illetve j\u00f6v\u0151 \u00e9vi n\u00f6veked\u00e9si v\u00e1rakoz\u00e1st. \u00cdgy lassabb talpra\u00e1ll\u00e1si folyamat rajzol\u00f3dik ki a kontinensen, ami \u00f3vatoss\u00e1gra k\u00e9sztette az eur\u00f3pai szerepl\u0151ket &#8211; mutatott r\u00e1.<br \/>\n    Hozz\u00e1tette, ugyanez t\u00fckr\u00f6z\u0151dik a hazai parketten is, ahol a nagypap\u00edrok k\u00f6z\u00fcl egyed\u00fcl a stagn\u00e1l\u00f3 Magyar Telekom mondhat\u00f3 n\u00e9mileg ellen\u00e1ll\u00f3nak, a t\u00f6bbi vezet\u0151 r\u00e9szv\u00e9ny \u00e1rfolyama esett.<br \/>\n    Az amerikai piacon az elemz\u0151 szerint vegyes a k\u00e9p, szint\u00e9n \u00e1ltal\u00e1nos gyenges\u00e9g l\u00e1that\u00f3, ugyanakkor a nagy technol\u00f3giai pap\u00edrok erej\u00e9nek k\u00f6sz\u00f6nhet\u0151en a Nasdaq index fel\u00fclteljes\u00edt\u0151.<br \/>\n    Az Eur\u00f3pai Bizotts\u00e1g kedden k\u00f6zz\u00e9tett ny\u00e1ri id\u0151k\u00f6zi gazdas\u00e1gi el\u0151rejelz\u00e9se szerint az EU gazdas\u00e1ga id\u00e9n m\u00e9ly recesszi\u00f3ba s\u00fcllyed a koronav\u00edrus okozta j\u00e1rv\u00e1ny miatt, \u00e9s mivel a rendk\u00edv\u00fcli int\u00e9zked\u00e9sek felold\u00e1sa a v\u00e1rtn\u00e1l visszafogottabb, a v\u00e1ls\u00e1g a v\u00e1rtn\u00e1l er\u0151teljesebb hat\u00e1st fog gyakorolni a gazdas\u00e1gi tev\u00e9kenys\u00e9gre.<br \/>\n<div class=\"ads-in-post1\"><div id=\"gazdasagportal.hu_fullbanner_wideboard\"><\/div>\r\n<\/div>\n    Az eur\u00f3\u00f6vezet gazdas\u00e1ga a tavasszal becs\u00fclt 7,75 sz\u00e1zal\u00e9khoz k\u00e9pest id\u00e9n 8,7 sz\u00e1zal\u00e9kkal fog zsugorodni, majd 2021-ben v\u00e1rhat\u00f3an a kor\u00e1bban jelzett 6,5 sz\u00e1zal\u00e9k helyett 6,1 sz\u00e1zal\u00e9kos n\u00f6veked\u00e9si p\u00e1ly\u00e1ra \u00e1ll.<br \/>\n    Az uni\u00f3 eg\u00e9sz\u00e9ben a gazdas\u00e1gi teljes\u00edtm\u00e9ny 2020-ban a tavaszi, 7,5 sz\u00e1zal\u00e9kos el\u0151rejelz\u00e9shez k\u00e9pest nagyobb m\u00e9rt\u00e9kben, 8,3 sz\u00e1zal\u00e9kkal cs\u00f6kken, 2021-ben pedig a kor\u00e1bban becs\u00fclt 6 sz\u00e1zal\u00e9k helyett megk\u00f6zel\u00edt\u0151leg 5,8 sz\u00e1zal\u00e9kkal tud majd b\u0151v\u00fclni.<br \/>\n    A Mol \u00e1rfolyama kedden 37 forinttal, 1,99 sz\u00e1zal\u00e9kkal 1822 forintra cs\u00f6kkent, 1,4 milli\u00e1rd forintos forgalomban.<br \/>\n    Az OTP-r\u00e9szv\u00e9nyek \u00e1ra 270 forinttal, 2,41 sz\u00e1zal\u00e9kkal 10 940 forintra esett, forgalmuk 5,2 milli\u00e1rd forintot tett ki.<br \/>\n    A Magyar Telekom \u00e1rfolyama nem v\u00e1ltozott, 383 forintot \u00e9rt, forgalma 174,3 milli\u00f3 forint volt.<br \/>\n    A Richter-pap\u00edrok 165 forinttal, 2,42 sz\u00e1zal\u00e9kkal 6655 forintra gyeng\u00fcltek, forgalmuk 1,7 milli\u00e1rd forintot \u00e9rt el.<br \/>\n    A kis \u00e9s k\u00f6zepes r\u00e9szv\u00e9nyek indexe, a BUMIX 3447,70 ponton z\u00e1rt kedden, ez 7,87 pontos, 0,23 sz\u00e1zal\u00e9kos cs\u00f6kken\u00e9s a h\u00e9tf\u0151i z\u00e1r\u00e1shoz viszony\u00edtva.<br \/>\n(MTI)<\/p>\n","protected":false},"excerpt":{"rendered":"<p>A Budapesti \u00c9rt\u00e9kt\u0151zsde r\u00e9szv\u00e9nyindexe, a BUX 741,71 pontos, 2,03 sz\u00e1zal\u00e9kos cs\u00f6kken\u00e9ssel, 35 747,71 ponton z\u00e1rt kedden.<\/p>\n","protected":false},"author":1001005,"featured_media":0,"comment_status":"closed","ping_status":"open","sticky":false,"template":"","format":"standard","meta":[],"categories":[7],"tags":[],"_links":{"self":[{"href":"https:\/\/gazdasagportal.hu\/index.php\/wp-json\/wp\/v2\/posts\/127790"}],"collection":[{"href":"https:\/\/gazdasagportal.hu\/index.php\/wp-json\/wp\/v2\/posts"}],"about":[{"href":"https:\/\/gazdasagportal.hu\/index.php\/wp-json\/wp\/v2\/types\/post"}],"author":[{"embeddable":true,"href":"https:\/\/gazdasagportal.hu\/index.php\/wp-json\/wp\/v2\/users\/1001005"}],"replies":[{"embeddable":true,"href":"https:\/\/gazdasagportal.hu\/index.php\/wp-json\/wp\/v2\/comments?post=127790"}],"version-history":[{"count":1,"href":"https:\/\/gazdasagportal.hu\/index.php\/wp-json\/wp\/v2\/posts\/127790\/revisions"}],"predecessor-version":[{"id":127791,"href":"https:\/\/gazdasagportal.hu\/index.php\/wp-json\/wp\/v2\/posts\/127790\/revisions\/127791"}],"wp:attachment":[{"href":"https:\/\/gazdasagportal.hu\/index.php\/wp-json\/wp\/v2\/media?parent=127790"}],"wp:term":[{"taxonomy":"category","embeddable":true,"href":"https:\/\/gazdasagportal.hu\/index.php\/wp-json\/wp\/v2\/categories?post=127790"},{"taxonomy":"post_tag","embeddable":true,"href":"https:\/\/gazdasagportal.hu\/index.php\/wp-json\/wp\/v2\/tags?post=127790"}],"curies":[{"name":"wp","href":"https:\/\/api.w.org\/{rel}","templated":true}]}}