{"id":127768,"date":"2020-07-07T11:48:11","date_gmt":"2020-07-07T09:48:11","guid":{"rendered":"http:\/\/gazdasagportal.hu\/?p=127768"},"modified":"2020-07-07T10:50:00","modified_gmt":"2020-07-07T08:50:00","slug":"koronavirus-romania-kibovitette-a-zold-zonaba-sorolt-orszagok-listajat","status":"publish","type":"post","link":"https:\/\/gazdasagportal.hu\/index.php\/koronavirus-romania-kibovitette-a-zold-zonaba-sorolt-orszagok-listajat\/","title":{"rendered":"Koronav\u00edrus &#8211; Rom\u00e1nia kib\u0151v\u00edtette a z\u00f6ld z\u00f3n\u00e1ba sorolt orsz\u00e1gok list\u00e1j\u00e1t"},"content":{"rendered":"<p><strong>Rom\u00e1nia az eddigi 22-r\u0151l 44-re b\u0151v\u00edtette a koronav\u00edrus-j\u00e1rv\u00e1ny szempontj\u00e1b\u00f3l &#8222;z\u00f6ld z\u00f3n\u00e1nak&#8221; tekintett orsz\u00e1gok list\u00e1j\u00e1t: az ezen szerepl\u0151 \u00e1llamokb\u00f3l \u00e9rkez\u0151 utasokat keddt\u0151l kezd\u0151d\u0151en nem ir\u00e1ny\u00edtj\u00e1k m\u00e1r k\u00e9thetes otthoni vagy hat\u00f3s\u00e1gi karant\u00e9nba.<\/strong><!--more--><\/p>\n<div class=\"ads-in-post1\"><div id=\"gazdasagportal.hu_fullbanner_wideboard\"><\/div>\r\n<\/div>\n<p>    Rom\u00e1nia j\u00fanius 15-t\u0151l kezd\u0151d\u0151en nem k\u00fcldte karant\u00e9nba az olyan eur\u00f3pai orsz\u00e1gokb\u00f3l \u00e9rkez\u0151ket, ahol az ut\u00f3bbi id\u0151ben alacsony volt az \u00fajonnan \u00e9szlelt koronav\u00edrus-fert\u0151z\u00e9sek ar\u00e1nya. Eddig azokat az orsz\u00e1gokat sorolt\u00e1k a &#8222;z\u00f6ld z\u00f3n\u00e1ba&#8221;, ahol az ut\u00f3bbi k\u00e9t h\u00e9tben az egymilli\u00f3 lakosra es\u0151 \u00faj koronav\u00edrus-fert\u0151z\u00e9sek \u00e1tlaga nem haladja meg a napi \u00f6t esetet.<br \/>\n    A k\u00fclf\u00f6ldi minta alapj\u00e1n bevezetett krit\u00e9riumnak azonban Rom\u00e1nia nem felelt meg, ehhez ugyanis a csaknem h\u00faszmilli\u00f3s orsz\u00e1gban sz\u00e1z al\u00e1 kellene cs\u00f6kkennie a napi esetsz\u00e1m ut\u00f3bbi k\u00e9theti \u00e1tlag\u00e1nak, m\u00e1rpedig ez a mutat\u00f3 egyszer sem cs\u00f6kkent sz\u00e1z\u00f6tven al\u00e1, s\u0151t, a j\u00e1rv\u00e1ny terjed\u00e9s\u00e9nek \u00fcteme az\u00f3ta felgyorsult, \u00e9s a napi \u00faj fert\u0151z\u00e9sek utols\u00f3 k\u00e9thetes \u00e1tlaga mostanra a 350-et is el\u00e9rte.<br \/>\n<div class=\"ads-in-post2\"><script async src=\"https:\/\/pagead2.googlesyndication.com\/pagead\/js\/adsbygoogle.js\"><\/script>\r\n<ins class=\"adsbygoogle\"\r\n     style=\"display:block\"\r\n     data-ad-format=\"fluid\"\r\n     data-ad-layout-key=\"-6t+ed+2i-1n-4w\"\r\n     data-ad-client=\"ca-pub-1959107119989764\"\r\n     data-ad-slot=\"4008251320\"><\/ins>\r\n<script>\r\n     (adsbygoogle = window.adsbygoogle || []).push({});\r\n<\/script><\/div>\n    Rom\u00e1ni\u00e1nak teh\u00e1t a rendelkez\u00e9s alapj\u00e1n saj\u00e1t, k\u00fclf\u00f6ldi nyaral\u00e1sr\u00f3l k\u00e9t h\u00e9ten bel\u00fcl visszat\u00e9r\u0151 polg\u00e1rait is karant\u00e9nba kellett k\u00fcldenie, mivel olyan orsz\u00e1gban j\u00e1rtak, ahol a fert\u0151z\u00e9sek ar\u00e1nya magasabb a megszabott hat\u00e1r\u00e9rt\u00e9kn\u00e9l.<br \/>\n    A vissz\u00e1s helyzet megold\u00e1sa \u00e9rdek\u00e9ben a j\u00e1rv\u00e1ny\u00fcgyi operat\u00edv t\u00f6rzs m\u00falt heti hat\u00e1rozat\u00e1ban \u00faj krit\u00e9riumot vezetett be: ezent\u00fal azokat az orsz\u00e1gokat sorolj\u00e1k a z\u00f6ld z\u00f3n\u00e1hoz, ahol az ut\u00f3bbi k\u00e9t h\u00e9tben a 100 ezer lakosra jut\u00f3 \u00faj koronav\u00edrus-fert\u0151z\u00e9sek sz\u00e1ma meghaladja a rom\u00e1niai adatot. A friss\u00edtett list\u00e1ra tov\u00e1bbi t\u00edz eur\u00f3pai orsz\u00e1g &#8211; k\u00f6zt\u00fck Nagy Britannia, Spanyolorsz\u00e1g \u00e9s Belgium -, \u00e9s 12 Eur\u00f3p\u00e1n k\u00edv\u00fcli \u00e1llam &#8211; k\u00f6zt\u00fck Ausztr\u00e1lia, Kanada \u00e9s Jap\u00e1n &#8211; is felker\u00fclt.<br \/>\n<div class=\"ads-in-post1\"><div id=\"gazdasagportal.hu_fullbanner_wideboard\"><\/div>\r\n<\/div>\n    A t\u00f6bbi orsz\u00e1gb\u00f3l \u00e9rkez\u0151 t\u00fcnetmentes utasokat ezent\u00fal is karant\u00e9nba ir\u00e1ny\u00edtj\u00e1k a hat\u00e1ron a rom\u00e1n hat\u00f3s\u00e1gok. De ez jelenleg csak aj\u00e1nl\u00e1s, amelynek megszeg\u00e9s\u00e9t nem tudj\u00e1k b\u00fcntetni, p\u00e9ntekt\u0151l ugyanis egy alkotm\u00e1nyb\u00edr\u00f3s\u00e1gi hat\u00e1rozat \u00e9rtelm\u00e9ben hat\u00e1lyon k\u00edv\u00fcl kellett helyezni a karant\u00e9nint\u00e9zked\u00e9sekr\u0151l sz\u00f3l\u00f3 miniszteri rendeleteket. A jogh\u00e9zag miel\u0151bbi felsz\u00e1mol\u00e1sa \u00e9rdek\u00e9ben a rom\u00e1n korm\u00e1ny h\u00e9tf\u0151n elfogadta a j\u00e1rv\u00e1nyhelyzetben elrendelhet\u0151 k\u00f6zeg\u00e9szs\u00e9g\u00fcgyi int\u00e9zked\u00e9sekr\u0151l sz\u00f3l\u00f3 \u00faj t\u00f6rv\u00e9nytervezetet, de hat\u00e1lyba l\u00e9p\u00e9s\u00e9hez a jogszab\u00e1lyt a parlamentnek is meg kell m\u00e9g szavaznia.(MTI)<\/p>\n","protected":false},"excerpt":{"rendered":"<p>Rom\u00e1nia az eddigi 22-r\u0151l 44-re b\u0151v\u00edtette a koronav\u00edrus-j\u00e1rv\u00e1ny szempontj\u00e1b\u00f3l &#8222;z\u00f6ld z\u00f3n\u00e1nak&#8221; tekintett orsz\u00e1gok list\u00e1j\u00e1t: az ezen szerepl\u0151 \u00e1llamokb\u00f3l \u00e9rkez\u0151 utasokat keddt\u0151l kezd\u0151d\u0151en nem ir\u00e1ny\u00edtj\u00e1k m\u00e1r k\u00e9thetes otthoni vagy hat\u00f3s\u00e1gi karant\u00e9nba.<\/p>\n","protected":false},"author":1001005,"featured_media":0,"comment_status":"closed","ping_status":"open","sticky":false,"template":"","format":"standard","meta":[],"categories":[12],"tags":[],"_links":{"self":[{"href":"https:\/\/gazdasagportal.hu\/index.php\/wp-json\/wp\/v2\/posts\/127768"}],"collection":[{"href":"https:\/\/gazdasagportal.hu\/index.php\/wp-json\/wp\/v2\/posts"}],"about":[{"href":"https:\/\/gazdasagportal.hu\/index.php\/wp-json\/wp\/v2\/types\/post"}],"author":[{"embeddable":true,"href":"https:\/\/gazdasagportal.hu\/index.php\/wp-json\/wp\/v2\/users\/1001005"}],"replies":[{"embeddable":true,"href":"https:\/\/gazdasagportal.hu\/index.php\/wp-json\/wp\/v2\/comments?post=127768"}],"version-history":[{"count":1,"href":"https:\/\/gazdasagportal.hu\/index.php\/wp-json\/wp\/v2\/posts\/127768\/revisions"}],"predecessor-version":[{"id":127769,"href":"https:\/\/gazdasagportal.hu\/index.php\/wp-json\/wp\/v2\/posts\/127768\/revisions\/127769"}],"wp:attachment":[{"href":"https:\/\/gazdasagportal.hu\/index.php\/wp-json\/wp\/v2\/media?parent=127768"}],"wp:term":[{"taxonomy":"category","embeddable":true,"href":"https:\/\/gazdasagportal.hu\/index.php\/wp-json\/wp\/v2\/categories?post=127768"},{"taxonomy":"post_tag","embeddable":true,"href":"https:\/\/gazdasagportal.hu\/index.php\/wp-json\/wp\/v2\/tags?post=127768"}],"curies":[{"name":"wp","href":"https:\/\/api.w.org\/{rel}","templated":true}]}}