{"id":127657,"date":"2020-07-01T14:28:14","date_gmt":"2020-07-01T12:28:14","guid":{"rendered":"http:\/\/gazdasagportal.hu\/?p=127657"},"modified":"2020-07-01T14:28:14","modified_gmt":"2020-07-01T12:28:14","slug":"az-air-france-7600-munkahelyet-szuntet-meg","status":"publish","type":"post","link":"https:\/\/gazdasagportal.hu\/index.php\/az-air-france-7600-munkahelyet-szuntet-meg\/","title":{"rendered":"Az Air France 7600 munkahelyet sz\u00fcntet meg"},"content":{"rendered":"<p><strong>Az Air France francia l\u00e9git\u00e1rsas\u00e1g 7600 munkahelyet sz\u00fcntet meg a koronav\u00edrus-j\u00e1rv\u00e1ny k\u00f6vetkezm\u00e9nyek\u00e9nt lecs\u00f6kkent tev\u00e9kenys\u00e9g\u00e9re hivatkozva &#8211; er\u0151s\u00edtette meg szerd\u00e1n Jean-Baptiste Djebbari francia k\u00f6zleked\u00e9si \u00e1llamtitk\u00e1r a szakszervezetek el\u0151z\u0151 napi \u00e9rtes\u00fcl\u00e9s\u00e9t.<\/strong><!--more--><\/p>\n<div class=\"ads-in-post1\"><div id=\"gazdasagportal.hu_fullbanner_wideboard\"><\/div>\r\n<\/div>\n<p>    A francia korm\u00e1nytag elmondta, hogy az Air France 2022-ig tervezett le\u00e9p\u00edt\u00e9si programja egyszerre f\u00fcgg a l\u00e9gi k\u00f6zleked\u00e9s \u00fajraindul\u00e1s\u00e1t\u00f3l \u00e9s a v\u00e1llalaton bel\u00fcli \u00e1talak\u00edt\u00e1si int\u00e9zked\u00e9sekt\u0151l.<br \/>\n    A francia korm\u00e1ny &#8211; amely tulajdonos az Air France-KLM l\u00e9git\u00e1rsas\u00e1gban &#8211; \u00e1prilis v\u00e9g\u00e9n 7 milli\u00e1rd eur\u00f3s t\u00e1mogat\u00e1st jelentett be a francia-holland csoportnak, amelyb\u0151l 4 milli\u00e1rd \u00e1llamilag garant\u00e1lt bankhitel, 3 milli\u00e1rd pedig k\u00f6zvetlen k\u00f6lcs\u00f6n. Cser\u00e9be a rentabilit\u00e1s \u00e9s a k\u00f6rnyezetv\u00e9delmi hat\u00e1sok n\u00f6vel\u00e9s\u00e9t k\u00e9rte.<br \/>\n    &#8222;Nem a le\u00e9p\u00edt\u00e9si program kifizet\u00e9s\u00e9re van ez a 7 milli\u00e1rd&#8221; &#8211; hangs\u00falyozta az \u00e1llamtitk\u00e1r. &#8222;Franciaorsz\u00e1g t\u00e1mogatta az Air France-ot. A 7 milli\u00e1rd arra van, hogy a v\u00e1llalat tov\u00e1bbra is tudja a b\u00e9reket utalni. Az \u00e1llam k\u00f6lcs\u00f6nadott 7 milli\u00e1rdot az\u00e9rt, hogy az Air France betartsa a k\u00f6rnyezetv\u00e9delmi v\u00e1llal\u00e1sait, amit meg is tett, \u00e9s hogy \u00fajj\u00e1 tudja \u00e9p\u00edteni a g\u00e9pparkj\u00e1t, \u00e1talak\u00edtva a belf\u00f6ldi j\u00e1rath\u00e1l\u00f3zatot&#8221; &#8211; tette hozz\u00e1.<br \/>\n<div class=\"ads-in-post1\"><div id=\"gazdasagportal.hu_fullbanner_wideboard\"><\/div>\r\n<\/div>\n    Jean-Baptiste Djebbari elmondta, hogy a korm\u00e1ny \u00edg\u00e9retet kapott arra, hogy els\u0151sorban az \u00f6nk\u00e9ntesen t\u00e1voz\u00f3k munkahelyei sz\u0171nnek meg, \u00e9s a lehet\u0151 legkevesebb munkav\u00e1llal\u00f3t k\u00fcld el a l\u00e9git\u00e1rsas\u00e1g.<br \/>\n    A vezet\u0151s\u00e9g p\u00e9nteken mutatja be a szakszervezeteknek, hogy a belf\u00f6ldi j\u00e1ratok jelent\u0151s r\u00e9sz\u00e9nek megsz\u0171n\u00e9s\u00e9t el\u0151\u00edr\u00f3 \u00e1talak\u00edt\u00e1si tervek milyen k\u00f6vetkezm\u00e9nyekkel j\u00e1rnak a munkahelyekre.<br \/>\n    Az AFP francia h\u00edr\u00fcgyn\u00f6ks\u00e9g \u00e9rtes\u00fcl\u00e9se szerint 6650 munkahely sz\u0171nik meg az Air France-n\u00e1l azzal, hogy az \u00f6nk\u00e9nt t\u00e1voz\u00f3k \u00e9s a nyugd\u00edjba vonul\u00f3k helyeire nem vesznek fel \u00faj munkaer\u0151t, de az elbocs\u00e1t\u00e1sok sem kiz\u00e1rtak a belf\u00f6ldi j\u00e1ratokon dolgoz\u00f3k k\u00f6rben.<br \/>\n    Az Air France region\u00e1lis j\u00e1ratokat m\u0171k\u00f6dtet\u0151 Hop! le\u00e1nyv\u00e1llalat\u00e1n\u00e1l, ahol jelenleg 2400 munkahely m\u0171k\u00f6dik, t\u00f6bb mint ezer f\u0151s le\u00e9p\u00edt\u00e9s v\u00e1rhat\u00f3.<br \/>\n    A francia korm\u00e1ny ek\u00f6zben sz\u00e9ls\u0151s\u00e9gesnek nevezte az Airbus le\u00e9p\u00edt\u00e9si programj\u00e1t is.<br \/>\n    A rep\u00fcl\u0151g\u00e9p-gy\u00e1rt\u00f3 azt k\u00f6z\u00f6lte, hogy csaknem 15 ezer munkahelyet sz\u00fcnet meg, azaz a munkat\u00e1rsainak 11 sz\u00e1zal\u00e9k\u00e1t k\u00fcldi el, szint\u00e9n a koronav\u00edrus-j\u00e1rv\u00e1ny k\u00f6vetkezm\u00e9nyek\u00e9nt lecs\u00f6kkent tev\u00e9kenys\u00e9g\u00e9re hivatkozva.<br \/>\n<div class=\"ads-in-post2\"><script async src=\"https:\/\/pagead2.googlesyndication.com\/pagead\/js\/adsbygoogle.js\"><\/script>\r\n<ins class=\"adsbygoogle\"\r\n     style=\"display:block\"\r\n     data-ad-format=\"fluid\"\r\n     data-ad-layout-key=\"-6t+ed+2i-1n-4w\"\r\n     data-ad-client=\"ca-pub-1959107119989764\"\r\n     data-ad-slot=\"4008251320\"><\/ins>\r\n<script>\r\n     (adsbygoogle = window.adsbygoogle || []).push({});\r\n<\/script><\/div>\n    &#8222;A rep\u00fcl\u0151g\u00e9pgy\u00e1rt\u00f3 \u00e1gazat hatalmas, durva \u00e9s tart\u00f3s sokkal n\u00e9z szembe. Nagyon val\u00f3sz\u00edn\u0171, hogy a javul\u00e1s fokozatos lesz. Ezt soha nem rejtett\u00fck v\u00e9ka al\u00e1&#8221; &#8211; hangs\u00falyozta a gazdas\u00e1gi t\u00e1rca, amikor k\u00f6zlem\u00e9ny\u00e9ben eml\u00e9keztetett arra, hogy n\u00e9h\u00e1ny h\u00e9ttel ezel\u0151tt 15 milli\u00e1rd eur\u00f3s ment\u0151csomagot ir\u00e1nyzott el\u0151 a szektornak. &#8222;Ugyanakkor az Airbus \u00e1ltal bejelentett, a munkahelyek megsz\u0171n\u00e9s\u00e9re vonatkoz\u00f3 sz\u00e1mok sz\u00e9ls\u0151s\u00e9gesek&#8221; &#8211; tette hozz\u00e1 a miniszt\u00e9rium, amely azt k\u00e9rte, hogy maxim\u00e1lisan cs\u00f6kkentse a v\u00e1llalat a k\u00f6zvetlen elbocs\u00e1t\u00e1sokat.<br \/>\n    Az Airbusnak t\u00f6bb ezer besz\u00e1ll\u00edt\u00f3ja van, t\u00f6bbs\u00e9g\u00e9ben kis- \u00e9s k\u00f6z\u00e9pv\u00e1llalatok, amelyek szint\u00e9n le\u00e9p\u00edt\u00e9seket terveznek. A 10 ezer f\u0151t foglalkoztat\u00f3 Dahler m\u00e1r jelezte, hogy 1300 munkahelyet megsz\u00fcntet.<br \/>\n<div class=\"ads-in-post1\"><div id=\"gazdasagportal.hu_fullbanner_wideboard\"><\/div>\r\n<\/div>\n    Az Airbus legnagyobb riv\u00e1lisa, az amerikai Boeing \u00e1prilis v\u00e9g\u00e9n jelentette be, hogy 10 sz\u00e1zal\u00e9kos, mintegy 16 ezer f\u0151s le\u00e9p\u00edt\u00e9st tervez.(MTI)<\/p>\n","protected":false},"excerpt":{"rendered":"<p>Az Air France francia l\u00e9git\u00e1rsas\u00e1g 7600 munkahelyet sz\u00fcntet meg a koronav\u00edrus-j\u00e1rv\u00e1ny k\u00f6vetkezm\u00e9nyek\u00e9nt lecs\u00f6kkent tev\u00e9kenys\u00e9g\u00e9re hivatkozva &#8211; er\u0151s\u00edtette meg szerd\u00e1n Jean-Baptiste Djebbari francia k\u00f6zleked\u00e9si \u00e1llamtitk\u00e1r a szakszervezetek el\u0151z\u0151 napi \u00e9rtes\u00fcl\u00e9s\u00e9t.<\/p>\n","protected":false},"author":1001006,"featured_media":0,"comment_status":"closed","ping_status":"open","sticky":false,"template":"","format":"standard","meta":[],"categories":[12,246],"tags":[],"_links":{"self":[{"href":"https:\/\/gazdasagportal.hu\/index.php\/wp-json\/wp\/v2\/posts\/127657"}],"collection":[{"href":"https:\/\/gazdasagportal.hu\/index.php\/wp-json\/wp\/v2\/posts"}],"about":[{"href":"https:\/\/gazdasagportal.hu\/index.php\/wp-json\/wp\/v2\/types\/post"}],"author":[{"embeddable":true,"href":"https:\/\/gazdasagportal.hu\/index.php\/wp-json\/wp\/v2\/users\/1001006"}],"replies":[{"embeddable":true,"href":"https:\/\/gazdasagportal.hu\/index.php\/wp-json\/wp\/v2\/comments?post=127657"}],"version-history":[{"count":1,"href":"https:\/\/gazdasagportal.hu\/index.php\/wp-json\/wp\/v2\/posts\/127657\/revisions"}],"predecessor-version":[{"id":127658,"href":"https:\/\/gazdasagportal.hu\/index.php\/wp-json\/wp\/v2\/posts\/127657\/revisions\/127658"}],"wp:attachment":[{"href":"https:\/\/gazdasagportal.hu\/index.php\/wp-json\/wp\/v2\/media?parent=127657"}],"wp:term":[{"taxonomy":"category","embeddable":true,"href":"https:\/\/gazdasagportal.hu\/index.php\/wp-json\/wp\/v2\/categories?post=127657"},{"taxonomy":"post_tag","embeddable":true,"href":"https:\/\/gazdasagportal.hu\/index.php\/wp-json\/wp\/v2\/tags?post=127657"}],"curies":[{"name":"wp","href":"https:\/\/api.w.org\/{rel}","templated":true}]}}