{"id":127632,"date":"2020-06-30T18:31:18","date_gmt":"2020-06-30T16:31:18","guid":{"rendered":"http:\/\/gazdasagportal.hu\/?p=127632"},"modified":"2020-06-30T18:31:18","modified_gmt":"2020-06-30T16:31:18","slug":"szerdan-ismet-kanikula-es-extrem-uv-sugarzas-varhato","status":"publish","type":"post","link":"https:\/\/gazdasagportal.hu\/index.php\/szerdan-ismet-kanikula-es-extrem-uv-sugarzas-varhato\/","title":{"rendered":"Szerd\u00e1n ism\u00e9t k\u00e1nikula \u00e9s extr\u00e9m UV-sug\u00e1rz\u00e1s v\u00e1rhat\u00f3"},"content":{"rendered":"<p><strong>Szerd\u00e1n ism\u00e9t k\u00e1nikula v\u00e1rhat\u00f3, extr\u00e9m lesz az UV-sug\u00e1rz\u00e1s, \u00e9s t\u00f6bb megy\u00e9ben zivatarra, felh\u0151szakad\u00e1s is lehet sz\u00e1m\u00edtani.<\/strong><!--more--><\/p>\n<div class=\"ads-in-post1\"><div id=\"gazdasagportal.hu_fullbanner_wideboard\"><\/div>\r\n<\/div>\n<p>    Az Orsz\u00e1gos Meteorol\u00f3giai Szolg\u00e1lat kedden az MTI-hez eljuttatott vesz\u00e9lyjelz\u00e9s\u00e9ben azt \u00edrta: a k\u00f6z\u00e9ph\u0151m\u00e9rs\u00e9klet, f\u0151k\u00e9nt az orsz\u00e1g d\u00e9li fel\u00e9n, el\u00e9rheti a 25-26 Celsius-fokot. A h\u0151s\u00e9g vesz\u00e9lye miatt Baranya, B\u00e1cs-Kiskun, Csongr\u00e1d-Csan\u00e1d, Somogy \u00e9s Tolna megy\u00e9re adtak ki els\u0151fok\u00fa figyelmeztet\u00e9st.<br \/>\n    Az orsz\u00e1gos el\u0151rejelz\u00e9s szerint a leghidegebb \u00f3r\u00e1kban 13-19 fok lesz. Napk\u00f6zben 29-34 fokig melegszik a leveg\u0151.<br \/>\n    Felh\u00edvt\u00e1k a figyelmet arra is, hogy szerd\u00e1n a figyelmeztet\u00e9si \u00e9rt\u00e9ket meghalad\u00f3, 8,3-as (extr\u00e9m) UV-B sug\u00e1rz\u00e1s v\u00e1rhat\u00f3. Ilyenkor norm\u00e1l b\u0151rt\u00edpusn\u00e1l m\u00e1r 15-20 perc napon tart\u00f3zkod\u00e1s eset\u00e9n is b\u0151rp\u00edr keletkezhet. Napk\u00f6zben, 11 \u00e9s 15 \u00f3ra k\u00f6z\u00f6tt, lehet\u0151s\u00e9g szerint el kell ker\u00fclni a napoz\u00e1st.<br \/>\n    A meteorol\u00f3giai szolg\u00e1lat kit\u00e9rt arra is, hogy k\u00e9s\u0151 d\u00e9lut\u00e1nt\u00f3l el\u0151bb az Alpokalja t\u00e9rs\u00e9g\u00e9ben, majd k\u00e9s\u0151bb a Dun\u00e1nt\u00falon helyenk\u00e9nt m\u00e1shol is kialakulhatnak zivatarok, amelyek k\u00f6z\u00f6tt egy-egy hevesebb is lehet. Az intenz\u00edvebb zivatarokat felh\u0151szakad\u00e1s, viharos sz\u00e9ll\u00f6k\u00e9sek, valamint nagyobb m\u00e9ret\u0171 j\u00e9ges\u0151 is k\u00eds\u00e9rheti.<br \/>\n<div class=\"ads-in-post1\"><div id=\"gazdasagportal.hu_fullbanner_wideboard\"><\/div>\r\n<\/div>\n    Zivatarvesz\u00e9ly miatt Vas, Veszpr\u00e9m \u00e9s Zala megy\u00e9re m\u00e1sodfok\u00fa, Baranya, Fej\u00e9r, Gy\u0151r-Moson-Sopron, Kom\u00e1rom-Esztergom, Somogy \u00e9s Tolna megy\u00e9re els\u0151fok\u00fa figyelmeztet\u00e9st adtak ki.<br \/>\n    Baranya, Fej\u00e9r, Gy\u0151r-Moson-Sopron, Kom\u00e1rom-Esztergom, Somogy, Tolna, Vas, Veszpr\u00e9m \u00e9s Zala megy\u00e9re a felh\u0151szakad\u00e1s vesz\u00e9lye miatt is kiadt\u00e1k az els\u0151fok\u00fa figyelmeztet\u00e9st.(MTI)<\/p>\n","protected":false},"excerpt":{"rendered":"<p>Szerd\u00e1n ism\u00e9t k\u00e1nikula v\u00e1rhat\u00f3, extr\u00e9m lesz az UV-sug\u00e1rz\u00e1s, \u00e9s t\u00f6bb megy\u00e9ben zivatarra, felh\u0151szakad\u00e1s is lehet sz\u00e1m\u00edtani.<\/p>\n","protected":false},"author":1001006,"featured_media":0,"comment_status":"closed","ping_status":"open","sticky":false,"template":"","format":"standard","meta":[],"categories":[4],"tags":[],"_links":{"self":[{"href":"https:\/\/gazdasagportal.hu\/index.php\/wp-json\/wp\/v2\/posts\/127632"}],"collection":[{"href":"https:\/\/gazdasagportal.hu\/index.php\/wp-json\/wp\/v2\/posts"}],"about":[{"href":"https:\/\/gazdasagportal.hu\/index.php\/wp-json\/wp\/v2\/types\/post"}],"author":[{"embeddable":true,"href":"https:\/\/gazdasagportal.hu\/index.php\/wp-json\/wp\/v2\/users\/1001006"}],"replies":[{"embeddable":true,"href":"https:\/\/gazdasagportal.hu\/index.php\/wp-json\/wp\/v2\/comments?post=127632"}],"version-history":[{"count":1,"href":"https:\/\/gazdasagportal.hu\/index.php\/wp-json\/wp\/v2\/posts\/127632\/revisions"}],"predecessor-version":[{"id":127633,"href":"https:\/\/gazdasagportal.hu\/index.php\/wp-json\/wp\/v2\/posts\/127632\/revisions\/127633"}],"wp:attachment":[{"href":"https:\/\/gazdasagportal.hu\/index.php\/wp-json\/wp\/v2\/media?parent=127632"}],"wp:term":[{"taxonomy":"category","embeddable":true,"href":"https:\/\/gazdasagportal.hu\/index.php\/wp-json\/wp\/v2\/categories?post=127632"},{"taxonomy":"post_tag","embeddable":true,"href":"https:\/\/gazdasagportal.hu\/index.php\/wp-json\/wp\/v2\/tags?post=127632"}],"curies":[{"name":"wp","href":"https:\/\/api.w.org\/{rel}","templated":true}]}}