{"id":127607,"date":"2020-06-30T07:04:53","date_gmt":"2020-06-30T05:04:53","guid":{"rendered":"http:\/\/gazdasagportal.hu\/?p=127607"},"modified":"2020-06-29T23:21:00","modified_gmt":"2020-06-29T21:21:00","slug":"aggaszto-tendenciat-mutat-a-jarvanyhelyzet-alakulasa-ausztriaban","status":"publish","type":"post","link":"https:\/\/gazdasagportal.hu\/index.php\/aggaszto-tendenciat-mutat-a-jarvanyhelyzet-alakulasa-ausztriaban\/","title":{"rendered":"Aggaszt\u00f3 tendenci\u00e1t mutat a j\u00e1rv\u00e1nyhelyzet alakul\u00e1sa Ausztri\u00e1ban"},"content":{"rendered":"<p><strong>Aggaszt\u00f3 tendenci\u00e1t mutat a koronav\u00edrus-j\u00e1rv\u00e1ny alakul\u00e1sa Ausztri\u00e1ban, az ut\u00f3bbi h\u00e9ten 343 ember fert\u0151z\u0151d\u00f6tt meg az eg\u00e9szs\u00e9g\u00fcgyi miniszt\u00e9rium h\u00e9tf\u0151i jelent\u00e9se szerint.<\/strong><!--more--><\/p>\n<div class=\"ads-in-post1\"><div id=\"gazdasagportal.hu_fullbanner_wideboard\"><\/div>\r\n<\/div>\n<p>    A t\u00e1j\u00e9koztat\u00e1s szerint az elm\u00falt 24 \u00f3r\u00e1ban 69-cel n\u0151tt a fert\u0151z\u00f6ttek sz\u00e1ma.<br \/>\n    Ausztri\u00e1ban \u00f6sszesen 17 723 ember koronav\u00edrustesztje lett eddig pozit\u00edv, egy h\u00e9ttel ezel\u0151tt ez a sz\u00e1m 17 380 volt. K\u00f6z\u00fcl\u00fck id\u0151k\u00f6zben 16 420-an meggy\u00f3gyultak. A fert\u0151z\u00e9s okozta sz\u00f6v\u0151dm\u00e9nyekbe 703-an haltak bele, k\u00f6z\u00fcl\u00fck 13-an az ut\u00f3bbi h\u00e9ten.<br \/>\n    Jelenleg 600 beteget tartanak nyilv\u00e1n, a legt\u00f6bbj\u00fcket B\u00e9csben (272), Fels\u0151-Ausztri\u00e1ban (124) \u00e9s Als\u00f3-Ausztri\u00e1ban (101). St\u00e1jerorsz\u00e1g tartom\u00e1nyban 32, Salzburgban 31, Karinti\u00e1ban 14, Tirolban 11, Burgenlandban t\u00edz, Vorarlbergben \u00f6t fert\u0151z\u00f6ttet tartanak nyilv\u00e1n.<br \/>\n<div class=\"ads-in-post2\"><script async src=\"https:\/\/pagead2.googlesyndication.com\/pagead\/js\/adsbygoogle.js\"><\/script>\r\n<ins class=\"adsbygoogle\"\r\n     style=\"display:block\"\r\n     data-ad-format=\"fluid\"\r\n     data-ad-layout-key=\"-6t+ed+2i-1n-4w\"\r\n     data-ad-client=\"ca-pub-1959107119989764\"\r\n     data-ad-slot=\"4008251320\"><\/ins>\r\n<script>\r\n     (adsbygoogle = window.adsbygoogle || []).push({});\r\n<\/script><\/div>\n    A betegek k\u00f6z\u00fcl 74-en szorulnak k\u00f3rh\u00e1zi kezel\u00e9sre, k\u00f6z\u00fcl\u00fck nyolcan intenz\u00edv oszt\u00e1lyon fekszenek.<br \/>\n    Eddig \u00f6sszesen 606 375 koronav\u00edrustesztet v\u00e9geztek el az orsz\u00e1gban.<br \/>\n    Az als\u00f3-ausztriai Tullnban bez\u00e1rtak egy sportiskol\u00e1t, ugyanis az egyik tan\u00e1r v\u00edrustesztje pozit\u00edv lett. Peter Eisenschenk polg\u00e1rmester arr\u00f3l sz\u00e1molt be h\u00e9tf\u0151n a Facebookon, hogy az iskolai dolgoz\u00f3k \u00e9s a tanul\u00f3k jelent\u0151s r\u00e9sze karant\u00e9nban van.(MTI)<br \/>\n<div class=\"ads-in-post1\"><div id=\"gazdasagportal.hu_fullbanner_wideboard\"><\/div>\r\n<\/div>\n","protected":false},"excerpt":{"rendered":"<p>Aggaszt\u00f3 tendenci\u00e1t mutat a koronav\u00edrus-j\u00e1rv\u00e1ny alakul\u00e1sa Ausztri\u00e1ban, az ut\u00f3bbi h\u00e9ten 343 ember fert\u0151z\u0151d\u00f6tt meg az eg\u00e9szs\u00e9g\u00fcgyi miniszt\u00e9rium h\u00e9tf\u0151i jelent\u00e9se szerint.<\/p>\n","protected":false},"author":1001006,"featured_media":0,"comment_status":"closed","ping_status":"open","sticky":false,"template":"","format":"standard","meta":[],"categories":[12,427],"tags":[],"_links":{"self":[{"href":"https:\/\/gazdasagportal.hu\/index.php\/wp-json\/wp\/v2\/posts\/127607"}],"collection":[{"href":"https:\/\/gazdasagportal.hu\/index.php\/wp-json\/wp\/v2\/posts"}],"about":[{"href":"https:\/\/gazdasagportal.hu\/index.php\/wp-json\/wp\/v2\/types\/post"}],"author":[{"embeddable":true,"href":"https:\/\/gazdasagportal.hu\/index.php\/wp-json\/wp\/v2\/users\/1001006"}],"replies":[{"embeddable":true,"href":"https:\/\/gazdasagportal.hu\/index.php\/wp-json\/wp\/v2\/comments?post=127607"}],"version-history":[{"count":1,"href":"https:\/\/gazdasagportal.hu\/index.php\/wp-json\/wp\/v2\/posts\/127607\/revisions"}],"predecessor-version":[{"id":127608,"href":"https:\/\/gazdasagportal.hu\/index.php\/wp-json\/wp\/v2\/posts\/127607\/revisions\/127608"}],"wp:attachment":[{"href":"https:\/\/gazdasagportal.hu\/index.php\/wp-json\/wp\/v2\/media?parent=127607"}],"wp:term":[{"taxonomy":"category","embeddable":true,"href":"https:\/\/gazdasagportal.hu\/index.php\/wp-json\/wp\/v2\/categories?post=127607"},{"taxonomy":"post_tag","embeddable":true,"href":"https:\/\/gazdasagportal.hu\/index.php\/wp-json\/wp\/v2\/tags?post=127607"}],"curies":[{"name":"wp","href":"https:\/\/api.w.org\/{rel}","templated":true}]}}