{"id":127601,"date":"2020-06-30T05:04:35","date_gmt":"2020-06-30T03:04:35","guid":{"rendered":"http:\/\/gazdasagportal.hu\/?p=127601"},"modified":"2020-06-29T23:14:54","modified_gmt":"2020-06-29T21:14:54","slug":"koronavirus-csusztatott-iskolakezdest-javasol-a-fovaros","status":"publish","type":"post","link":"https:\/\/gazdasagportal.hu\/index.php\/koronavirus-csusztatott-iskolakezdest-javasol-a-fovaros\/","title":{"rendered":"Koronav\u00edrus &#8211; Cs\u00fasztatott iskolakezd\u00e9st javasol a f\u0151v\u00e1ros"},"content":{"rendered":"<p><strong>Cs\u00fasztatott, 9 \u00f3rai iskolakezd\u00e9st javasol a f\u0151v\u00e1ros a koronav\u00edrus-j\u00e1rv\u00e1ny m\u00e1sodik hull\u00e1ma elleni v\u00e9dekez\u00e9s r\u00e9szek\u00e9nt &#8211; k\u00f6z\u00f6lte a F\u0151polg\u00e1rmesteri Hivatal h\u00e9tf\u0151n az MTI-vel.<\/strong><!--more--><\/p>\n<div class=\"ads-in-post1\"><div id=\"gazdasagportal.hu_fullbanner_wideboard\"><\/div>\r\n<\/div>\n<p>    Azt \u00edrt\u00e1k: a reggel 7 \u00e9s 8 \u00f3ra k\u00f6z\u00f6tti cs\u00facsforgalom idej\u00e9n a k\u00f6z\u00f6ss\u00e9gi k\u00f6zleked\u00e9sben utaz\u00f3k egyharmada di\u00e1k, f\u0151k\u00e9nt k\u00f6z\u00e9p- \u00e9s fels\u0151oktat\u00e1sban tanul\u00f3. A Budapesti K\u00f6zleked\u00e9si K\u00f6zpont (BKK) \u00e9s a budapesti v\u00e1rosvezet\u00e9s ez\u00e9rt azt javasolja az oktat\u00e1si int\u00e9zm\u00e9nyeknek, hogy cs\u00fasztass\u00e1k el a reggeli kezd\u00e9st 9 \u00f3r\u00e1ra, hogy \u0151szt\u0151l se alakulhasson ki zs\u00fafolts\u00e1g a k\u00f6z\u00f6ss\u00e9gi k\u00f6zleked\u00e9sben.<br \/>\n    K\u00f6zl\u00e9s\u00fck szerint err\u0151l egyeztetett h\u00e9tf\u0151n a v\u00e1rosvezet\u00e9s \u00e9s a BKK, az Emberi Er\u0151forr\u00e1sok Miniszt\u00e9riuma, a Klebelsberg Int\u00e9zm\u00e9nyfenntart\u00f3 K\u00f6zpont, t\u00edz budapesti tanker\u00fclet, az Alap\u00edtv\u00e1nyi \u00e9s Mag\u00e1niskol\u00e1k Egyes\u00fclete, a Budapesten oktat\u00e1si int\u00e9zm\u00e9nyeket fenntart\u00f3 egyh\u00e1zak, a fels\u0151oktat\u00e1si int\u00e9zm\u00e9nyek, a szakk\u00e9pz\u00e9si centrumok, a Pedag\u00f3gusok Szakszervezete \u00e9s a Pedag\u00f3gusok Demokratikus Szakszervezete \u00e9s a Fels\u0151oktat\u00e1si Dolgoz\u00f3k Szakszervezete k\u00e9pvisel\u0151ivel.<br \/>\n<div class=\"ads-in-post1\"><div id=\"gazdasagportal.hu_fullbanner_wideboard\"><\/div>\r\n<\/div>\n    Fajcs\u00e1k Lajos, a BKK Mobilit\u00e1smenedzsment\u00e9rt felel\u0151s igazgat\u00f3ja egy prezent\u00e1ci\u00f3ban mutatta be, hogy a l\u00e9pcs\u0151zetes kezd\u00e9ssel 20 sz\u00e1zal\u00e9kkal lehetne cs\u00f6kkenteni az utassz\u00e1mot a j\u00e1rm\u0171veken &#8211; tett\u00e9k hozz\u00e1.<br \/>\n    Gy. N\u00e9meth Erzs\u00e9bet f\u0151polg\u00e1rmester-helyettes elmondta, hogy a gyakorlatba val\u00f3 \u00e1t\u00fcltet\u00e9sr\u0151l m\u00e9g tov\u00e1bb egyeztetnek az int\u00e9zm\u00e9nyvezet\u0151kkel.<br \/>\n    Dorosz D\u00e1vid f\u0151polg\u00e1rmester-helyettes besz\u00e1molt arr\u00f3l, hogy a munk\u00e1ltat\u00f3kkal hasonl\u00f3 f\u00f3rumot szerveznek, hogy azokon a munkahelyeken, ahol a termel\u00e9st ez nem befoly\u00e1solja, szint\u00e9n lehets\u00e9ges legyen a cs\u00fasztatott munkakezd\u00e9s &#8211; olvashat\u00f3 a k\u00f6zlem\u00e9nyben.(MTI)<br \/>\n<div class=\"ads-in-post2\"><script async src=\"https:\/\/pagead2.googlesyndication.com\/pagead\/js\/adsbygoogle.js\"><\/script>\r\n<ins class=\"adsbygoogle\"\r\n     style=\"display:block\"\r\n     data-ad-format=\"fluid\"\r\n     data-ad-layout-key=\"-6t+ed+2i-1n-4w\"\r\n     data-ad-client=\"ca-pub-1959107119989764\"\r\n     data-ad-slot=\"4008251320\"><\/ins>\r\n<script>\r\n     (adsbygoogle = window.adsbygoogle || []).push({});\r\n<\/script><\/div>\n","protected":false},"excerpt":{"rendered":"<p>Cs\u00fasztatott, 9 \u00f3rai iskolakezd\u00e9st javasol a f\u0151v\u00e1ros a koronav\u00edrus-j\u00e1rv\u00e1ny m\u00e1sodik hull\u00e1ma elleni v\u00e9dekez\u00e9s r\u00e9szek\u00e9nt &#8211; k\u00f6z\u00f6lte a F\u0151polg\u00e1rmesteri Hivatal h\u00e9tf\u0151n az MTI-vel.<\/p>\n","protected":false},"author":1001006,"featured_media":0,"comment_status":"closed","ping_status":"open","sticky":false,"template":"","format":"standard","meta":[],"categories":[4,427],"tags":[],"_links":{"self":[{"href":"https:\/\/gazdasagportal.hu\/index.php\/wp-json\/wp\/v2\/posts\/127601"}],"collection":[{"href":"https:\/\/gazdasagportal.hu\/index.php\/wp-json\/wp\/v2\/posts"}],"about":[{"href":"https:\/\/gazdasagportal.hu\/index.php\/wp-json\/wp\/v2\/types\/post"}],"author":[{"embeddable":true,"href":"https:\/\/gazdasagportal.hu\/index.php\/wp-json\/wp\/v2\/users\/1001006"}],"replies":[{"embeddable":true,"href":"https:\/\/gazdasagportal.hu\/index.php\/wp-json\/wp\/v2\/comments?post=127601"}],"version-history":[{"count":1,"href":"https:\/\/gazdasagportal.hu\/index.php\/wp-json\/wp\/v2\/posts\/127601\/revisions"}],"predecessor-version":[{"id":127602,"href":"https:\/\/gazdasagportal.hu\/index.php\/wp-json\/wp\/v2\/posts\/127601\/revisions\/127602"}],"wp:attachment":[{"href":"https:\/\/gazdasagportal.hu\/index.php\/wp-json\/wp\/v2\/media?parent=127601"}],"wp:term":[{"taxonomy":"category","embeddable":true,"href":"https:\/\/gazdasagportal.hu\/index.php\/wp-json\/wp\/v2\/categories?post=127601"},{"taxonomy":"post_tag","embeddable":true,"href":"https:\/\/gazdasagportal.hu\/index.php\/wp-json\/wp\/v2\/tags?post=127601"}],"curies":[{"name":"wp","href":"https:\/\/api.w.org\/{rel}","templated":true}]}}