{"id":127597,"date":"2020-06-30T04:34:49","date_gmt":"2020-06-30T02:34:49","guid":{"rendered":"http:\/\/gazdasagportal.hu\/?p=127597"},"modified":"2020-06-29T23:11:01","modified_gmt":"2020-06-29T21:11:01","slug":"koronavirus-szakerto-elore-megjosolhato-a-jarvany-esetleges-masodik-hullama-a-szennyvizbol","status":"publish","type":"post","link":"https:\/\/gazdasagportal.hu\/index.php\/koronavirus-szakerto-elore-megjosolhato-a-jarvany-esetleges-masodik-hullama-a-szennyvizbol\/","title":{"rendered":"Koronav\u00edrus &#8211; Szak\u00e9rt\u0151: el\u0151re megj\u00f3solhat\u00f3 a j\u00e1rv\u00e1ny esetleges m\u00e1sodik hull\u00e1ma a szennyv\u00edzb\u0151l"},"content":{"rendered":"<p><strong>Egy-k\u00e9t h\u00e9ttel el\u0151re meg lehet j\u00f3solni a koronav\u00edrus-j\u00e1rv\u00e1ny esetleges m\u00e1sodik hull\u00e1m\u00e1t a szennyv\u00edztiszt\u00edt\u00f3kb\u00f3l vett mint\u00e1k alapj\u00e1n &#8211; mondta Vargha M\u00e1rta, a Nemzeti N\u00e9peg\u00e9szs\u00e9g\u00fcgyi K\u00f6zpont (NNK) v\u00edzhigi\u00e9n\u00e9s vezet\u0151 szak\u00e9rt\u0151je az M1 aktu\u00e1lis csatorna h\u00e9tf\u0151 esti m\u0171sor\u00e1ban.<\/strong><!--more--><\/p>\n<div class=\"ads-in-post1\"><div id=\"gazdasagportal.hu_fullbanner_wideboard\"><\/div>\r\n<\/div>\n<p>    A szak\u00e9rt\u0151 felid\u00e9zte: el\u0151sz\u00f6r Budapesten kezdt\u00e9k vizsg\u00e1lni a koronav\u00edrus \u00f6r\u00f6k\u00edt\u0151anyag\u00e1nak koncentr\u00e1ci\u00f3j\u00e1t a szennyv\u00edzben, majd megyesz\u00e9khelyeket \u00e9s egyre t\u00f6bb vid\u00e9ki v\u00e1rost is bevontak a vizsg\u00e1latba. A c\u00e9l az, hogy az orsz\u00e1g teljes ter\u00fclet\u00e9r\u0151l legyenek mint\u00e1ik.<br \/>\n    K\u00f6z\u00f6lte: hetente vesznek mint\u00e1t a telephelyeken, \u00edgy l\u00e1that\u00f3 lesz a tendencia, a v\u00edrus-\u00f6r\u00f6k\u00edt\u0151anyag koncentr\u00e1ci\u00f3j\u00e1nak v\u00e1ltoz\u00e1sa.<br \/>\n    Megjegyezte: az \u00f6r\u00f6k\u00edt\u0151anyagot a &#8211; t\u00fcnetekkel rendelkez\u0151 vagy t\u00fcnetmentes &#8211; fert\u0151z\u00f6tt emberek \u00fcr\u00edtik.<br \/>\n<div class=\"ads-in-post2\"><script async src=\"https:\/\/pagead2.googlesyndication.com\/pagead\/js\/adsbygoogle.js\"><\/script>\r\n<ins class=\"adsbygoogle\"\r\n     style=\"display:block\"\r\n     data-ad-format=\"fluid\"\r\n     data-ad-layout-key=\"-6t+ed+2i-1n-4w\"\r\n     data-ad-client=\"ca-pub-1959107119989764\"\r\n     data-ad-slot=\"4008251320\"><\/ins>\r\n<script>\r\n     (adsbygoogle = window.adsbygoogle || []).push({});\r\n<\/script><\/div>\n    A nemzetk\u00f6zi tapasztalatok azt mutatj\u00e1k, hogy 1-2 h\u00e9ttel kor\u00e1bban megn\u0151 az \u00f6r\u00f6k\u00edt\u0151anyag-koncentr\u00e1ci\u00f3 a szennyv\u00edzben, mint ahogy megjelennek az els\u0151 beazonos\u00edtott fert\u0151z\u00f6ttek. Ez pedig &#8222;nagy nyeres\u00e9g&#8221; az eg\u00e9szs\u00e9g\u00fcgynek, hogy felk\u00e9sz\u00fclhessen a betegek fogad\u00e1s\u00e1ra &#8211; mondta.<br \/>\n    Vargha M\u00e1rta sz\u00f3lt arr\u00f3l is: fert\u0151zni k\u00e9pes v\u00edrusr\u00e9szt a szennyv\u00edz nem tartalmaz, csak \u00f6r\u00f6k\u00edt\u0151anyagot. A szennyvizet a telepeken m\u00e9g meg is tiszt\u00edtj\u00e1k, \u00e9s csak azut\u00e1n ker\u00fcl vissza a term\u00e9szetes vizekbe, \u00edgy ott biztosan semmif\u00e9le kock\u00e1zatot nem jelent.<br \/>\n    A term\u00e9szetes v\u00edzben f\u00fcrd\u00e9s teh\u00e1t nem vesz\u00e9lyes &#8211; mondta.<br \/>\n<div class=\"ads-in-post1\"><div id=\"gazdasagportal.hu_fullbanner_wideboard\"><\/div>\r\n<\/div>\n    A strandok, uszod\u00e1k v\u00edz\u00e9nek fert\u0151tlen\u00edt\u00e9s\u00e9re haszn\u00e1lt kl\u00f3rmennyis\u00e9g is biztosan elpuszt\u00edtja a koronav\u00edrust, ezeken a helyeken ugyanakkor \u00fcgyelni kell a megfelel\u0151, 1,5 m\u00e9teres t\u00e1vols\u00e1g megtart\u00e1s\u00e1ra a strandol\u00f3k k\u00f6z\u00f6tt &#8211; tette hozz\u00e1 a szak\u00e9rt\u0151.(MTI)<\/p>\n","protected":false},"excerpt":{"rendered":"<p>Egy-k\u00e9t h\u00e9ttel el\u0151re meg lehet j\u00f3solni a koronav\u00edrus-j\u00e1rv\u00e1ny esetleges m\u00e1sodik hull\u00e1m\u00e1t a szennyv\u00edztiszt\u00edt\u00f3kb\u00f3l vett mint\u00e1k alapj\u00e1n &#8211; mondta Vargha M\u00e1rta, a Nemzeti N\u00e9peg\u00e9szs\u00e9g\u00fcgyi K\u00f6zpont (NNK) v\u00edzhigi\u00e9n\u00e9s vezet\u0151 szak\u00e9rt\u0151je az M1 aktu\u00e1lis csatorna h\u00e9tf\u0151 esti m\u0171sor\u00e1ban.<\/p>\n","protected":false},"author":1001006,"featured_media":0,"comment_status":"closed","ping_status":"open","sticky":false,"template":"","format":"standard","meta":[],"categories":[4,427],"tags":[],"_links":{"self":[{"href":"https:\/\/gazdasagportal.hu\/index.php\/wp-json\/wp\/v2\/posts\/127597"}],"collection":[{"href":"https:\/\/gazdasagportal.hu\/index.php\/wp-json\/wp\/v2\/posts"}],"about":[{"href":"https:\/\/gazdasagportal.hu\/index.php\/wp-json\/wp\/v2\/types\/post"}],"author":[{"embeddable":true,"href":"https:\/\/gazdasagportal.hu\/index.php\/wp-json\/wp\/v2\/users\/1001006"}],"replies":[{"embeddable":true,"href":"https:\/\/gazdasagportal.hu\/index.php\/wp-json\/wp\/v2\/comments?post=127597"}],"version-history":[{"count":1,"href":"https:\/\/gazdasagportal.hu\/index.php\/wp-json\/wp\/v2\/posts\/127597\/revisions"}],"predecessor-version":[{"id":127598,"href":"https:\/\/gazdasagportal.hu\/index.php\/wp-json\/wp\/v2\/posts\/127597\/revisions\/127598"}],"wp:attachment":[{"href":"https:\/\/gazdasagportal.hu\/index.php\/wp-json\/wp\/v2\/media?parent=127597"}],"wp:term":[{"taxonomy":"category","embeddable":true,"href":"https:\/\/gazdasagportal.hu\/index.php\/wp-json\/wp\/v2\/categories?post=127597"},{"taxonomy":"post_tag","embeddable":true,"href":"https:\/\/gazdasagportal.hu\/index.php\/wp-json\/wp\/v2\/tags?post=127597"}],"curies":[{"name":"wp","href":"https:\/\/api.w.org\/{rel}","templated":true}]}}