{"id":127583,"date":"2020-06-29T12:31:12","date_gmt":"2020-06-29T10:31:12","guid":{"rendered":"http:\/\/gazdasagportal.hu\/?p=127583"},"modified":"2020-06-29T12:31:12","modified_gmt":"2020-06-29T10:31:12","slug":"koronavirus-katonai-lap-nem-eszleltek-mellekhatasokat-az-orosz-vakcinateszt-onkentesein","status":"publish","type":"post","link":"https:\/\/gazdasagportal.hu\/index.php\/koronavirus-katonai-lap-nem-eszleltek-mellekhatasokat-az-orosz-vakcinateszt-onkentesein\/","title":{"rendered":"Koronav\u00edrus &#8211; Katonai lap: nem \u00e9szleltek mell\u00e9khat\u00e1sokat az orosz vakcinateszt \u00f6nk\u00e9ntesein"},"content":{"rendered":"<p><strong>Nem \u00e9szleltek nem k\u00edv\u00e1nt mell\u00e9khat\u00e1sokat az orvosok azokon az \u00f6nk\u00e9ntes katon\u00e1kon, akik r\u00e9szt vesznek az els\u0151 orosz Covid-19-vakcina tesztel\u00e9s\u00e9n  &#8211; k\u00f6z\u00f6lte h\u00e9tf\u0151n a Krasznaja Zvezda, az orosz v\u00e9delmi miniszt\u00e9rium hivatalos napilapja.<\/strong><!--more--><br \/>\n<div class=\"ads-in-post1\"><div id=\"gazdasagportal.hu_fullbanner_wideboard\"><\/div>\r\n<\/div>\n<p>    Oleg Csihljajev, a Nyikolaj Burdenko akad\u00e9mikus nev\u00e9t visel\u0151 k\u00f6zponti katonai k\u00f3rh\u00e1z szak\u00e9rt\u0151je a lapnak elmondta, hogy mindeddig sem az j\u00fanius 18-\u00e1n beoltott els\u0151, sem a j\u00fanius 23-\u00e1n vakcin\u00e1lt m\u00e1sodik csoport eg\u00e9sz\u00e9gi \u00e1llapot\u00e1ban nem \u00e9szleltek a norm\u00e1t\u00f3l elt\u00e9r\u0151 v\u00e1ltoz\u00e1st a rendszeres ellen\u0151rz\u00e9sek, az \u00f6nk\u00e9ntesek k\u00f6z\u00e9rzete j\u00f3. A felgyors\u00edtott hat\u00e1s\u00fa vakcina m\u00e1sodik komponens\u00e9t a k\u00eds\u00e9rlet r\u00e9szvev\u0151i h\u00e1rom h\u00e9ttel az els\u0151 olt\u00e1s ut\u00e1n kapj\u00e1k meg.<br \/>\n    A fert\u0151z\u00e9s megel\u0151z\u00e9s\u00e9t szolg\u00e1l\u00f3 vakcin\u00e1t az orosz hadsereg \u00e9s a Nyikolaj Gamaleja Nemzeti J\u00e1rv\u00e1ny\u00fcgyi \u00e9s Mikrobiol\u00f3giai Kutat\u00f3int\u00e9zet (NICEM) k\u00f6z\u00f6sen teszteli.<br \/>\n<div class=\"ads-in-post2\"><script async src=\"https:\/\/pagead2.googlesyndication.com\/pagead\/js\/adsbygoogle.js\"><\/script>\r\n<ins class=\"adsbygoogle\"\r\n     style=\"display:block\"\r\n     data-ad-format=\"fluid\"\r\n     data-ad-layout-key=\"-6t+ed+2i-1n-4w\"\r\n     data-ad-client=\"ca-pub-1959107119989764\"\r\n     data-ad-slot=\"4008251320\"><\/ins>\r\n<script>\r\n     (adsbygoogle = window.adsbygoogle || []).push({});\r\n<\/script><\/div>\n    Oroszorsz\u00e1gban az igazolt koronav\u00edrus-fert\u0151z\u00e9sek sz\u00e1ma az elm\u00falt nap alatt 6719-cel 641 156-ra emelkedett a h\u00e9tf\u0151n k\u00f6z\u00f6lt orsz\u00e1gos \u00f6sszes\u00edt\u00e9s szerint. Ez a legalacsonyabb sz\u00e1m, amelyet \u00e1prilis 29. \u00f3ta kimutattak &#8211; akkor 5841 \u00faj esetet tal\u00e1ltak. Ez  1,1 sz\u00e1zal\u00e9kos napi n\u00f6vekm\u00e9nyt jelent. Az \u00fajonnan diagnosztiz\u00e1lt fert\u0151z\u00f6ttek 31,6 sz\u00e1zal\u00e9ka t\u00fcnetmentes.<br \/>\n    Az akt\u00edv esetek sz\u00e1ma 2283-mal 228 560-ra n\u0151tt. A hal\u00e1loz\u00e1sok sz\u00e1ma 93-mal 9166-ra, a gy\u00f3gyultak\u00e9 pedig 4343-mal 403 430-ra emelkedett.<br \/>\n<div class=\"ads-in-post1\"><div id=\"gazdasagportal.hu_fullbanner_wideboard\"><\/div>\r\n<\/div>\n    Moszkv\u00e1ban a diagnosztiz\u00e1lt fert\u0151z\u00e9sek sz\u00e1ma h\u00e9tf\u0151re 782-vel 220 853-ra, a halottak\u00e9 23-mal 3761-ra, a gy\u00f3gyultak\u00e9 pedig 1007-tel 148 102-re n\u0151tt.<br \/>\n    Az orsz\u00e1gban a j\u00e1rv\u00e1ny kezdete \u00f3ta t\u00f6bb mint 19,3 milli\u00f3, az elm\u00falt nap folyam\u00e1n pedig 289 ezer laborat\u00f3riumi tesztet v\u00e9geztek el. Koronav\u00edrus-fert\u0151z\u00e9s gyan\u00faj\u00e1val 297 ezer embert tartanak orvosi megfigyel\u00e9s alatt.(MTI)<\/p>\n","protected":false},"excerpt":{"rendered":"<p>Nem \u00e9szleltek nem k\u00edv\u00e1nt mell\u00e9khat\u00e1sokat az orvosok azokon az \u00f6nk\u00e9ntes katon\u00e1kon, akik r\u00e9szt vesznek az els\u0151 orosz Covid-19-vakcina tesztel\u00e9s\u00e9n &#8211; k\u00f6z\u00f6lte h\u00e9tf\u0151n a Krasznaja Zvezda, az orosz v\u00e9delmi miniszt\u00e9rium hivatalos napilapja.<\/p>\n","protected":false},"author":1001006,"featured_media":0,"comment_status":"closed","ping_status":"open","sticky":false,"template":"","format":"standard","meta":[],"categories":[12,427],"tags":[428],"_links":{"self":[{"href":"https:\/\/gazdasagportal.hu\/index.php\/wp-json\/wp\/v2\/posts\/127583"}],"collection":[{"href":"https:\/\/gazdasagportal.hu\/index.php\/wp-json\/wp\/v2\/posts"}],"about":[{"href":"https:\/\/gazdasagportal.hu\/index.php\/wp-json\/wp\/v2\/types\/post"}],"author":[{"embeddable":true,"href":"https:\/\/gazdasagportal.hu\/index.php\/wp-json\/wp\/v2\/users\/1001006"}],"replies":[{"embeddable":true,"href":"https:\/\/gazdasagportal.hu\/index.php\/wp-json\/wp\/v2\/comments?post=127583"}],"version-history":[{"count":1,"href":"https:\/\/gazdasagportal.hu\/index.php\/wp-json\/wp\/v2\/posts\/127583\/revisions"}],"predecessor-version":[{"id":127584,"href":"https:\/\/gazdasagportal.hu\/index.php\/wp-json\/wp\/v2\/posts\/127583\/revisions\/127584"}],"wp:attachment":[{"href":"https:\/\/gazdasagportal.hu\/index.php\/wp-json\/wp\/v2\/media?parent=127583"}],"wp:term":[{"taxonomy":"category","embeddable":true,"href":"https:\/\/gazdasagportal.hu\/index.php\/wp-json\/wp\/v2\/categories?post=127583"},{"taxonomy":"post_tag","embeddable":true,"href":"https:\/\/gazdasagportal.hu\/index.php\/wp-json\/wp\/v2\/tags?post=127583"}],"curies":[{"name":"wp","href":"https:\/\/api.w.org\/{rel}","templated":true}]}}