{"id":12758,"date":"2013-07-31T12:32:14","date_gmt":"2013-07-31T10:32:14","guid":{"rendered":"http:\/\/stockportal.hu\/?p=12758"},"modified":"2013-07-31T12:34:13","modified_gmt":"2013-07-31T10:34:13","slug":"ngm-a-kisgyermekesek-foglalkoztatasaban-meg-jobban-kiaknazhato-a-munkahelyvedelmi-akcioterv","status":"publish","type":"post","link":"https:\/\/gazdasagportal.hu\/index.php\/ngm-a-kisgyermekesek-foglalkoztatasaban-meg-jobban-kiaknazhato-a-munkahelyvedelmi-akcioterv\/","title":{"rendered":"NGM: a kisgyermekesek foglalkoztat\u00e1s\u00e1ban m\u00e9g jobban kiakn\u00e1zhat\u00f3 a munkahelyv\u00e9delmi akci\u00f3terv"},"content":{"rendered":"<p><strong>Az eddigi adatok alapj\u00e1n folyamatosan b\u0151v\u00fcl a munkahelyv\u00e9delmi akci\u00f3terv t\u00e1mogat\u00e1s\u00e1val foglalkoztatott kisgyermekes sz\u00fcl\u0151k sz\u00e1ma, de a Nemzetgazdas\u00e1gi Miniszt\u00e9rium (NGM) szerint enn\u00e9l a c\u00e9lcsoportn\u00e1l m\u00e9g jobban kiakn\u00e1zhat\u00f3k a kedvezm\u00e9nyek.<!--more--><\/strong><\/p>\n<p>Az NGM keddi, MTI-hez eljuttatott k\u00f6zlem\u00e9ny\u00e9ben eml\u00e9keztet arra, hogy a magyarorsz\u00e1gi munk\u00e1ltat\u00f3k m\u00e1r m\u00e1sf\u00e9l \u00e9ve szoci\u00e1lis hozz\u00e1j\u00e1rul\u00e1si ad\u00f3 mentesen foglalkoztathatj\u00e1k a kisgyermekeseket. Az ad\u00f3hivatal adatai szerint m\u00e1jusban k\u00f6zel 30 ezer kisgyermekes sz\u00fcl\u0151 ut\u00e1n vett\u00e9k ig\u00e9nybe ezt a kedvezm\u00e9nyt. K\u00f6z\u00fcl\u00fck 28 ezer ut\u00e1n munkahelyv\u00e9delmi akci\u00f3terv keret\u00e9ben, \u00e9s majdnem 2 ezer ember ut\u00e1n m\u00e9g 2012-ben kiv\u00e1ltott \u00e9s id\u00e9n m\u00e9g le nem j\u00e1rt Start B\u00f3nusz k\u00e1rty\u00e1val.<br \/>\nA havi adatokb\u00f3l kit\u0171nik, hogy az ig\u00e9nybevev\u0151k sz\u00e1ma folyamatosan b\u0151v\u00fcl. Szalai Piroska, a n\u0151k munkaer\u0151-piaci helyzet\u00e9nek jav\u00edt\u00e1s\u00e1\u00e9rt felel\u0151s miniszteri biztos a k\u00f6zlem\u00e9ny szerint \u00fagy v\u00e9li, van m\u00e9g a munk\u00e1ltat\u00f3knak kiakn\u00e1zatlan k\u00f6lts\u00e9gmegtakar\u00edt\u00e1si lehet\u0151s\u00e9g\u00fck e ter\u00fcleten, mert a kedvezm\u00e9nyben r\u00e9szes\u00fcl\u0151kn\u00e9l t\u00f6bben j\u00f6ttek vissza az elm\u00falt 3 \u00e9vben GYES-r\u0151l.<br \/>\nA munk\u00e1ltat\u00f3k tavaly tudt\u00e1k el\u0151sz\u00f6r a GYED-r\u0151l, GYES-r\u0151l vagy GYET-r\u0151l a munk\u00e1ba visszat\u00e9r\u0151 any\u00e1kat j\u00e1rul\u00e9kmentesen foglalkoztatni. 2012-ben Start B\u00f3nusz k\u00e1rty\u00e1t ig\u00e9nyelhettek munk\u00e1ba \u00e1ll\u00e1suk el\u0151tt ezek a sz\u00fcl\u0151k \u00e9s akik ilyen k\u00e1rty\u00e1val rendelkeztek, azok ut\u00e1n egy \u00e9vig nem kellett 27 sz\u00e1zal\u00e9kos j\u00e1rul\u00e9kot fizetni.<br \/>\nA t\u00e1rca kifejti: 2013-ban a kedvezm\u00e9nyrendszer \u00e1talakult, a Start B\u00f3nusz rendszer helyett a Munkahelyv\u00e9delmi Akci\u00f3 keret\u00e9ben egyszer\u0171bb m\u00f3don, a kor\u00e1bbin\u00e1l t\u00f6bb kedvezm\u00e9nyhez juthatnak a munkaad\u00f3k.<br \/>\nAz id\u00e9n m\u00e1r nemcsak azok ut\u00e1n az alkalmazottak ut\u00e1n j\u00e1r t\u00e1mogat\u00e1s, akik a munk\u00e1ba \u00e1ll\u00e1s el\u0151tt megszerezt\u00e9k a jogosults\u00e1gi igazol\u00e1st, a foglalkoztat\u00f3k ann\u00e1l sem vesz\u00edtik el e lehet\u0151s\u00e9get, aki a munkakezd\u00e9s ut\u00e1n folyamodik igazol\u00e1s\u00e1\u00e9rt. 2013. janu\u00e1rj\u00e1t\u00f3l a gyermekgondoz\u00e1si d\u00edj foly\u00f3s\u00edt\u00e1s\u00e1t k\u00f6vet\u0151en, illetve a gyermekgondoz\u00e1si seg\u00e9ly \u00e9s a gyermeknevel\u00e9si t\u00e1mogat\u00e1s foly\u00f3s\u00edt\u00e1sa alatt e munkav\u00e1llal\u00f3k ut\u00e1n a foglalkoztat\u00e1s els\u0151 k\u00e9t \u00e9v\u00e9ben a munk\u00e1ltat\u00f3i teher 28,5 sz\u00e1zal\u00e9k helyett nulla, a foglalkoztat\u00e1s harmadik \u00e9v\u00e9ben pedig 14 sz\u00e1zal\u00e9k &#8211; hangs\u00falyozza az NGM.<br \/>\nA szoci\u00e1lis hozz\u00e1j\u00e1rul\u00e1si ad\u00f3b\u00f3l t\u00f6rt\u00e9n\u0151 kedvezm\u00e9ny \u00e9rv\u00e9nyes\u00edt\u00e9s\u00e9hez sz\u00fcks\u00e9ges, hogy a munk\u00e1ltat\u00f3 rendelkezzen az anyas\u00e1gi ell\u00e1t\u00e1st foly\u00f3s\u00edt\u00f3 szerv \u00e1ltal kiadott igazol\u00e1ssal, amit a munkav\u00e1llal\u00f3 k\u00e9r\u00e9s\u00e9re bocs\u00e1tanak ki. Ez a gyakorlatban azt jelenti, hogy a kisgyermekes munkav\u00e1llal\u00f3k r\u00e9sz\u00e9re GYED eset\u00e9n a korm\u00e1nyhivatalok eg\u00e9szs\u00e9gbiztos\u00edt\u00e1si szakigazgat\u00e1si szervei, vagy a t\u00e1rsadalombiztos\u00edt\u00e1si kifizet\u0151hely, GYES, GYET eset\u00e9n pedig a Magyar \u00c1llamkincst\u00e1r igazgat\u00f3s\u00e1gai, vagy a csal\u00e1dt\u00e1mogat\u00e1si kifizet\u0151hely \u00e1ll\u00edtja ki igazol\u00e1st.<br \/>\nAz igazol\u00e1sok kiad\u00e1sa g\u00f6rd\u00fcl\u00e9kenyen zajlik &#8211; \u00edrja az NGM, hozz\u00e1t\u00e9ve, hogy mivel az idei munkahelyv\u00e9delmi akci\u00f3beli kedvezm\u00e9ny a munkaer\u0151-piacra t\u00f6rt\u00e9n\u0151 visszat\u00e9r\u00e9s ut\u00e1n 3 \u00e9ven \u00e1t \u00e9rv\u00e9nyes\u00edthet\u0151, a Start B\u00f3nusz pedig csak egy \u00e9vig j\u00e1rt, ez\u00e9rt tudnak olyan munk\u00e1ltat\u00f3kr\u00f3l is, akik a Start B\u00f3nusz k\u00e1rtya lej\u00e1rta ut\u00e1n a Munkahelyv\u00e9delmi Akci\u00f3 keret\u00e9ben folytatj\u00e1k a j\u00e1rul\u00e9kkedvezm\u00e9ny ig\u00e9nybev\u00e9tel\u00e9t. A t\u00e1mogat\u00e1s az els\u0151 k\u00e9t \u00e9vben havi 28 500 forint a 100 000 forint, vagy azt meghalad\u00f3 b\u00e9r\u0171 alkalmazottak ut\u00e1n, a harmadik \u00e9vben pedig havi 14 500 forint.<br \/>\nAz EUROSTAT adatai szerint 2012-ben 190 ezer olyan anya dolgozott Magyarorsz\u00e1gon, akinek a legfiatalabb gyermeke m\u00e9g 6 \u00e9vesn\u00e9l kisebb, \u00edgy l\u00e1that\u00f3, hogy \u00e9rdemes odafigyelni erre a ter\u00fcletre a v\u00e1llalatok vezet\u0151inek \u00e9s \u00e9lni a Munkahelyv\u00e9delmi Akci\u00f3 ny\u00fajtotta kedvezm\u00e9nyekkel &#8211; olvashat\u00f3 a k\u00f6zlem\u00e9nyben.(MTI)<\/p>\n","protected":false},"excerpt":{"rendered":"<p>Az eddigi adatok alapj\u00e1n folyamatosan b\u0151v\u00fcl a munkahelyv\u00e9delmi akci\u00f3terv t\u00e1mogat\u00e1s\u00e1val foglalkoztatott kisgyermekes sz\u00fcl\u0151k sz\u00e1ma, de a Nemzetgazdas\u00e1gi Miniszt\u00e9rium (NGM) szerint enn\u00e9l a c\u00e9lcsoportn\u00e1l m\u00e9g jobban kiakn\u00e1zhat\u00f3k a kedvezm\u00e9nyek.<\/p>\n","protected":false},"author":1,"featured_media":0,"comment_status":"open","ping_status":"closed","sticky":false,"template":"","format":"standard","meta":[],"categories":[19],"tags":[],"_links":{"self":[{"href":"https:\/\/gazdasagportal.hu\/index.php\/wp-json\/wp\/v2\/posts\/12758"}],"collection":[{"href":"https:\/\/gazdasagportal.hu\/index.php\/wp-json\/wp\/v2\/posts"}],"about":[{"href":"https:\/\/gazdasagportal.hu\/index.php\/wp-json\/wp\/v2\/types\/post"}],"author":[{"embeddable":true,"href":"https:\/\/gazdasagportal.hu\/index.php\/wp-json\/wp\/v2\/users\/1"}],"replies":[{"embeddable":true,"href":"https:\/\/gazdasagportal.hu\/index.php\/wp-json\/wp\/v2\/comments?post=12758"}],"version-history":[{"count":3,"href":"https:\/\/gazdasagportal.hu\/index.php\/wp-json\/wp\/v2\/posts\/12758\/revisions"}],"predecessor-version":[{"id":12760,"href":"https:\/\/gazdasagportal.hu\/index.php\/wp-json\/wp\/v2\/posts\/12758\/revisions\/12760"}],"wp:attachment":[{"href":"https:\/\/gazdasagportal.hu\/index.php\/wp-json\/wp\/v2\/media?parent=12758"}],"wp:term":[{"taxonomy":"category","embeddable":true,"href":"https:\/\/gazdasagportal.hu\/index.php\/wp-json\/wp\/v2\/categories?post=12758"},{"taxonomy":"post_tag","embeddable":true,"href":"https:\/\/gazdasagportal.hu\/index.php\/wp-json\/wp\/v2\/tags?post=12758"}],"curies":[{"name":"wp","href":"https:\/\/api.w.org\/{rel}","templated":true}]}}