{"id":127579,"date":"2020-06-29T11:00:08","date_gmt":"2020-06-29T09:00:08","guid":{"rendered":"http:\/\/gazdasagportal.hu\/?p=127579"},"modified":"2020-06-29T11:00:08","modified_gmt":"2020-06-29T09:00:08","slug":"tovabb-emelkedett-a-napi-fertozesek-szama-csehorszagban-egy-jarvanygocpban-vegzett-tesztelesek-miatt","status":"publish","type":"post","link":"https:\/\/gazdasagportal.hu\/index.php\/tovabb-emelkedett-a-napi-fertozesek-szama-csehorszagban-egy-jarvanygocpban-vegzett-tesztelesek-miatt\/","title":{"rendered":"Tov\u00e1bb emelkedett a napi fert\u0151z\u00e9sek sz\u00e1ma Csehorsz\u00e1gban egy j\u00e1rv\u00e1nyg\u00f3cpban v\u00e9gzett tesztel\u00e9sek miatt"},"content":{"rendered":"<p><strong>Tov\u00e1bb emelkedett az \u00faj koronav\u00edrus-fert\u0151z\u00e9sek napi sz\u00e1ma vas\u00e1rnap Csehorsz\u00e1gban, ami els\u0151sorban egy lok\u00e1lis j\u00e1rv\u00e1nyg\u00f3cban v\u00e9gzett sz\u00e9lesk\u00f6r\u0171 tesztel\u00e9si kamp\u00e1nynak tudhat\u00f3 be.<\/strong><!--more--><\/p>\n<div class=\"ads-in-post1\"><div id=\"gazdasagportal.hu_fullbanner_wideboard\"><\/div>\r\n<\/div>\n<p>    Az eg\u00e9szs\u00e9g\u00fcgyi miniszt\u00e9rium honlapj\u00e1n h\u00e9tf\u0151 reggel megjelent hivatalos kimutat\u00e1s szerint el\u0151z\u0151 napon 305 \u00faj Covid-19 megbeteged\u00e9st regisztr\u00e1ltak. Szombaton ez a sz\u00e1m 260, p\u00e9nteken pedig 168 volt. Legut\u00f3bb \u00e1prilis elej\u00e9n volt ilyen magas a napi megbeteged\u00e9sek sz\u00e1ma. \u00c1prilis k\u00f6zep\u00e9t\u0151l a m\u00falt h\u00e9t k\u00f6zep\u00e9ig a napi \u00e1tlag \u00f6tven \u00e9s sz\u00e1z eset k\u00f6z\u00f6tt mozgott.<br \/>\n    Csehorsz\u00e1gban m\u00e1rcius elsej\u00e9n mutatt\u00e1k ki az els\u0151 fert\u0151z\u00e9st. Az\u00f3ta az igazolt fert\u0151z\u00f6ttek sz\u00e1ma meghaladja a 11 600-at, \u00e9s t\u00f6bb mint 70 sz\u00e1zal\u00e9kuk m\u00e1r meggy\u00f3gyult. Jelenleg mintegy 3550 akt\u00edv esetet tartanak nyilv\u00e1n, k\u00f3rh\u00e1zban 117 szem\u00e9lyt kezelnek. A hal\u00e1los \u00e1ldozatok sz\u00e1ma 348, az ut\u00f3bbi id\u0151ben alig n\u00f6vekszik.<br \/>\n<div class=\"ads-in-post1\"><div id=\"gazdasagportal.hu_fullbanner_wideboard\"><\/div>\r\n<\/div>\n    Adam Vojtech cseh eg\u00e9szs\u00e9g\u00fcgyi miniszter szerint a megbeteged\u00e9sek n\u00f6vekv\u0151 sz\u00e1ma Csehorsz\u00e1gban nem a koronav\u00edrus-fert\u0151z\u00e9s m\u00e1sodik hull\u00e1m\u00e1ra utal, hanem els\u0151sorban egy lok\u00e1lis g\u00f3c, az \u00e9szak-morvaorsz\u00e1gi Karvin\u00e1 k\u00f6rny\u00e9k\u00e9n l\u00e9v\u0151 feketesz\u00e9n-b\u00e1ny\u00e1k alkalmazottai \u00e9s csal\u00e1dtagjaik k\u00f6r\u00e9ben elv\u00e9gzett \u00e1ltal\u00e1nos tesztel\u00e9s k\u00f6vetkezm\u00e9nye.<br \/>\n    &#8222;Ar\u00e1nylag sz\u00e9lesk\u00f6r\u0171 tesztel\u00e9st v\u00e9gz\u00fcnk a legink\u00e1bb \u00e9rintett Karvin\u00e1n, ez\u00e9rt a fert\u0151z\u00e9ses esetek sz\u00e1ma m\u00e9g n\u0151het&#8221; &#8211; mondta a k\u00f6zszolg\u00e1lati telev\u00edzi\u00f3ban a t\u00e1rcavezet\u0151. A miniszter szerint a h\u00e9t v\u00e9gi megbeteged\u00e9sek t\u00f6bb mint fel\u00e9t a karvin\u00e1i b\u00e1ny\u00e1k alkalmazottai \u00e9s csal\u00e1dtagjaik k\u00f6r\u00e9ben mutatt\u00e1k ki. A sajt\u00f3 szerint Karvin\u00e1ban t\u00f6bb mint 3000 tesztet v\u00e9geztek az ut\u00f3bbi napokban.<br \/>\n<div class=\"ads-in-post2\"><script async src=\"https:\/\/pagead2.googlesyndication.com\/pagead\/js\/adsbygoogle.js\"><\/script>\r\n<ins class=\"adsbygoogle\"\r\n     style=\"display:block\"\r\n     data-ad-format=\"fluid\"\r\n     data-ad-layout-key=\"-6t+ed+2i-1n-4w\"\r\n     data-ad-client=\"ca-pub-1959107119989764\"\r\n     data-ad-slot=\"4008251320\"><\/ins>\r\n<script>\r\n     (adsbygoogle = window.adsbygoogle || []).push({});\r\n<\/script><\/div>\n    A k\u00f6z\u00e9letet korl\u00e1toz\u00f3 int\u00e9zked\u00e9sek felold\u00e1s\u00e1nak tov\u00e1bbi, j\u00falius elsej\u00e9n \u00e9letbe l\u00e9p\u0151 szakasz ez\u00e9rt Karvin\u00e1ra nem fog vonatkozni. &#8222;Karvin\u00e1n biztos, hogy nem laz\u00edtunk. Pr\u00e1g\u00e1ban m\u00e9g m\u00e9rlegelj\u00fck a helyzetet&#8221; &#8211; jelentette ki Vojtech, aki szerint az orsz\u00e1gos j\u00e1rv\u00e1nyhelyzet alakul\u00e1sa kedvez\u0151.<br \/>\n    Szerd\u00e1t\u00f3l egyebek k\u00f6z\u00f6tt m\u00e1r nem lesz k\u00f6telez\u0151 az arcmaszkok viselete a t\u00f6megk\u00f6zleked\u00e9si eszk\u00f6z\u00f6kben \u00e9s a z\u00e1rt termekben sem. Enged\u00e9lyezve lesznek a Csehorsz\u00e1gban rendk\u00edv\u00fcl n\u00e9pszer\u0171 gyermekt\u00e1borok is, de szigor\u00fa higi\u00e9niai int\u00e9zked\u00e9sek betart\u00e1sa mellett.(MTI)<br \/>\n<div class=\"ads-in-post1\"><div id=\"gazdasagportal.hu_fullbanner_wideboard\"><\/div>\r\n<\/div>\n","protected":false},"excerpt":{"rendered":"<p>Tov\u00e1bb emelkedett az \u00faj koronav\u00edrus-fert\u0151z\u00e9sek napi sz\u00e1ma vas\u00e1rnap Csehorsz\u00e1gban, ami els\u0151sorban egy lok\u00e1lis j\u00e1rv\u00e1nyg\u00f3cban v\u00e9gzett sz\u00e9lesk\u00f6r\u0171 tesztel\u00e9si kamp\u00e1nynak tudhat\u00f3 be.<\/p>\n","protected":false},"author":1001006,"featured_media":0,"comment_status":"closed","ping_status":"open","sticky":false,"template":"","format":"standard","meta":[],"categories":[12,427],"tags":[428],"_links":{"self":[{"href":"https:\/\/gazdasagportal.hu\/index.php\/wp-json\/wp\/v2\/posts\/127579"}],"collection":[{"href":"https:\/\/gazdasagportal.hu\/index.php\/wp-json\/wp\/v2\/posts"}],"about":[{"href":"https:\/\/gazdasagportal.hu\/index.php\/wp-json\/wp\/v2\/types\/post"}],"author":[{"embeddable":true,"href":"https:\/\/gazdasagportal.hu\/index.php\/wp-json\/wp\/v2\/users\/1001006"}],"replies":[{"embeddable":true,"href":"https:\/\/gazdasagportal.hu\/index.php\/wp-json\/wp\/v2\/comments?post=127579"}],"version-history":[{"count":1,"href":"https:\/\/gazdasagportal.hu\/index.php\/wp-json\/wp\/v2\/posts\/127579\/revisions"}],"predecessor-version":[{"id":127580,"href":"https:\/\/gazdasagportal.hu\/index.php\/wp-json\/wp\/v2\/posts\/127579\/revisions\/127580"}],"wp:attachment":[{"href":"https:\/\/gazdasagportal.hu\/index.php\/wp-json\/wp\/v2\/media?parent=127579"}],"wp:term":[{"taxonomy":"category","embeddable":true,"href":"https:\/\/gazdasagportal.hu\/index.php\/wp-json\/wp\/v2\/categories?post=127579"},{"taxonomy":"post_tag","embeddable":true,"href":"https:\/\/gazdasagportal.hu\/index.php\/wp-json\/wp\/v2\/tags?post=127579"}],"curies":[{"name":"wp","href":"https:\/\/api.w.org\/{rel}","templated":true}]}}