{"id":127563,"date":"2020-06-29T04:34:07","date_gmt":"2020-06-29T02:34:07","guid":{"rendered":"http:\/\/gazdasagportal.hu\/?p=127563"},"modified":"2020-06-28T21:07:42","modified_gmt":"2020-06-28T19:07:42","slug":"putyin-harom-negynaponta-tesztelteti-magat-koronavirusra","status":"publish","type":"post","link":"https:\/\/gazdasagportal.hu\/index.php\/putyin-harom-negynaponta-tesztelteti-magat-koronavirusra\/","title":{"rendered":"Putyin h\u00e1rom-n\u00e9gynaponta tesztelteti mag\u00e1t koronav\u00edrusra"},"content":{"rendered":"<p><strong>Rendszeresen, h\u00e1rom-n\u00e9gynaponta tesztelteti mag\u00e1t a Covid-19-j\u00e1rv\u00e1ny miatt Vlagyimir Putyin orosz eln\u00f6k, az eddigi vizsg\u00e1latok nem mutattak ki SARS-Cov-2 koronav\u00edrust a szervezet\u00e9ben.<\/strong><!--more--><br \/>\n<div class=\"ads-in-post1\"><div id=\"gazdasagportal.hu_fullbanner_wideboard\"><\/div>\r\n<\/div>\n<p>    Ezt maga Putyin mondta el a Rosszija 1 \u00e1llami t\u00e9v\u00e9csatorna vas\u00e1rnap jelentkez\u0151 Moszkva, Kreml, Putyin c\u00edm\u0171 magazinm\u0171sora sz\u00e1m\u00e1ra. Az orosz eln\u00f6k a j\u00e1rv\u00e1ny elleni oroszorsz\u00e1gi k\u00fczdelem t\u00f6bb, mint h\u00e1rom h\u00f3napja alatt t\u00f6bbsz\u00f6r int\u00e9zett \u00fczenetet a lakoss\u00e1ghoz \u00e9s a felel\u0151s szem\u00e9lyekkel folytatott t\u00e1rgyal\u00e1sair\u00f3l naponta besz\u00e1moltak a telev\u00edzi\u00f3k, de ebben t\u00e9m\u00e1ban interj\u00fat most adott els\u0151 \u00edzben.<br \/>\n    Elmondta, az\u00e9rt ment be m\u00e1rcius v\u00e9g\u00e9n szem\u00e9lyesen a fert\u0151z\u00f6tteket nagy sz\u00e1mban kezel\u0151 kommunarkai k\u00f3rh\u00e1z &#8222;v\u00f6r\u00f6s z\u00f3n\u00e1j\u00e1ba&#8221;, mert mint m\u00e1s v\u00e1ls\u00e1ghelyzetekben, most is a saj\u00e1t szem\u00e9vel, nem csup\u00e1n a jelent\u00e9sekb\u0151l akart meggy\u0151z\u0151dni a dolgok \u00e1ll\u00e1s\u00e1r\u00f3l.<br \/>\n    &#8222;Felszereltek (v\u00e9d\u0151ruh\u00e1val) ahogyan kell. Igaz, ez a felszerel\u00e9s nem g\u00e1tolta meg, hogy a k\u00f3rh\u00e1z f\u0151orvosa (Gyenyisz Procenko) megbetegedjen. Ilyesmi el\u0151fordul, \u00fagy \u00e9rtem, ilyen kock\u00e1zat lehets\u00e9ges. De akkor (Mihail) Misusztyin minisztereln\u00f6k m\u00e9g nem volt beteg, ez\u00e9rt a rangl\u00e9tra tetej\u00e9n megvolt a magatart\u00e1si szabads\u00e1gom&#8221; &#8211; mondta.<br \/>\n<div class=\"ads-in-post1\"><div id=\"gazdasagportal.hu_fullbanner_wideboard\"><\/div>\r\n<\/div>\n    Hozz\u00e1t\u00e9ve, hogy indokoltnak \u00e9rezte a kock\u00e1zatot, noha k\u00f6rnyezete egy emberk\u00e9nt pr\u00f3b\u00e1lta meg lebesz\u00e9lni a vizitr\u0151l.<br \/>\n    Putyin kifejezte meggy\u0151z\u0151d\u00e9s\u00e9t, hogy Oroszorsz\u00e1g az elm\u00falt \u00e9vek eredm\u00e9nyeinek k\u00f6sz\u00f6nhet\u0151en &#8222;m\u00e9lt\u00f3s\u00e1ggal \u00e9s minim\u00e1lis vesztes\u00e9ggel&#8221; fog kij\u00f6nni a Covid-19-j\u00e1rv\u00e1ny okozta helyzetb\u0151l. A jelek szerint az orosz alkotm\u00e1ny m\u00f3dos\u00edt\u00e1s\u00e1r\u00f3l folytatott orsz\u00e1gos szavaz\u00e1st is szem el\u0151tt tartva &#8211; a cs\u00fct\u00f6rt\u00f6k\u00f6n megkezd\u0151d\u00f6tt \u00e9s j\u00falius 1-j\u00e9n z\u00e1rul\u00f3 voksol\u00e1son vas\u00e1rnap d\u00e9lut\u00e1nra a jogosultak csaknem 30 sz\u00e1zal\u00e9ka m\u00e1r \u00e9lt ezzel a jog\u00e1val &#8211; r\u00e1mutatott, hogy am\u00edg az \u00e9vsz\u00e1zad elej\u00e9n az orosz k\u00f6lts\u00e9gvet\u00e9s &#8222;kr\u00f3nikus deficittel&#8221; k\u00fczd\u00f6tt, addig mostanra az orsz\u00e1g tartal\u00e9kai &#8222;meg\u00f6tvenszerez\u0151dtek&#8221;, ami lehet\u0151v\u00e9 teszi a j\u00e1rv\u00e1ny miatti gazdas\u00e1gi helyzet \u00e1ltal s\u00fajtott lakoss\u00e1g \u00e9s a v\u00e1llalkoz\u00e1sok t\u00e1mogat\u00e1s\u00e1t.<br \/>\n<div class=\"ads-in-post2\"><script async src=\"https:\/\/pagead2.googlesyndication.com\/pagead\/js\/adsbygoogle.js\"><\/script>\r\n<ins class=\"adsbygoogle\"\r\n     style=\"display:block\"\r\n     data-ad-format=\"fluid\"\r\n     data-ad-layout-key=\"-6t+ed+2i-1n-4w\"\r\n     data-ad-client=\"ca-pub-1959107119989764\"\r\n     data-ad-slot=\"4008251320\"><\/ins>\r\n<script>\r\n     (adsbygoogle = window.adsbygoogle || []).push({});\r\n<\/script><\/div>\n    &#8222;M\u00e9g sokat kell tenn\u00fcnk a gazdas\u00e1g diverzifik\u00e1l\u00e1sa \u00e9rdek\u00e9ben, \u00e1mha az 1990-es \u00e9vekkel vetj\u00fck \u00f6ssze, Oroszorsz\u00e1g ma egy m\u00e1sik orsz\u00e1g&#8221; &#8211; mondta.<br \/>\n    \u00dagy v\u00e9lekedett, nincs alap azt felt\u00e9telezni, hogy az \u00faj koronav\u00edrus mesters\u00e9ges eredet\u0171 \u00e9s azt valaki sz\u00e1nd\u00e9kosan szabad\u00edtotta el. Mint mondta, a l\u00e9nyeg most a v\u00e9dekez\u00e9s rendszer\u00e9nek ki\u00e9p\u00edt\u00e9se, a nemzetk\u00f6zi \u00f6sszefog\u00e1s, nem pedig a konfront\u00e1ci\u00f3. Fejteget\u00e9s\u00e9ben kit\u00e9rt arra is, hogy szerinte aki \u00fagy gondolta, hogy ir\u00e1ny\u00edtja a vil\u00e1got, annak a j\u00e1rv\u00e1ny bebizony\u00edtotta, hogy t\u00e9ved.<br \/>\n<div class=\"ads-in-post1\"><div id=\"gazdasagportal.hu_fullbanner_wideboard\"><\/div>\r\n<\/div>\n    A vas\u00e1rnap k\u00f6z\u00f6lt hivatalos orsz\u00e1gos \u00f6sszes\u00edt\u00e9s szerint az igazolt koronav\u00edrus-fert\u0151z\u00e9sek sz\u00e1ma az elm\u00falt nap alatt 6791-gyel 634 ezer 437-re emelkedett. Ez 1,1 sz\u00e1zal\u00e9kos napi n\u00f6vekm\u00e9nyt jelent \u00e9s a sz\u00e1m \u00e1prilis 29. \u00f3ta harmadik alkalommal maradt alatta a 7 ezernek. Az \u00fajonnan diagnosztiz\u00e1lt fert\u0151z\u00f6ttek 32,4 sz\u00e1zal\u00e9ka t\u00fcnetmentes.<br \/>\n    Az akt\u00edv esetek sz\u00e1ma 952-vel 226 ezer 277-re n\u0151tt. A hal\u00e1loz\u00e1sok sz\u00e1ma 104-gyel 9073-ra, a gy\u00f3gyultak\u00e9 pedig 5735-tel 399 ezer 087-re emelkedett.(MTI)<br \/>\n<div class=\"ads-in-post1\"><div id=\"gazdasagportal.hu_fullbanner_wideboard\"><\/div>\r\n<\/div>\n","protected":false},"excerpt":{"rendered":"<p>Rendszeresen, h\u00e1rom-n\u00e9gynaponta tesztelteti mag\u00e1t a Covid-19-j\u00e1rv\u00e1ny miatt Vlagyimir Putyin orosz eln\u00f6k, az eddigi vizsg\u00e1latok nem mutattak ki SARS-Cov-2 koronav\u00edrust a szervezet\u00e9ben.<\/p>\n","protected":false},"author":1001006,"featured_media":0,"comment_status":"closed","ping_status":"open","sticky":false,"template":"","format":"standard","meta":[],"categories":[12,427],"tags":[],"_links":{"self":[{"href":"https:\/\/gazdasagportal.hu\/index.php\/wp-json\/wp\/v2\/posts\/127563"}],"collection":[{"href":"https:\/\/gazdasagportal.hu\/index.php\/wp-json\/wp\/v2\/posts"}],"about":[{"href":"https:\/\/gazdasagportal.hu\/index.php\/wp-json\/wp\/v2\/types\/post"}],"author":[{"embeddable":true,"href":"https:\/\/gazdasagportal.hu\/index.php\/wp-json\/wp\/v2\/users\/1001006"}],"replies":[{"embeddable":true,"href":"https:\/\/gazdasagportal.hu\/index.php\/wp-json\/wp\/v2\/comments?post=127563"}],"version-history":[{"count":1,"href":"https:\/\/gazdasagportal.hu\/index.php\/wp-json\/wp\/v2\/posts\/127563\/revisions"}],"predecessor-version":[{"id":127564,"href":"https:\/\/gazdasagportal.hu\/index.php\/wp-json\/wp\/v2\/posts\/127563\/revisions\/127564"}],"wp:attachment":[{"href":"https:\/\/gazdasagportal.hu\/index.php\/wp-json\/wp\/v2\/media?parent=127563"}],"wp:term":[{"taxonomy":"category","embeddable":true,"href":"https:\/\/gazdasagportal.hu\/index.php\/wp-json\/wp\/v2\/categories?post=127563"},{"taxonomy":"post_tag","embeddable":true,"href":"https:\/\/gazdasagportal.hu\/index.php\/wp-json\/wp\/v2\/tags?post=127563"}],"curies":[{"name":"wp","href":"https:\/\/api.w.org\/{rel}","templated":true}]}}