{"id":127555,"date":"2020-06-28T18:27:45","date_gmt":"2020-06-28T16:27:45","guid":{"rendered":"http:\/\/gazdasagportal.hu\/?p=127555"},"modified":"2020-06-28T18:27:45","modified_gmt":"2020-06-28T16:27:45","slug":"hoseg-extrem-uv-sugarzas-zivatar-es-felhoszakadas-is-varhato-hetfon","status":"publish","type":"post","link":"https:\/\/gazdasagportal.hu\/index.php\/hoseg-extrem-uv-sugarzas-zivatar-es-felhoszakadas-is-varhato-hetfon\/","title":{"rendered":"H\u0151s\u00e9g, extr\u00e9m UV-sug\u00e1rz\u00e1s, zivatar \u00e9s felh\u0151szakad\u00e1s is v\u00e1rhat\u00f3 h\u00e9tf\u0151n"},"content":{"rendered":"<p><strong>H\u0151s\u00e9g, extr\u00e9m UV-sug\u00e1rz\u00e1s \u00e9s a zivatarvesz\u00e9ly miatt figyelmeztet\u00e9seket adott ki h\u00e9tf\u0151re az Orsz\u00e1gos Meteorol\u00f3giai Szolg\u00e1lat.<\/strong><!--more--><\/p>\n<div class=\"ads-in-post1\"><div id=\"gazdasagportal.hu_fullbanner_wideboard\"><\/div>\r\n<\/div>\n<p>Az MTI-hez vas\u00e1rnap eljuttatott vesz\u00e9lyjelz\u00e9s\u00fck szerint a zivatarvesz\u00e9ly miatt Baranya, B\u00e1cs-Kiskun, Csongr\u00e1d-Csan\u00e1d \u00e9s Tolna megy\u00e9re els\u0151fok\u00fa, az orsz\u00e1g t\u00f6bbi ter\u00fclet\u00e9re m\u00e1sodfok\u00fa figyelmeztet\u00e9st adtak ki.<br \/>\nA felh\u0151szakad\u00e1s vesz\u00e9lye miatt Borsod-Aba\u00faj-Zempl\u00e9n, Gy\u0151r-Moson-Sopron, Hajd\u00fa-Bihar, Heves, J\u00e1sz-Nagykun-Szolnok, Kom\u00e1rom-Esztergom, N\u00f3gr\u00e1d, Szabolcs-Szatm\u00e1r-Bereg, Vas \u00e9s Veszpr\u00e9m megy\u00e9re adtak ki els\u0151fok\u00fa figyelmeztet\u00e9st.<br \/>\nBaranya, B\u00e1cs-Kiskun, B\u00e9k\u00e9s, Csongr\u00e1d-Csan\u00e1d, Somogy \u00e9s Tolna megy\u00e9re a h\u0151s\u00e9g vesz\u00e9lye miatt adtak ki els\u0151fok\u00fa figyelmeztet\u00e9st.<br \/>\n<div class=\"ads-in-post2\"><script async src=\"https:\/\/pagead2.googlesyndication.com\/pagead\/js\/adsbygoogle.js\"><\/script>\r\n<ins class=\"adsbygoogle\"\r\n     style=\"display:block\"\r\n     data-ad-format=\"fluid\"\r\n     data-ad-layout-key=\"-6t+ed+2i-1n-4w\"\r\n     data-ad-client=\"ca-pub-1959107119989764\"\r\n     data-ad-slot=\"4008251320\"><\/ins>\r\n<script>\r\n     (adsbygoogle = window.adsbygoogle || []).push({});\r\n<\/script><\/div>\nA meteorol\u00f3giai szolg\u00e1lat azt \u00edrta: h\u00e9tf\u0151n d\u00e9lut\u00e1n hidegfront \u00e9ri el az orsz\u00e1got. A front \u00e9rkez\u00e9se el\u0151tt, m\u00e9g a k\u00e9s\u0151 d\u00e9lel\u0151tti \u00f3r\u00e1kban \u00e9szakkeleten, keleten kialakulhatnak zivatarok, ezek k\u00f6z\u00f6tt egy-egy intenz\u00edvebb is lehet. D\u00e9lut\u00e1n a front ment\u00e9n \u00e9szaknyugat fel\u0151l egyre t\u00f6bb helyen pattannak ki zivatarok, hevesebbek els\u0151sorban a Dun\u00e1nt\u00falon, az \u00c9szaki-k\u00f6z\u00e9phegys\u00e9gben \u00e9s az Alf\u00f6ld keleti r\u00e9sz\u00e9n lehetnek, amelyeket viharos (60-90 kilom\u00e9ter\/\u00f3r\u00e1s, n\u00e9hol esetleg 95-100 kilom\u00e9ter\/\u00f3r\u00e1s) sz\u00e9l, nagyobb szem\u0171 (1-2 centim\u00e9teres) j\u00e9g \u00e9s felh\u0151szakad\u00e1s is k\u00eds\u00e9rheti: \u00e1ltal\u00e1ban 30-35 millim\u00e9ter, de n\u00e9hol 40 millim\u00e9tern\u00e9l t\u00f6bb is eshet.<br \/>\n<div class=\"ads-in-post1\"><div id=\"gazdasagportal.hu_fullbanner_wideboard\"><\/div>\r\n<\/div>\nH\u00e9tf\u0151n a d\u00e9li t\u00e1jakon v\u00e1rhat\u00f3 25 fokot el\u00e9r\u0151 vagy meghalad\u00f3 k\u00f6z\u00e9ph\u0151m\u00e9rs\u00e9klet, de d\u00e9lut\u00e1n a front \u00e9rkezt\u00e9vel gyorsan cs\u00f6kken majd a h\u0151m\u00e9rs\u00e9klet. Az el\u0151rejelz\u00e9s szerint a legalacsonyabb h\u0151m\u00e9rs\u00e9klet 15-21 fok k\u00f6z\u00f6tt alakul. A legmagasabb h\u0151m\u00e9rs\u00e9klet 25-36 fok k\u00f6z\u00f6tt val\u00f3sz\u00edn\u0171, 30 fok alatti cs\u00facs\u00e9rt\u00e9kek az \u00c9szaknyugat-Dun\u00e1nt\u00falon v\u00e1rhat\u00f3k, de d\u00e9lut\u00e1nt\u00f3l m\u00e1r egyre nagyobb ter\u00fcleten visszaesik a h\u0151m\u00e9rs\u00e9klet.<br \/>\nFelh\u00edvt\u00e1k a figyelmet arra is, hogy h\u00e9tf\u0151n a figyelmeztet\u00e9si \u00e9rt\u00e9ket meghalad\u00f3, 8.5-\u00f6s (extr\u00e9m) UV-B sug\u00e1rz\u00e1s v\u00e1rhat\u00f3. Ilyenkor norm\u00e1l b\u0151rt\u00edpusn\u00e1l m\u00e1r 15-20 perc napon tart\u00f3zkod\u00e1s eset\u00e9n is b\u0151rp\u00edr keletkezhet. Azt k\u00e9rik, fokozottan v\u00e9dekezzenek a napsug\u00e1rz\u00e1s \u00e1ltal okozott le\u00e9g\u00e9s ellen. Ha lehets\u00e9ges, napk\u00f6zben 11 \u00e9s 15 \u00f3ra k\u00f6z\u00f6tt, ker\u00fclj\u00e9k a napoz\u00e1st. V\u00e1llat takar\u00f3 p\u00f3l\u00f3, szalmakalap, illetve f\u00e9nyv\u00e9d\u0151 kr\u00e9m haszn\u00e1lata mindenk\u00e9ppen javasolt. A v\u00e1rhat\u00f3 UV-B \u00e9rt\u00e9kek ter\u00fcleti eloszl\u00e1sa megtekinthet\u0151 a\u00a0<a title=\"Hely megnyit\u00e1sa\" href=\"http:\/\/www.met.hu\/idojaras\/humanmeteorologia\/uv-b\" target=\"_blank\" rel=\"noopener noreferrer\">www.met.hu\/idojaras\/humanmeteorologia\/uv-b<\/a>\u00a0weboldalon.<br \/>\n(MTI)<br \/>\n<div class=\"ads-in-post1\"><div id=\"gazdasagportal.hu_fullbanner_wideboard\"><\/div>\r\n<\/div>\n&nbsp;<\/p>\n","protected":false},"excerpt":{"rendered":"<p>H\u0151s\u00e9g, extr\u00e9m UV-sug\u00e1rz\u00e1s \u00e9s a zivatarvesz\u00e9ly miatt figyelmeztet\u00e9seket adott ki h\u00e9tf\u0151re az Orsz\u00e1gos Meteorol\u00f3giai Szolg\u00e1lat.<\/p>\n","protected":false},"author":1001006,"featured_media":0,"comment_status":"closed","ping_status":"open","sticky":false,"template":"","format":"standard","meta":[],"categories":[4],"tags":[],"_links":{"self":[{"href":"https:\/\/gazdasagportal.hu\/index.php\/wp-json\/wp\/v2\/posts\/127555"}],"collection":[{"href":"https:\/\/gazdasagportal.hu\/index.php\/wp-json\/wp\/v2\/posts"}],"about":[{"href":"https:\/\/gazdasagportal.hu\/index.php\/wp-json\/wp\/v2\/types\/post"}],"author":[{"embeddable":true,"href":"https:\/\/gazdasagportal.hu\/index.php\/wp-json\/wp\/v2\/users\/1001006"}],"replies":[{"embeddable":true,"href":"https:\/\/gazdasagportal.hu\/index.php\/wp-json\/wp\/v2\/comments?post=127555"}],"version-history":[{"count":1,"href":"https:\/\/gazdasagportal.hu\/index.php\/wp-json\/wp\/v2\/posts\/127555\/revisions"}],"predecessor-version":[{"id":127556,"href":"https:\/\/gazdasagportal.hu\/index.php\/wp-json\/wp\/v2\/posts\/127555\/revisions\/127556"}],"wp:attachment":[{"href":"https:\/\/gazdasagportal.hu\/index.php\/wp-json\/wp\/v2\/media?parent=127555"}],"wp:term":[{"taxonomy":"category","embeddable":true,"href":"https:\/\/gazdasagportal.hu\/index.php\/wp-json\/wp\/v2\/categories?post=127555"},{"taxonomy":"post_tag","embeddable":true,"href":"https:\/\/gazdasagportal.hu\/index.php\/wp-json\/wp\/v2\/tags?post=127555"}],"curies":[{"name":"wp","href":"https:\/\/api.w.org\/{rel}","templated":true}]}}