{"id":127553,"date":"2020-06-28T16:43:57","date_gmt":"2020-06-28T14:43:57","guid":{"rendered":"http:\/\/gazdasagportal.hu\/?p=127553"},"modified":"2020-06-28T12:44:56","modified_gmt":"2020-06-28T10:44:56","slug":"heti-makronaptar-munkaeropiaci-kereseti-statisztika-varhato-a-jovo-heten","status":"publish","type":"post","link":"https:\/\/gazdasagportal.hu\/index.php\/heti-makronaptar-munkaeropiaci-kereseti-statisztika-varhato-a-jovo-heten\/","title":{"rendered":"Heti makronapt\u00e1r &#8211; Munkaer\u0151piaci, kereseti statisztika v\u00e1rhat\u00f3 a j\u00f6v\u0151 h\u00e9ten"},"content":{"rendered":"<p><strong>Munkaer\u0151piaci, kereseti \u00e9s t\u00f6bb m\u00e1s statisztikai adat is megjelenik a k\u00f6vetkez\u0151 h\u00e9ten, k\u00f6z\u00f6tt\u00fck az ipari termel\u0151i \u00e1rak m\u00e1jusi adatai.<\/strong><!--more--><\/p>\n<div class=\"ads-in-post1\"><div id=\"gazdasagportal.hu_fullbanner_wideboard\"><\/div>\r\n<\/div>\n<p>    H\u00e9tf\u0151n k\u00f6zli a K\u00f6zponti Statisztikai Hivatal (KSH) a foglalkoztatotts\u00e1g \u00e9s munkan\u00e9lk\u00fclis\u00e9g m\u00e1rcius-m\u00e1jus k\u00f6z\u00f6tti g\u00f6rd\u00fcl\u0151 negyed\u00e9ves adatait. Ebben a peri\u00f3dusban az el\u0151z\u0151n\u00e9l jobban \u00e9rv\u00e9nyes\u00fcl a j\u00e1rv\u00e1nyhelyzet miatt bevezetett korl\u00e1toz\u00f3 int\u00e9zked\u00e9sek gazdas\u00e1gi hat\u00e1sa. Az el\u0151z\u0151, febru\u00e1r-\u00e1prilisi id\u0151szakban a munkan\u00e9lk\u00fcliek \u00e1tlagos l\u00e9tsz\u00e1ma 174 ezer, a munkan\u00e9lk\u00fclis\u00e9gi r\u00e1ta 3,8 sz\u00e1zal\u00e9kos volt. A febru\u00e1r-\u00e1prilisi peri\u00f3dusban a foglalkoztatottak \u00e1tlagos l\u00e9tsz\u00e1ma az egy \u00e9vvel kor\u00e1bbin\u00e1l 1,2 sz\u00e1zal\u00e9kkal, 56 ezerrel alacsonyabb, 4 milli\u00f3 436 ezer volt. A 15-64 \u00e9vesek foglalkoztat\u00e1si r\u00e1t\u00e1ja 0,6 sz\u00e1zal\u00e9kponttal 69,2 sz\u00e1zal\u00e9kra cs\u00f6kkent. Az els\u0151dleges munkaer\u0151piacon dolgoz\u00f3k \u00e9s a magukat k\u00f6zfoglalkoztatottaknak vall\u00f3k sz\u00e1ma egyar\u00e1nt 21 ezerrel, a magyarorsz\u00e1gi h\u00e1ztart\u00e1sok k\u00fclf\u00f6ld\u00f6n dolgoz\u00f3 tagjainak sz\u00e1ma pedig 14 ezerrel cs\u00f6kkent. \u00c1prilisban a foglalkoztatottak \u00e1tlagos havi l\u00e9tsz\u00e1ma 4 milli\u00f3 368 ezer volt, az el\u0151z\u0151 h\u00f3naphoz k\u00e9pest 73 ezerrel kevesebb, m\u00edg a 15-64 \u00e9vesek foglalkoztat\u00e1si ar\u00e1nya ugyanezen id\u0151szak alatt 1,1 sz\u00e1zal\u00e9kponttal, 68,1 sz\u00e1zal\u00e9kra cs\u00f6kkent.<br \/>\n    Kedden az ipari termel\u0151i \u00e1rak m\u00e1jusi alakul\u00e1s\u00e1t \u00e9s a keresetek janu\u00e1r-\u00e1prilisi statisztik\u00e1j\u00e1t publik\u00e1lja a KSH. \u00c1prilisban a belf\u00f6ldi termel\u0151i \u00e1rak \u00e1tlagosan 0,9 sz\u00e1zal\u00e9kkal cs\u00f6kkentek, az ipari export\u00e9rt\u00e9kes\u00edt\u00e9s \u00e1rai 6,1 sz\u00e1zal\u00e9kkal magasabbak voltak, mint egy \u00e9vvel azel\u0151tt. Az ipari termel\u0151i \u00e1rak egy\u00fcttesen 3,7 sz\u00e1zal\u00e9kkal meghaladt\u00e1k az el\u0151z\u0151 \u00e9v azonos id\u0151szak\u00e1\u00e9t. Az \u00e1rak alakul\u00e1s\u00e1t befoly\u00e1solt\u00e1k a koronav\u00edrus-j\u00e1rv\u00e1ny k\u00f6vetkezt\u00e9ben megv\u00e1ltozott gazdas\u00e1gi folyamatok, amelyek hat\u00e1sa a p\u00e9nz- \u00e9s \u00e1rupiacokon (t\u00f6bbek k\u00f6z\u00f6tt a forint \u00e1rfolyamv\u00e1ltoz\u00e1s\u00e1ban, illetve a nyers- \u00e9s alapanyagok vil\u00e1gpiaci \u00e1r\u00e1ban) is \u00e9rezhet\u0151 volt, f\u0171zte hozz\u00e1 a jelent\u00e9sben a KSH.<br \/>\n<div class=\"ads-in-post1\"><div id=\"gazdasagportal.hu_fullbanner_wideboard\"><\/div>\r\n<\/div>\n    M\u00e1rciusban a brutt\u00f3 \u00e1tlagkereset 400 400 forint volt, 9,0 sz\u00e1zal\u00e9kkal magasabb, mint egy \u00e9vvel kor\u00e1bban. Az els\u0151 negyed\u00e9vben a brutt\u00f3 \u00e9s a nett\u00f3 \u00e1tlagkereset is 9,1 sz\u00e1zal\u00e9kkal n\u0151tt \u00e9ves \u00f6sszehasonl\u00edt\u00e1sban, 384 200, illetve 255 500 forintra. A re\u00e1lkereset 4,6 sz\u00e1zal\u00e9kkal emelkedett a fogyaszt\u00f3i \u00e1rak els\u0151 negyed\u00e9vi, 4,3 sz\u00e1zal\u00e9kos n\u00f6veked\u00e9se mellett. A koronav\u00edrus-j\u00e1rv\u00e1ny gazdas\u00e1gi k\u00f6vetkezm\u00e9nyei a vizsg\u00e1lt id\u0151szakot m\u00e9g csak r\u00e9szben \u00e9rintett\u00e9k, \u00edgy hat\u00e1sa az adatokban csup\u00e1n r\u00e9szlegesen jelenik meg &#8211; tette hozz\u00e1 a KSH.<br \/>\n    Szerd\u00e1n a korm\u00e1nyzati szektor idei els\u0151 negyed\u00e9ves egyenleg\u00e9nek adatait teszik k\u00f6zz\u00e9. A korm\u00e1nyzati szektor hi\u00e1nya 958 milli\u00e1rd forint, a GDP 2,0 sz\u00e1zal\u00e9ka volt 2019-ben. Az egyenleg 2018-hoz viszony\u00edtva GDP-ar\u00e1nyosan 0,1 sz\u00e1zal\u00e9kponttal lett kedvez\u0151bb. A bev\u00e9telek 1594 milli\u00e1rd forinttal, 8,4 sz\u00e1zal\u00e9kkal n\u0151ttek. A legnagyobb \u00f6sszeggel, 677 milli\u00e1rd forinttal, 8,6 sz\u00e1zal\u00e9kkal a termel\u00e9si ad\u00f3k b\u0151v\u00fcltek, amelyen bel\u00fcl 397 milli\u00e1rd forintot, 9,6 sz\u00e1zal\u00e9kot \u00e9rt el az \u00e1fabev\u00e9tel emelked\u00e9se. A kiad\u00e1sok 1635 milli\u00e1rd forinttal, 8,2 sz\u00e1zal\u00e9kkal n\u0151ttek. A b\u0151v\u00fcl\u00e9s a brutt\u00f3 \u00e1ll\u00f3eszk\u00f6z-felhalmoz\u00e1s eset\u00e9ben 305 milli\u00e1rd forint (12,2 sz\u00e1zal\u00e9k), a foly\u00f3 termel\u0151felhaszn\u00e1l\u00e1st illet\u0151en 396 milli\u00e1rd forint (11,6 sz\u00e1zal\u00e9k) volt. Az adatokat a KSH a t\u00falzotthi\u00e1ny-elj\u00e1r\u00e1sr\u00f3l (Excessive Deficit Procedure &#8211; EDP) sz\u00f3l\u00f3 jogszab\u00e1ly alapj\u00e1n, a nemzeti sz\u00e1ml\u00e1k eur\u00f3pai rendszer\u00e9ben (ESA 2010) foglalt m\u00f3dszertani el\u0151\u00edr\u00e1soknak megfelel\u0151en jelentette az EU statisztikai hivatal\u00e1nak, az Eurostatnak.<br \/>\n    Cs\u00fct\u00f6rt\u00f6k\u00f6n a k\u00fclkereskedelmi term\u00e9kforgalom \u00e1prilisi r\u00e9szletes adatait jelenteti meg a KSH. A j\u00fanius 9-\u00e9n kiadott els\u0151 becsl\u00e9s szerint \u00e1prilisban az eur\u00f3ban sz\u00e1molt export 37,9 sz\u00e1zal\u00e9kkal, az import 28,4 sz\u00e1zal\u00e9kkal maradt el az egy \u00e9vvel kor\u00e1bbit\u00f3l. A k\u00fclkereskedelemi m\u00e9rleg 611 milli\u00f3 eur\u00f3 deficittel z\u00e1rta a h\u00f3napot, 840 milli\u00f3 eur\u00f3val romlott az importnak az exportn\u00e1l kisebb cs\u00f6kken\u00e9se miatt. A koronav\u00edrus-j\u00e1rv\u00e1ny hat\u00e1s\u00e1ra a term\u00e9k-k\u00fclkereskedelmi forgalom mindk\u00e9t ir\u00e1ny\u00e1ban jelent\u0151s visszaes\u00e9s figyelhet\u0151 meg a megel\u0151z\u0151 \u00e9v azonos id\u0151szak\u00e1hoz k\u00e9pest &#8211; f\u0171zte hozz\u00e1 a KSH.<br \/>\n(MTI)<\/p>\n","protected":false},"excerpt":{"rendered":"<p>Munkaer\u0151piaci, kereseti \u00e9s t\u00f6bb m\u00e1s statisztikai adat is megjelenik a k\u00f6vetkez\u0151 h\u00e9ten, k\u00f6z\u00f6tt\u00fck az ipari termel\u0151i \u00e1rak m\u00e1jusi adatai.<\/p>\n","protected":false},"author":1001006,"featured_media":0,"comment_status":"closed","ping_status":"open","sticky":false,"template":"","format":"standard","meta":[],"categories":[19],"tags":[],"_links":{"self":[{"href":"https:\/\/gazdasagportal.hu\/index.php\/wp-json\/wp\/v2\/posts\/127553"}],"collection":[{"href":"https:\/\/gazdasagportal.hu\/index.php\/wp-json\/wp\/v2\/posts"}],"about":[{"href":"https:\/\/gazdasagportal.hu\/index.php\/wp-json\/wp\/v2\/types\/post"}],"author":[{"embeddable":true,"href":"https:\/\/gazdasagportal.hu\/index.php\/wp-json\/wp\/v2\/users\/1001006"}],"replies":[{"embeddable":true,"href":"https:\/\/gazdasagportal.hu\/index.php\/wp-json\/wp\/v2\/comments?post=127553"}],"version-history":[{"count":1,"href":"https:\/\/gazdasagportal.hu\/index.php\/wp-json\/wp\/v2\/posts\/127553\/revisions"}],"predecessor-version":[{"id":127554,"href":"https:\/\/gazdasagportal.hu\/index.php\/wp-json\/wp\/v2\/posts\/127553\/revisions\/127554"}],"wp:attachment":[{"href":"https:\/\/gazdasagportal.hu\/index.php\/wp-json\/wp\/v2\/media?parent=127553"}],"wp:term":[{"taxonomy":"category","embeddable":true,"href":"https:\/\/gazdasagportal.hu\/index.php\/wp-json\/wp\/v2\/categories?post=127553"},{"taxonomy":"post_tag","embeddable":true,"href":"https:\/\/gazdasagportal.hu\/index.php\/wp-json\/wp\/v2\/tags?post=127553"}],"curies":[{"name":"wp","href":"https:\/\/api.w.org\/{rel}","templated":true}]}}