{"id":12755,"date":"2013-07-31T12:02:11","date_gmt":"2013-07-31T10:02:11","guid":{"rendered":"http:\/\/stockportal.hu\/?p=12755"},"modified":"2013-07-31T12:03:04","modified_gmt":"2013-07-31T10:03:04","slug":"pszaf-ajanlasok-a-nyugdijpenztari-portfolios-rendszerrel-kapcsolatban","status":"publish","type":"post","link":"https:\/\/gazdasagportal.hu\/index.php\/pszaf-ajanlasok-a-nyugdijpenztari-portfolios-rendszerrel-kapcsolatban\/","title":{"rendered":"PSZ\u00c1F: aj\u00e1nl\u00e1sok a nyugd\u00edjp\u00e9nzt\u00e1ri portf\u00f3li\u00f3s rendszerrel kapcsolatban"},"content":{"rendered":"<p><strong>A v\u00e1laszthat\u00f3 portf\u00f3li\u00f3s rendszerbe (vpr) t\u00f6rt\u00e9n\u0151 bel\u00e9p\u00e9shez \u00e9s a portf\u00f3li\u00f3k k\u00f6z\u00f6tti v\u00e1laszt\u00e1shoz az \u00f6nk\u00e9ntes nyugd\u00edjp\u00e9nzt\u00e1rak tagjainak ismerni\u00fck kell minden, a megalapozott v\u00e1laszt\u00e1st lehet\u0151v\u00e9 tev\u0151 adatot; a P\u00e9nz\u00fcgyi Szervezetek \u00c1llami Fel\u00fcgyelete (PSZ\u00c1F) ez\u00e9rt aj\u00e1nl\u00e1sban fogalmazta meg a vpr kialak\u00edt\u00e1s\u00e1val, a tagok t\u00e1j\u00e9koztat\u00e1s\u00e1val szemben t\u00e1masztott k\u00f6vetelm\u00e9nyeit.<!--more--><\/strong><\/p>\n<p>Sz\u0171cs J\u00f3zsef, a PSZ\u00c1F p\u00e9nzt\u00e1rak fel\u00fcgyeleti f\u0151oszt\u00e1ly\u00e1nak vezet\u0151je kedden Budapesten sajt\u00f3t\u00e1j\u00e9koztat\u00f3n elmondta: a jelenlegi 52 \u00f6nk\u00e9ntes k\u00f6lcs\u00f6n\u00f6s biztos\u00edt\u00f3 p\u00e9nzt\u00e1r k\u00f6z\u00fcl 16 m\u0171k\u00f6dtet v\u00e1laszthat\u00f3 portf\u00f3li\u00f3s rendszert. Ut\u00f3bbiak 57 portf\u00f3li\u00f3t alak\u00edtottak ki, amelyek a teljes l\u00e9tsz\u00e1m 87,8 sz\u00e1zal\u00e9k\u00e1t (1,078 milli\u00f3 f\u0151) \u00e9s a teljes vagyon 85,1 sz\u00e1zal\u00e9k\u00e1t (770 milli\u00e1rd forint) \u00e9rintik.<br \/>\nAz aj\u00e1nl\u00e1s c\u00e9lja, hogy vil\u00e1goss\u00e1 tegye a fel\u00fcgyelet vpr-re vonatkoz\u00f3 elv\u00e1r\u00e1sait, kifejezze a jogszab\u00e1lyi el\u0151\u00edr\u00e1sokon t\u00falmutat\u00f3 j\u00f3 gyakorlatot, elk\u00e9sz\u00edt\u00e9s\u00e9be bevont\u00e1k a piaci szerepl\u0151ket, a Stabilit\u00e1s P\u00e9nzt\u00e1rsz\u00f6vets\u00e9get \u00e9s megk\u00e9rdezt\u00e9k a Bamosz v\u00e9lem\u00e9ny\u00e9t is.<br \/>\nAz \u00f6nk\u00e9ntes nyugd\u00edjkassz\u00e1k 2001 janu\u00e1rja \u00f3ta m\u0171k\u00f6dtethetnek v\u00e1laszthat\u00f3 portf\u00f3li\u00f3s rendszert, az\u00f3ta a n\u00e9h\u00e1ny ezer forintos befizet\u00e9sekb\u0151l t\u00f6bb milli\u00f3s egyenlegek j\u00f6ttek l\u00e9tre. A vpr lehet\u0151s\u00e9get ny\u00fajt arra, hogy a tagok \u00e9letkoruk, kock\u00e1zatvisel\u00e9si hajland\u00f3s\u00e1guk, egy\u00e9ni c\u00e9ljaik szerint optimaliz\u00e1lj\u00e1k megtakar\u00edt\u00e1sukat.<br \/>\nA portf\u00f3li\u00f3kat az aj\u00e1nl\u00e1s szerint \u00fagy kell kialak\u00edtani, hogy kock\u00e1zati szempontb\u00f3l j\u00f3l elk\u00fcl\u00f6n\u00edthet\u0151ek legyenek, s a tagok a hozam alapj\u00e1n is v\u00e1laszthassanak. Arra kell t\u00f6rekedni, hogy a vpr keret\u00e9ben t\u00e9nyleges v\u00e1laszt\u00e1si lehet\u0151s\u00e9get biztos\u00edtsanak, \u00edgy legal\u00e1bb h\u00e1rom portf\u00f3li\u00f3t c\u00e9lszer\u0171 aj\u00e1nlani, amelyek szignifik\u00e1nsan elt\u00e9rnek egym\u00e1st\u00f3l.<br \/>\nMivel a tagok laikusak, a vpr szab\u00e1lyzatoknak r\u00e9szletes \u00e9s pontos t\u00e1j\u00e9koztat\u00e1st kell ny\u00fajtaniuk a v\u00e1laszthat\u00f3 portf\u00f3li\u00f3s rendszerr\u0151l \u00e9s a portf\u00f3li\u00f3kr\u00f3l, \u00e1tl\u00e1that\u00f3nak, k\u00f6z\u00e9rthet\u0151nek \u00e9s kock\u00e1zattudatosnak kell lenni\u00fck. Arra kell t\u00f6rekedni, hogy m\u00e1r a n\u00e9vv\u00e1laszt\u00e1s is orient\u00e1lja a tagokat, kifejezve a portf\u00f3li\u00f3 kock\u00e1zatoss\u00e1g\u00e1t. A szab\u00e1lyzatban be kell mutatni az egyes portf\u00f3li\u00f3kba megv\u00e1s\u00e1rolhat\u00f3 p\u00e9nz\u00fcgyi eszk\u00f6z\u00f6k k\u00f6r\u00e9t, azok jellemz\u0151it, egyedi \u00e9s csoportos kock\u00e1zatait, a rendszer bevezet\u00e9s\u00e9nek, m\u0171k\u00f6dtet\u00e9s\u00e9nek \u00e9s a tagi d\u00f6nt\u00e9seknek a k\u00f6lts\u00e9geit.<br \/>\nT\u00e1j\u00e9koztatni kell a tagokat a hossz\u00fa t\u00e1v\u00fa befektet\u00e9sekkel j\u00e1r\u00f3 el\u0151ny\u00f6kr\u0151l, h\u00e1tr\u00e1nyokr\u00f3l, valamint a kock\u00e1zatokr\u00f3l \u00e9s befektet\u00e9s\u00fck likvidit\u00e1s\u00e1nak korl\u00e1tozotts\u00e1g\u00e1r\u00f3l, illetve arr\u00f3l, hogy a p\u00e9nzt\u00e1ri megtakar\u00edt\u00e1shoz csak jogszab\u00e1lyokban meghat\u00e1rozott id\u0151 ut\u00e1n juthatnak hozz\u00e1. Fontos az is, hogy biztos\u00edts\u00e1k a p\u00e9nzt\u00e1ri megtakar\u00edt\u00e1sok folyamatos \u00e1tl\u00e1that\u00f3s\u00e1g\u00e1t annak \u00e9rdek\u00e9ben, hogy a tag b\u00e1rmely id\u0151pontban d\u00f6nt\u00e9st tudjon hozni befektet\u00e9seir\u0151l, a portf\u00f3li\u00f3v\u00e1lt\u00e1sr\u00f3l.<br \/>\nFigyelembe v\u00e9ve a befektet\u00e9sek id\u0151t\u00e1vj\u00e1t, \u00e1ltal\u00e1nos elv\u00e1r\u00e1s, hogy olyan befektet\u00e9si politik\u00e1t alak\u00edtsanak ki, amely a tagok r\u00e9sz\u00e9re biztos\u00edtja az el\u00e9rni k\u00edv\u00e1nt hozamszintet, ez\u00e9rt tart\u00f3zkodni kell a hossz\u00fa t\u00e1vra meghat\u00e1rozott portf\u00f3li\u00f3k \u00f6sszet\u00e9tel\u00e9nek, befektet\u00e9si keretszab\u00e1lyainak gyakori (\u00e9venk\u00e9nti) m\u00f3dos\u00edt\u00e1s\u00e1t\u00f3l.<br \/>\nA p\u00e9nzt\u00e1raknak a sz\u00e9les k\u00f6rben ismert &#8211; p\u00e9nzpiaci, klasszikus, kiegyens\u00falyozott, n\u00f6veked\u00e9si, dinamikus &#8211; mellett lehet\u0151s\u00e9g\u00fck van \u00fagynevezett abszol\u00fat hozamra t\u00f6rekv\u0151 portf\u00f3li\u00f3 kialak\u00edt\u00e1s\u00e1ra is, amelyn\u00e9l elv\u00e1r\u00e1s, hogy a hozam pozit\u00edv legyen, amit a PSZ\u00c1F azzal eg\u00e9sz\u00edtett ki, hogy a hozam a referenciahozamn\u00e1l magasabb legyen.<br \/>\nLehet\u0151s\u00e9g van 2012. november 30. \u00f3ta c\u00e9ld\u00e1tum (target date) portf\u00f3li\u00f3 bevezet\u00e9s\u00e9re is. Ezek t\u00f6bb \u00e9vtized alatt biztos\u00edtj\u00e1k a legmagasabb hozamot v\u00e1ltoz\u00f3 befektet\u00e9si politika mellett \u00fagy, hogy k\u00f6zben nem kell a portf\u00f3li\u00f3k k\u00f6z\u00f6tt v\u00e1ltani. A target date portf\u00f3li\u00f3k ir\u00e1nt m\u00e1r mutatkozott \u00e9rdekl\u0151d\u00e9s, de ilyen enged\u00e9lyt m\u00e9g nem adott ki a PSZ\u00c1F &#8211; mondta Sz\u0171cs J\u00f3zsef.(MTI)<\/p>\n","protected":false},"excerpt":{"rendered":"<p>A v\u00e1laszthat\u00f3 portf\u00f3li\u00f3s rendszerbe (vpr) t\u00f6rt\u00e9n\u0151 bel\u00e9p\u00e9shez \u00e9s a portf\u00f3li\u00f3k k\u00f6z\u00f6tti v\u00e1laszt\u00e1shoz az \u00f6nk\u00e9ntes nyugd\u00edjp\u00e9nzt\u00e1rak tagjainak ismerni\u00fck kell minden, a megalapozott v\u00e1laszt\u00e1st lehet\u0151v\u00e9 tev\u0151 adatot; a P\u00e9nz\u00fcgyi Szervezetek \u00c1llami Fel\u00fcgyelete (PSZ\u00c1F) ez\u00e9rt aj\u00e1nl\u00e1sban fogalmazta meg a vpr kialak\u00edt\u00e1s\u00e1val, a tagok t\u00e1j\u00e9koztat\u00e1s\u00e1val szemben t\u00e1masztott k\u00f6vetelm\u00e9nyeit.<\/p>\n","protected":false},"author":1,"featured_media":0,"comment_status":"open","ping_status":"closed","sticky":false,"template":"","format":"standard","meta":[],"categories":[19],"tags":[],"_links":{"self":[{"href":"https:\/\/gazdasagportal.hu\/index.php\/wp-json\/wp\/v2\/posts\/12755"}],"collection":[{"href":"https:\/\/gazdasagportal.hu\/index.php\/wp-json\/wp\/v2\/posts"}],"about":[{"href":"https:\/\/gazdasagportal.hu\/index.php\/wp-json\/wp\/v2\/types\/post"}],"author":[{"embeddable":true,"href":"https:\/\/gazdasagportal.hu\/index.php\/wp-json\/wp\/v2\/users\/1"}],"replies":[{"embeddable":true,"href":"https:\/\/gazdasagportal.hu\/index.php\/wp-json\/wp\/v2\/comments?post=12755"}],"version-history":[{"count":3,"href":"https:\/\/gazdasagportal.hu\/index.php\/wp-json\/wp\/v2\/posts\/12755\/revisions"}],"predecessor-version":[{"id":12757,"href":"https:\/\/gazdasagportal.hu\/index.php\/wp-json\/wp\/v2\/posts\/12755\/revisions\/12757"}],"wp:attachment":[{"href":"https:\/\/gazdasagportal.hu\/index.php\/wp-json\/wp\/v2\/media?parent=12755"}],"wp:term":[{"taxonomy":"category","embeddable":true,"href":"https:\/\/gazdasagportal.hu\/index.php\/wp-json\/wp\/v2\/categories?post=12755"},{"taxonomy":"post_tag","embeddable":true,"href":"https:\/\/gazdasagportal.hu\/index.php\/wp-json\/wp\/v2\/tags?post=12755"}],"curies":[{"name":"wp","href":"https:\/\/api.w.org\/{rel}","templated":true}]}}