{"id":127549,"date":"2020-06-28T11:54:36","date_gmt":"2020-06-28T09:54:36","guid":{"rendered":"http:\/\/gazdasagportal.hu\/?p=127549"},"modified":"2020-06-28T11:54:36","modified_gmt":"2020-06-28T09:54:36","slug":"koronavirus-nagyon-megugrott-az-uj-koronavirusos-fertozesek-szama-csehorszagban","status":"publish","type":"post","link":"https:\/\/gazdasagportal.hu\/index.php\/koronavirus-nagyon-megugrott-az-uj-koronavirusos-fertozesek-szama-csehorszagban\/","title":{"rendered":"Koronav\u00edrus &#8211; Nagyon megugrott az \u00faj koronav\u00edrusos fert\u0151z\u00e9sek sz\u00e1ma Csehorsz\u00e1gban"},"content":{"rendered":"<p><strong>Nagyon megugrott a h\u00e9tv\u00e9g\u00e9n az \u00faj koronav\u00edrus-fert\u0151z\u00e9sek napi sz\u00e1ma Csehorsz\u00e1gban: szombaton 260 \u00faj beteget regisztr\u00e1ltak, ami majdnem sz\u00e1zzal t\u00f6bb, mint p\u00e9nteken \u00e9s \u00e1prilis eleje \u00f3ta ez a legmagasabb napi sz\u00e1m &#8211; der\u00fclt ki az eg\u00e9szs\u00e9g\u00fcgyi miniszt\u00e9rium honlapj\u00e1n vas\u00e1rnap reggel megjelent hivatalos adatokb\u00f3l.<\/strong><!--more--><\/p>\n<div class=\"ads-in-post1\"><div id=\"gazdasagportal.hu_fullbanner_wideboard\"><\/div>\r\n<\/div>\n<p>    Eddig 11 ezer 306 ember kapta el a betegs\u00e9get. A betegek t\u00f6bb mint hetven sz\u00e1zal\u00e9ka m\u00e1r meggy\u00f3gyult, a jelenlegi 3277 fert\u0151z\u00f6ttb\u0151l pedig 117 beteget kezelnek k\u00f3rh\u00e1zban. K\u00f6z\u00fcl\u00fck mintegy tucatnyi fert\u0151z\u00f6tt \u00e1llapota min\u0151s\u00edthet\u0151 s\u00falyosnak. Az \u00e1ldozatok sz\u00e1ma 347, ami kett\u0151vel kevesebb, mint a szombati hivatalos adat. A t\u00e1rca erre a v\u00e1ltoz\u00e1sra nem adott magyar\u00e1zatot. Kor\u00e1bban azonban t\u00f6bbsz\u00f6r azonban elhangzott, hogy a k\u00f6zponti statisztik\u00e1t a k\u00f3rh\u00e1zak jelent\u00e9sei szerint \u00e1ll\u00edtj\u00e1k \u00f6ssze, \u00edgy a k\u00e9s\u0151bbi korrig\u00e1l\u00e1sok nem kiz\u00e1rtak.<br \/>\n    &#8222;A fert\u0151z\u00e9sek n\u00f6vekv\u0151 sz\u00e1ma nagy val\u00f3sz\u00edn\u0171s\u00e9ggel a kor\u00e1bbiakn\u00e1l nagyobb sz\u00e1m\u00fa tesztel\u00e9s k\u00f6vetkezm\u00e9nye&#8221; &#8211; mondta a k\u00f6zszolg\u00e1lati r\u00e1di\u00f3nak Jarimila R\u00e1zov\u00e1 orsz\u00e1gos tisztif\u0151orvos. Megjegyezte: a lok\u00e1lis fert\u0151z\u00e9sg\u00f3cokban mindenkit letesztelnek, az \u00f6sszes teszt eredm\u00e9nye m\u00e9g nem ismert, ez\u00e9rt az esetek sz\u00e1m\u00e1nak tov\u00e1bbi n\u00f6veked\u00e9s\u00e9t sem lehet kiz\u00e1rni.<br \/>\n<div class=\"ads-in-post1\"><div id=\"gazdasagportal.hu_fullbanner_wideboard\"><\/div>\r\n<\/div>\n    Az \u00faj betegek t\u00f6bb mint fel\u00e9t az \u00e9szak-morvaorsz\u00e1gi Karvin\u00e1 melletti feketesz\u00e9n-b\u00e1ny\u00e1k alkalmazottai \u00e9s csal\u00e1dtagjaik teszik ki. A j\u00e1rv\u00e1ny\u00fcgyi hivatal d\u00f6nt\u00e9se szerint ez\u00e9rt a b\u00e1ny\u00e1k \u00f6sszes cseh \u00e9s lengyel alkalmazottj\u00e1t, valamint r\u00e9szben csal\u00e1dtagjaikat is k\u00f6telez\u0151en letesztelik. Mintegy 3000 emberr\u0151l van sz\u00f3. Hasonl\u00f3 fert\u0151z\u00e9sg\u00f3c van a Karvin\u00e1hoz k\u00f6zeli Frydek-M\u00edstekben, az \u00e9szak-csehorsz\u00e1gi Liberecben \u00e9s Pr\u00e1ga egy-k\u00e9t id\u0151sotthon\u00e1ban.<br \/>\n    Karvin\u00e1ban \u00e9s Frydek-M\u00edstekben m\u00e1r l\u00e1togat\u00e1si tilalom van \u00e9rv\u00e9nyben a helyi k\u00f3rh\u00e1zakban \u00e9s id\u0151sotthonokban.<br \/>\n    Adam Vojtech eg\u00e9szs\u00e9g\u00fcgyi miniszter szerint mindezek ellen\u00e9re az \u00e1ltal\u00e1nos j\u00e1rv\u00e1ny-helyzet tov\u00e1bb javult, ez\u00e9rt a m\u00e1r bejelentett laz\u00edt\u00e1sokat nem vonj\u00e1k vissza.<br \/>\n    Egyebek k\u00f6z\u00f6tt j\u00falius 1-t\u0151l m\u00e1r nem lesz k\u00f6telez\u0151 az arcmaszkok viselete a t\u00f6megk\u00f6zleked\u00e9si eszk\u00f6z\u00f6kben \u00e9s a z\u00e1rt termekben sem. Egyel\u0151re kiv\u00e9telt csak Pr\u00e1ga \u00e9s Karvin\u00e1 jelentenek, amelyeket jelenleg a hat\u00f3s\u00e1gok helyi fert\u0151z\u00e9sg\u00f3cokk\u00e9nt kezelnek. Legfeljebb 5000 f\u0151ig \u00fajra enged\u00e9lyezve vannak a n\u00e9z\u0151k is a nagy sportesem\u00e9nyeken \u00e9s a zenei fesztiv\u00e1lokon.<br \/>\n<div class=\"ads-in-post2\"><script async src=\"https:\/\/pagead2.googlesyndication.com\/pagead\/js\/adsbygoogle.js\"><\/script>\r\n<ins class=\"adsbygoogle\"\r\n     style=\"display:block\"\r\n     data-ad-format=\"fluid\"\r\n     data-ad-layout-key=\"-6t+ed+2i-1n-4w\"\r\n     data-ad-client=\"ca-pub-1959107119989764\"\r\n     data-ad-slot=\"4008251320\"><\/ins>\r\n<script>\r\n     (adsbygoogle = window.adsbygoogle || []).push({});\r\n<\/script><\/div>\n    A Csehorsz\u00e1gban nagyon n\u00e9pszer\u0171 ny\u00e1ri gyermekt\u00e1borok is a kor\u00e1bbiakn\u00e1l szigor\u00fabb szab\u00e1lyok szerint fognak m\u0171k\u00f6dni id\u00e9n. \u00dajrany\u00edlhatnak a sz\u00ednh\u00e1zak \u00e9s a mozik is. A nagy bev\u00e1s\u00e1rl\u00f3k\u00f6zpontok m\u00e1r egy h\u00f3napja teljesen nyitva vannak, a sajt\u00f3ban megjelent h\u00edrek szerint viszont l\u00e1togatotts\u00e1guk jelent\u0151sen visszaesett. Hasonl\u00f3 a helyzet a vend\u00e9gl\u0151k t\u00f6bbs\u00e9g\u00e9vel is. (MTI)<\/p>\n","protected":false},"excerpt":{"rendered":"<p>Nagyon megugrott a h\u00e9tv\u00e9g\u00e9n az \u00faj koronav\u00edrus-fert\u0151z\u00e9sek napi sz\u00e1ma Csehorsz\u00e1gban: szombaton 260 \u00faj beteget regisztr\u00e1ltak, ami majdnem sz\u00e1zzal t\u00f6bb, mint p\u00e9nteken \u00e9s \u00e1prilis eleje \u00f3ta ez a legmagasabb napi sz\u00e1m &#8211; der\u00fclt ki az eg\u00e9szs\u00e9g\u00fcgyi miniszt\u00e9rium honlapj\u00e1n vas\u00e1rnap reggel megjelent hivatalos adatokb\u00f3l.<\/p>\n","protected":false},"author":1001006,"featured_media":0,"comment_status":"closed","ping_status":"open","sticky":false,"template":"","format":"standard","meta":[],"categories":[12,427],"tags":[428],"_links":{"self":[{"href":"https:\/\/gazdasagportal.hu\/index.php\/wp-json\/wp\/v2\/posts\/127549"}],"collection":[{"href":"https:\/\/gazdasagportal.hu\/index.php\/wp-json\/wp\/v2\/posts"}],"about":[{"href":"https:\/\/gazdasagportal.hu\/index.php\/wp-json\/wp\/v2\/types\/post"}],"author":[{"embeddable":true,"href":"https:\/\/gazdasagportal.hu\/index.php\/wp-json\/wp\/v2\/users\/1001006"}],"replies":[{"embeddable":true,"href":"https:\/\/gazdasagportal.hu\/index.php\/wp-json\/wp\/v2\/comments?post=127549"}],"version-history":[{"count":1,"href":"https:\/\/gazdasagportal.hu\/index.php\/wp-json\/wp\/v2\/posts\/127549\/revisions"}],"predecessor-version":[{"id":127550,"href":"https:\/\/gazdasagportal.hu\/index.php\/wp-json\/wp\/v2\/posts\/127549\/revisions\/127550"}],"wp:attachment":[{"href":"https:\/\/gazdasagportal.hu\/index.php\/wp-json\/wp\/v2\/media?parent=127549"}],"wp:term":[{"taxonomy":"category","embeddable":true,"href":"https:\/\/gazdasagportal.hu\/index.php\/wp-json\/wp\/v2\/categories?post=127549"},{"taxonomy":"post_tag","embeddable":true,"href":"https:\/\/gazdasagportal.hu\/index.php\/wp-json\/wp\/v2\/tags?post=127549"}],"curies":[{"name":"wp","href":"https:\/\/api.w.org\/{rel}","templated":true}]}}