{"id":127537,"date":"2020-06-27T12:20:40","date_gmt":"2020-06-27T10:20:40","guid":{"rendered":"http:\/\/gazdasagportal.hu\/?p=127537"},"modified":"2020-06-27T10:21:19","modified_gmt":"2020-06-27T08:21:19","slug":"tizeneggyel-nott-az-igazolt-fertozottek-szama-magyarorszagon","status":"publish","type":"post","link":"https:\/\/gazdasagportal.hu\/index.php\/tizeneggyel-nott-az-igazolt-fertozottek-szama-magyarorszagon\/","title":{"rendered":"Tizeneggyel n\u0151tt az igazolt fert\u0151z\u00f6ttek sz\u00e1ma Magyarorsz\u00e1gon"},"content":{"rendered":"<p><strong>Tizeneggyel, 4138-ra emelkedett az azonos\u00edtott koronav\u00edrus-fert\u0151z\u00f6ttek sz\u00e1ma Magyarorsz\u00e1gon; senki nem halt bele a betegs\u00e9gbe az elm\u00falt 24 \u00f3r\u00e1ban &#8211; k\u00f6z\u00f6lte a <a href=\"https:\/\/koronavirus.gov.hu\/\" target=\"_blank\" rel=\"noopener noreferrer\">koronavirus.gov.hu<\/a> szombaton.<\/strong><!--more--><\/p>\n<div class=\"ads-in-post1\"><div id=\"gazdasagportal.hu_fullbanner_wideboard\"><\/div>\r\n<\/div>\n<p>A korm\u00e1nyzati port\u00e1lon azt \u00edrt\u00e1k: az elhunytak sz\u00e1ma \u00edgy v\u00e1ltozatlanul 578, 2681-en pedig m\u00e1r meggy\u00f3gyultak.<br \/>\nAz akt\u00edv fert\u0151z\u00f6ttek sz\u00e1ma 879. Az akt\u00edv fert\u0151z\u00f6ttek 38 sz\u00e1zal\u00e9ka, az elhunytak 60 sz\u00e1zal\u00e9ka, a gy\u00f3gyultak 48 sz\u00e1zal\u00e9ka budapesti. 174 koronav\u00edrusos beteget \u00e1polnak k\u00f3rh\u00e1zban, k\u00f6z\u00fcl\u00fck 11-en vannak l\u00e9legeztet\u0151g\u00e9pen.<br \/>\nAz oldal adatai szerint 2681-en vannak hat\u00f3s\u00e1gi h\u00e1zi karant\u00e9nban. A mintav\u00e9telek sz\u00e1ma 270 263.<br \/>\nMegsz\u0171nt a vesz\u00e9lyhelyzet, j\u00e1rv\u00e1ny\u00fcgyi k\u00e9sz\u00fclts\u00e9g l\u00e9pett \u00e9letbe. A vesz\u00e9lyhelyzet megsz\u00fcntet\u00e9s\u00e9t az tette lehet\u0151v\u00e9, hogy sikeres volt a j\u00e1rv\u00e1ny elleni v\u00e9dekez\u00e9s els\u0151 szakasza. M\u00e1s orsz\u00e1gokkal ellent\u00e9tben elker\u00fclt\u00fck a t\u00f6meges megbeteged\u00e9seket \u00e9s a t\u00f6bb ezer hal\u00e1lesetet &#8211; \u00edrt\u00e1k.<br \/>\n<div class=\"ads-in-post1\"><div id=\"gazdasagportal.hu_fullbanner_wideboard\"><\/div>\r\n<\/div>\nHozz\u00e1tett\u00e9k: a j\u00e1rv\u00e1nyvesz\u00e9ly ugyanakkor nem sz\u0171nt meg, \u00edgy a j\u00e1rv\u00e1ny\u00fcgyi k\u00e9sz\u00fclts\u00e9g fenntart\u00e1s\u00e1ra \u00e9s n\u00e9h\u00e1ny alapvet\u0151 v\u00e9delmi int\u00e9zked\u00e9sre tov\u00e1bbra is sz\u00fcks\u00e9g van.<br \/>\nA maszk, s\u00e1l vagy kend\u0151 visel\u00e9se tov\u00e1bbra is k\u00f6telez\u0151 az \u00fczletekben \u00e9s a t\u00f6megk\u00f6zleked\u00e9si eszk\u00f6z\u00f6k\u00f6n, a 65 \u00e9v felettiek k\u00fcl\u00f6n d\u00e9lel\u0151tti v\u00e1s\u00e1rl\u00e1si s\u00e1vja azonban megsz\u0171nt.<br \/>\nAz oldal t\u00e9rk\u00e9pe alapj\u00e1n eddig Budapesten (1973) \u00e9s Pest megy\u00e9ben (617) regisztr\u00e1lt\u00e1k a legt\u00f6bb fert\u0151z\u00f6ttet. Ezt k\u00f6veti Fej\u00e9r (376), Kom\u00e1rom-Esztergom (307), Zala (261) \u00e9s Csongr\u00e1d-Csan\u00e1d megye (112), a sor v\u00e9g\u00e9n pedig B\u00e9k\u00e9s \u00e9s Tolna megye \u00e1ll (13).<br \/>\n(MTI)<br \/>\n<div class=\"ads-in-post2\"><script async src=\"https:\/\/pagead2.googlesyndication.com\/pagead\/js\/adsbygoogle.js\"><\/script>\r\n<ins class=\"adsbygoogle\"\r\n     style=\"display:block\"\r\n     data-ad-format=\"fluid\"\r\n     data-ad-layout-key=\"-6t+ed+2i-1n-4w\"\r\n     data-ad-client=\"ca-pub-1959107119989764\"\r\n     data-ad-slot=\"4008251320\"><\/ins>\r\n<script>\r\n     (adsbygoogle = window.adsbygoogle || []).push({});\r\n<\/script><\/div>\n","protected":false},"excerpt":{"rendered":"<p>Tizeneggyel, 4138-ra emelkedett az azonos\u00edtott koronav\u00edrus-fert\u0151z\u00f6ttek sz\u00e1ma Magyarorsz\u00e1gon; senki nem halt bele a betegs\u00e9gbe az elm\u00falt 24 \u00f3r\u00e1ban &#8211; k\u00f6z\u00f6lte a koronavirus.gov.hu szombaton.<\/p>\n","protected":false},"author":1001006,"featured_media":0,"comment_status":"closed","ping_status":"open","sticky":false,"template":"","format":"standard","meta":[],"categories":[4,427],"tags":[428],"_links":{"self":[{"href":"https:\/\/gazdasagportal.hu\/index.php\/wp-json\/wp\/v2\/posts\/127537"}],"collection":[{"href":"https:\/\/gazdasagportal.hu\/index.php\/wp-json\/wp\/v2\/posts"}],"about":[{"href":"https:\/\/gazdasagportal.hu\/index.php\/wp-json\/wp\/v2\/types\/post"}],"author":[{"embeddable":true,"href":"https:\/\/gazdasagportal.hu\/index.php\/wp-json\/wp\/v2\/users\/1001006"}],"replies":[{"embeddable":true,"href":"https:\/\/gazdasagportal.hu\/index.php\/wp-json\/wp\/v2\/comments?post=127537"}],"version-history":[{"count":1,"href":"https:\/\/gazdasagportal.hu\/index.php\/wp-json\/wp\/v2\/posts\/127537\/revisions"}],"predecessor-version":[{"id":127538,"href":"https:\/\/gazdasagportal.hu\/index.php\/wp-json\/wp\/v2\/posts\/127537\/revisions\/127538"}],"wp:attachment":[{"href":"https:\/\/gazdasagportal.hu\/index.php\/wp-json\/wp\/v2\/media?parent=127537"}],"wp:term":[{"taxonomy":"category","embeddable":true,"href":"https:\/\/gazdasagportal.hu\/index.php\/wp-json\/wp\/v2\/categories?post=127537"},{"taxonomy":"post_tag","embeddable":true,"href":"https:\/\/gazdasagportal.hu\/index.php\/wp-json\/wp\/v2\/tags?post=127537"}],"curies":[{"name":"wp","href":"https:\/\/api.w.org\/{rel}","templated":true}]}}