{"id":127530,"date":"2020-06-27T04:34:36","date_gmt":"2020-06-27T02:34:36","guid":{"rendered":"http:\/\/gazdasagportal.hu\/?p=127530"},"modified":"2020-06-26T23:21:37","modified_gmt":"2020-06-26T21:21:37","slug":"szombaton-is-eros-lesz-az-uv-sugarzas-es-zivatarok-is-varhatok","status":"publish","type":"post","link":"https:\/\/gazdasagportal.hu\/index.php\/szombaton-is-eros-lesz-az-uv-sugarzas-es-zivatarok-is-varhatok\/","title":{"rendered":"Szombaton is er\u0151s lesz az UV-sug\u00e1rz\u00e1s \u00e9s zivatarok is v\u00e1rhat\u00f3k"},"content":{"rendered":"<p><strong>Zivatarvesz\u00e9ly \u00e9s az er\u0151s UV-sug\u00e1rz\u00e1s miatt is figyelmeztet\u00e9st adott ki szombatra az Orsz\u00e1gos Meteorol\u00f3giai Szolg\u00e1lat.<\/strong><!--more--><\/p>\n<div class=\"ads-in-post1\"><div id=\"gazdasagportal.hu_fullbanner_wideboard\"><\/div>\r\n<\/div>\n<p>Az MTI-hez eljuttatott vesz\u00e9lyjelz\u00e9s\u00fck szerint zivatarvesz\u00e9ly miatt Budapestre, Pest, Baranya, B\u00e1cs-Kiskun, B\u00e9k\u00e9s, Borsod-Aba\u00faj-Zempl\u00e9n, Csongr\u00e1d-Csan\u00e1d, Fej\u00e9r, Gy\u0151r-Moson-Sopron, Hajd\u00fa-Bihar, Heves, J\u00e1sz-Nagykun-Szolnok, Kom\u00e1rom-Esztergom, N\u00f3gr\u00e1d, Szabolcs-Szatm\u00e1r-Bereg, Tolna \u00e9s Vas megy\u00e9re adtak ki els\u0151fok\u00fa figyelmeztet\u00e9st.<br \/>\nAzt \u00edrt\u00e1k: szombaton a Duna \u00e9s a Tisza k\u00f6zti t\u00e1jakon, azon bel\u00fcl is legtov\u00e1bb az \u00e9szaki hegyekben van jelent\u0151s es\u00e9lye vill\u00e1ml\u00e1snak. A zivatarokat felh\u0151szakad\u00e1s, j\u00e9ges\u0151 \u00e9s er\u0151s sz\u00e9ll\u00f6k\u00e9sek k\u00eds\u00e9rhetik, de heves zivatarokhoz nagyobb m\u00e9ret\u0171 j\u00e9g, illetve 90 kilom\u00e9ter\/\u00f3r\u00e1t meghalad\u00f3 sz\u00e9ll\u00f6k\u00e9s is t\u00e1rsulhat.<br \/>\nFelh\u00edvt\u00e1k a figyelmet tov\u00e1bb\u00e1, hogy szombaton a figyelmeztet\u00e9si \u00e9rt\u00e9ket meghalad\u00f3, 7.7-es (nagyon er\u0151s) UV-B sug\u00e1rz\u00e1s v\u00e1rhat\u00f3. Ilyenkor norm\u00e1l b\u0151rt\u00edpusn\u00e1l m\u00e1r 15-20 perc napon tart\u00f3zkod\u00e1s eset\u00e9n is b\u0151rp\u00edr keletkezhet.<br \/>\n<div class=\"ads-in-post1\"><div id=\"gazdasagportal.hu_fullbanner_wideboard\"><\/div>\r\n<\/div>\nAzt k\u00e9rik, hogy fokozottan v\u00e9dekezzenek a napsug\u00e1rz\u00e1s \u00e1ltal okozott le\u00e9g\u00e9s ellen. Ha lehets\u00e9ges napk\u00f6zben 11 \u00e9s 15 \u00f3ra k\u00f6z\u00f6tt ker\u00fclj\u00e9k a napoz\u00e1st. V\u00e1llat takar\u00f3 p\u00f3l\u00f3, szalmakalap, illetve f\u00e9nyv\u00e9d\u0151 kr\u00e9m haszn\u00e1lata mindenk\u00e9ppen javasolt. A v\u00e1rhat\u00f3 UV-B \u00e9rt\u00e9kek ter\u00fcleti eloszl\u00e1sa megtekinthet\u0151 a\u00a0<a title=\"Hely megnyit\u00e1sa\" href=\"http:\/\/www.met.hu\/idojaras\/humanmeteorologia\/uv-b\" target=\"_blank\" rel=\"noopener noreferrer\">www.met.hu\/idojaras\/humanmeteorologia\/uv-b<\/a>\u00a0weboldalon.<br \/>\nAz el\u0151rejelz\u00e9s szerint szombaton a legalacsonyabb h\u0151m\u00e9rs\u00e9klet 14-19 Celsius-fok k\u00f6z\u00f6tt alakul. A legmagasabb h\u0151m\u00e9rs\u00e9klet \u00e1ltal\u00e1ban 28-33 fok k\u00f6z\u00f6tt val\u00f3sz\u00edn\u0171.(MTI)<br \/>\n<div class=\"ads-in-post2\"><script async src=\"https:\/\/pagead2.googlesyndication.com\/pagead\/js\/adsbygoogle.js\"><\/script>\r\n<ins class=\"adsbygoogle\"\r\n     style=\"display:block\"\r\n     data-ad-format=\"fluid\"\r\n     data-ad-layout-key=\"-6t+ed+2i-1n-4w\"\r\n     data-ad-client=\"ca-pub-1959107119989764\"\r\n     data-ad-slot=\"4008251320\"><\/ins>\r\n<script>\r\n     (adsbygoogle = window.adsbygoogle || []).push({});\r\n<\/script><\/div>\n<p>&nbsp;<\/p>\n","protected":false},"excerpt":{"rendered":"<p>Zivatarvesz\u00e9ly \u00e9s az er\u0151s UV-sug\u00e1rz\u00e1s miatt is figyelmeztet\u00e9st adott ki szombatra az Orsz\u00e1gos Meteorol\u00f3giai Szolg\u00e1lat.<\/p>\n","protected":false},"author":1001006,"featured_media":0,"comment_status":"closed","ping_status":"open","sticky":false,"template":"","format":"standard","meta":[],"categories":[4],"tags":[],"_links":{"self":[{"href":"https:\/\/gazdasagportal.hu\/index.php\/wp-json\/wp\/v2\/posts\/127530"}],"collection":[{"href":"https:\/\/gazdasagportal.hu\/index.php\/wp-json\/wp\/v2\/posts"}],"about":[{"href":"https:\/\/gazdasagportal.hu\/index.php\/wp-json\/wp\/v2\/types\/post"}],"author":[{"embeddable":true,"href":"https:\/\/gazdasagportal.hu\/index.php\/wp-json\/wp\/v2\/users\/1001006"}],"replies":[{"embeddable":true,"href":"https:\/\/gazdasagportal.hu\/index.php\/wp-json\/wp\/v2\/comments?post=127530"}],"version-history":[{"count":1,"href":"https:\/\/gazdasagportal.hu\/index.php\/wp-json\/wp\/v2\/posts\/127530\/revisions"}],"predecessor-version":[{"id":127531,"href":"https:\/\/gazdasagportal.hu\/index.php\/wp-json\/wp\/v2\/posts\/127530\/revisions\/127531"}],"wp:attachment":[{"href":"https:\/\/gazdasagportal.hu\/index.php\/wp-json\/wp\/v2\/media?parent=127530"}],"wp:term":[{"taxonomy":"category","embeddable":true,"href":"https:\/\/gazdasagportal.hu\/index.php\/wp-json\/wp\/v2\/categories?post=127530"},{"taxonomy":"post_tag","embeddable":true,"href":"https:\/\/gazdasagportal.hu\/index.php\/wp-json\/wp\/v2\/tags?post=127530"}],"curies":[{"name":"wp","href":"https:\/\/api.w.org\/{rel}","templated":true}]}}