{"id":127528,"date":"2020-06-27T05:34:23","date_gmt":"2020-06-27T03:34:23","guid":{"rendered":"http:\/\/gazdasagportal.hu\/?p=127528"},"modified":"2020-06-27T07:34:06","modified_gmt":"2020-06-27T05:34:06","slug":"bkk-marad-a-suru-kozlekedesi-rend-a-belvarost-elero-fo-vonalakon-mashol-hetfotol-a-nyari-menetendre-allnak-at","status":"publish","type":"post","link":"https:\/\/gazdasagportal.hu\/index.php\/bkk-marad-a-suru-kozlekedesi-rend-a-belvarost-elero-fo-vonalakon-mashol-hetfotol-a-nyari-menetendre-allnak-at\/","title":{"rendered":"BKK: marad a s\u0171r\u0171 k\u00f6zleked\u00e9si rend a belv\u00e1rost el\u00e9r\u0151 f\u0151 vonalakon, m\u00e1shol h\u00e9tf\u0151t\u0151l a ny\u00e1ri menetrendre \u00e1llnak \u00e1t"},"content":{"rendered":"<p><strong>Marad a s\u0171r\u0171 k\u00f6zleked\u00e9si rend a belv\u00e1rost el\u00e9r\u0151 f\u0151 vonalakon, m\u00e1shol a ny\u00e1ri menetrendre \u00e1ll \u00e1t a Budapesti K\u00f6zleked\u00e9si K\u00f6zpont h\u00e9tf\u0151t\u0151l (BKK).<\/strong><!--more--><\/p>\n<div class=\"ads-in-post1\"><div id=\"gazdasagportal.hu_fullbanner_wideboard\"><\/div>\r\n<\/div>\n<p>    A t\u00e1rsas\u00e1g p\u00e9nteken az MTI-vel azt is k\u00f6z\u00f6lte: folyamatosan vizsg\u00e1lj\u00e1k a f\u0151v\u00e1rosi k\u00f6z\u00f6ss\u00e9gi k\u00f6zleked\u00e9s utasforgalm\u00e1t. A korl\u00e1toz\u00e1sok enyh\u00fcl\u00e9s\u00e9vel, a j\u00e1rv\u00e1nyid\u0151szak v\u00e9g\u00e9vel a felk\u00edn\u00e1lt kapacit\u00e1shoz k\u00e9pest m\u00e9g mindig jelent\u0151sen alacsonyabb az utasok sz\u00e1ma. A felm\u00e9r\u00e9sek alapj\u00e1n a ny\u00e1ri \u00e1tlagos forgalom kevesebb mint 60 sz\u00e1zal\u00e9ka tapasztalhat\u00f3 a BKK-j\u00e1ratokon.<br \/>\n    Mint \u00edrt\u00e1k, az alacsony utassz\u00e1m ellen\u00e9re, annak \u00e9rdek\u00e9ben, hogy tov\u00e1bbra is k\u00e9nyelmesen \u00e9s biztons\u00e1gosan lehessen utazni, az utasforgalmi szempontb\u00f3l kiemelt vonalakon j\u00falius k\u00f6zep\u00e9ig biztos\u00edtj\u00e1k a legnagyobb kapacit\u00e1ssal \u00fczemel\u0151 menetrendet.<br \/>\n    A t\u00e1j\u00e9koztat\u00e1s szerint a megszokott ny\u00e1ri menetrendre \u00e1t\u00e1ll\u00e1st a BKK fokozatosan, k\u00e9t l\u00e9p\u00e9sben val\u00f3s\u00edtja meg: a forgalmas csom\u00f3pontokat \u00e9s a belv\u00e1rost \u00e9rint\u0151 f\u0151 gerincvonalakon, illetve a v\u00e1g\u00e1nyz\u00e1ri korl\u00e1toz\u00e1sokban \u00e9rintett j\u00e1ratokon az elk\u00f6vetkez\u0151 k\u00e9t h\u00e9tben tov\u00e1bbra is a s\u0171r\u0171 k\u00f6zleked\u00e9st \u00e9s a legnagyobb kapacit\u00e1st biztos\u00edt\u00f3 menetrendek lesznek \u00e9rv\u00e9nyben.<br \/>\n<div class=\"ads-in-post1\"><div id=\"gazdasagportal.hu_fullbanner_wideboard\"><\/div>\r\n<\/div>\n    Ennek megfelel\u0151en tov\u00e1bbra is s\u0171r\u0171bben, a megszokott menetrend szerint k\u00f6zlekedik az M2-es, az M3-as \u00e9s az M4-es metr\u00f3 \u00e9s a metr\u00f3p\u00f3tl\u00f3 j\u00e1ratok, az 1-es \u00e9s a 4-6-os villamos, valamint a budai fon\u00f3d\u00f3 villamosh\u00e1l\u00f3zat forgalmasabb j\u00e1ratai. Tov\u00e1bbra is 1-2 percenk\u00e9nt indulnak a Th\u00f6k\u00f6ly \u00fati tengelyen k\u00f6zleked\u0151 aut\u00f3buszj\u00e1ratok \u00e9s a pesti nagy lak\u00f3telepeket kiszolg\u00e1l\u00f3 nagy forgalm\u00fa aut\u00f3buszj\u00e1ratok.<br \/>\n    A t\u00f6bbi vonalon j\u00fanius 29-t\u0151l a ny\u00e1ri menetrend l\u00e9p \u00e9letbe.(MTI)<\/p>\n","protected":false},"excerpt":{"rendered":"<p>Marad a s\u0171r\u0171 k\u00f6zleked\u00e9si rend a belv\u00e1rost el\u00e9r\u0151 f\u0151 vonalakon, m\u00e1shol a ny\u00e1ri menetrendre \u00e1ll \u00e1t a Budapesti K\u00f6zleked\u00e9si K\u00f6zpont h\u00e9tf\u0151t\u0151l (BKK).<\/p>\n","protected":false},"author":1001006,"featured_media":0,"comment_status":"closed","ping_status":"open","sticky":false,"template":"","format":"standard","meta":[],"categories":[4],"tags":[],"_links":{"self":[{"href":"https:\/\/gazdasagportal.hu\/index.php\/wp-json\/wp\/v2\/posts\/127528"}],"collection":[{"href":"https:\/\/gazdasagportal.hu\/index.php\/wp-json\/wp\/v2\/posts"}],"about":[{"href":"https:\/\/gazdasagportal.hu\/index.php\/wp-json\/wp\/v2\/types\/post"}],"author":[{"embeddable":true,"href":"https:\/\/gazdasagportal.hu\/index.php\/wp-json\/wp\/v2\/users\/1001006"}],"replies":[{"embeddable":true,"href":"https:\/\/gazdasagportal.hu\/index.php\/wp-json\/wp\/v2\/comments?post=127528"}],"version-history":[{"count":3,"href":"https:\/\/gazdasagportal.hu\/index.php\/wp-json\/wp\/v2\/posts\/127528\/revisions"}],"predecessor-version":[{"id":127533,"href":"https:\/\/gazdasagportal.hu\/index.php\/wp-json\/wp\/v2\/posts\/127528\/revisions\/127533"}],"wp:attachment":[{"href":"https:\/\/gazdasagportal.hu\/index.php\/wp-json\/wp\/v2\/media?parent=127528"}],"wp:term":[{"taxonomy":"category","embeddable":true,"href":"https:\/\/gazdasagportal.hu\/index.php\/wp-json\/wp\/v2\/categories?post=127528"},{"taxonomy":"post_tag","embeddable":true,"href":"https:\/\/gazdasagportal.hu\/index.php\/wp-json\/wp\/v2\/tags?post=127528"}],"curies":[{"name":"wp","href":"https:\/\/api.w.org\/{rel}","templated":true}]}}