{"id":127471,"date":"2020-06-24T20:51:34","date_gmt":"2020-06-24T18:51:34","guid":{"rendered":"http:\/\/gazdasagportal.hu\/?p=127471"},"modified":"2020-06-24T20:51:34","modified_gmt":"2020-06-24T18:51:34","slug":"tozsdezaras-esett-a-vezeto-reszvenyek-tobbsege-12","status":"publish","type":"post","link":"https:\/\/gazdasagportal.hu\/index.php\/tozsdezaras-esett-a-vezeto-reszvenyek-tobbsege-12\/","title":{"rendered":"T\u0151zsdez\u00e1r\u00e1s &#8211; Esett a vezet\u0151 r\u00e9szv\u00e9nyek t\u00f6bbs\u00e9ge"},"content":{"rendered":"<p><strong>A Budapesti \u00c9rt\u00e9kt\u0151zsde r\u00e9szv\u00e9nyindexe, a BUX 396,37 pontos, 1,05 sz\u00e1zal\u00e9kos cs\u00f6kken\u00e9ssel, 37 199,46 ponton z\u00e1rt szerd\u00e1n.<\/strong><!--more--><br \/>\n<div class=\"ads-in-post1\"><div id=\"gazdasagportal.hu_fullbanner_wideboard\"><\/div>\r\n<\/div>\n<p>    A r\u00e9szv\u00e9nypiac forgalma 10 milli\u00e1rd forint volt, a vezet\u0151 r\u00e9szv\u00e9nyek a Magyar Telekom kiv\u00e9tel\u00e9vel gyeng\u00fcltek az el\u0151z\u0151 napi z\u00e1r\u00e1shoz k\u00e9pest.<br \/>\n    M\u00f3r\u00f3 Tam\u00e1s, a Concorde \u00c9rt\u00e9kpap\u00edr Zrt. vezet\u0151 elemz\u0151je az MTI-nek elmondta, hogy el\u00e9gg\u00e9 elromlott a nemzetk\u00f6zi piaci hangulat, \u00e9s ennek hat\u00e1s\u00e1ra a magyar piacon is cs\u00f6kkentek az \u00e1rfolyamok. A B\u00c9T ennek ellen\u00e9re nagyon j\u00f3l \u00e1tv\u00e9szelte a nemzetk\u00f6zi elad\u00e1si hull\u00e1mot &#8211; tette hozz\u00e1. Kiemelte, hogy a Mol eg\u00e9sz nap er\u0151s volt, de a nap v\u00e9g\u00e9re kicsit elf\u00e1radt, a Magyar Telekom pedig a cs\u00fct\u00f6rt\u00f6ki visszav\u00e1s\u00e1rl\u00e1si aukci\u00f3 el\u0151tt teljesen stabil. A k\u00f6r\u00fclm\u00e9nyek \u00e9s a nemzetk\u00f6zi piaci hangulat f\u00e9ny\u00e9ben kifejezetten er\u0151s volt a magyar r\u00e9szv\u00e9nypiac &#8211; mondta.<br \/>\n    Szerd\u00e1n cs\u00f6kken\u00e9ssel nyitottak az ir\u00e1nyad\u00f3 New York-i t\u0151zsdeindexek, egy nappal azut\u00e1n, hogy a Nasdaq-piac \u00f6sszetett mutat\u00f3ja \u00fajabb t\u00f6rt\u00e9nelmi cs\u00facsot d\u00f6nt\u00f6tt z\u00e1r\u00e1sban. A befektet\u0151ket a koronav\u00edrusos fert\u0151z\u00f6ttek sz\u00e1m\u00e1nak emelked\u00e9se aggasztja. Anthony Fauci, az orsz\u00e1gos allergia- \u00e9s fert\u0151z\u0151betegs\u00e9g-kutat\u00f3 int\u00e9zet igazgat\u00f3ja, a j\u00e1rv\u00e1ny elleni v\u00e9dekez\u00e9s de facto ir\u00e1ny\u00edt\u00f3ja kijelentette, hogy a k\u00f6vetkez\u0151 k\u00e9t h\u00e9t sorsd\u00f6nt\u0151 lesz a j\u00e1rv\u00e1ny f\u00e9ken tart\u00e1s\u00e1ban.<br \/>\n<div class=\"ads-in-post1\"><div id=\"gazdasagportal.hu_fullbanner_wideboard\"><\/div>\r\n<\/div>\n    A nagy nyugat-eur\u00f3pai t\u0151zsd\u00e9ken is bor\u00fas volt a hangulat, szerda d\u00e9lut\u00e1n f\u00e9l n\u00e9gykor a londoni FTSE-100 index 1,95 sz\u00e1zal\u00e9kos, a frankfurti DAX-30 index 1,84 sz\u00e1zal\u00e9kos, a p\u00e1rizsi CAC-40 1,60 sz\u00e1zal\u00e9kos, az eur\u00f3\u00f6vezeti v\u00e1llalatok gy\u0171jt\u0151indexei k\u00f6z\u00fcl pedig az EuroStoxx50 1,61 sz\u00e1zal\u00e9kos m\u00ednuszban \u00e1llt.<br \/>\n    A Magyar Telekom Nyrt. legfeljebb 5,2 milli\u00e1rd forint \u00f6ssz\u00e9rt\u00e9kben tervez r\u00e9szv\u00e9nyeket visszav\u00e1s\u00e1rolni a r\u00e9szv\u00e9nyesek javadalmaz\u00e1sa c\u00e9lj\u00e1b\u00f3l, a tranzakci\u00f3ra j\u00fanius 25-\u00e9n ker\u00fcl sor. A t\u00e1rsas\u00e1g r\u00e9szv\u00e9nyeinek t\u0151zsdei keresked\u00e9s\u00e9t a j\u00fanius 25-i t\u0151zsdenapon 10 \u00f3r\u00e1t\u00f3l a t\u0151zsdenap v\u00e9g\u00e9ig felf\u00fcggesztik.<br \/>\n<div class=\"ads-in-post2\"><script async src=\"https:\/\/pagead2.googlesyndication.com\/pagead\/js\/adsbygoogle.js\"><\/script>\r\n<ins class=\"adsbygoogle\"\r\n     style=\"display:block\"\r\n     data-ad-format=\"fluid\"\r\n     data-ad-layout-key=\"-6t+ed+2i-1n-4w\"\r\n     data-ad-client=\"ca-pub-1959107119989764\"\r\n     data-ad-slot=\"4008251320\"><\/ins>\r\n<script>\r\n     (adsbygoogle = window.adsbygoogle || []).push({});\r\n<\/script><\/div>\n    A Mol \u00e1rfolyama 21 forinttal, 1,09 sz\u00e1zal\u00e9kkal 1912 forintra cs\u00f6kkent, 1,8 milli\u00e1rd forintos forgalomban.<br \/>\n    Az OTP-r\u00e9szv\u00e9nyek \u00e1ra 130 forinttal, 1,11 sz\u00e1zal\u00e9kkal 11 620 forintra esett, forgalmuk 6,2 milli\u00e1rd forintot tett ki.<br \/>\n    A Magyar Telekom 0,50 forinttal, 0,13 sz\u00e1zal\u00e9kkal 394 forintra er\u0151s\u00f6d\u00f6tt, forgalma 304,1 milli\u00f3 forint volt.<br \/>\n    A Richter-pap\u00edrok 70 forinttal, 1,03 sz\u00e1zal\u00e9kkal 6750 forintra gyeng\u00fcltek, forgalmuk 978,5 milli\u00f3 forintot \u00e9rt el.<br \/>\n    A kis- \u00e9s k\u00f6zepes r\u00e9szv\u00e9nyek indexe, a BUMIX 3470,55 ponton z\u00e1rt szerd\u00e1n, ez 64,94 pontos, 1,84 sz\u00e1zal\u00e9kos cs\u00f6kken\u00e9s a keddi z\u00e1r\u00e1shoz viszony\u00edtva.(MTI)<br \/>\n<div class=\"ads-in-post1\"><div id=\"gazdasagportal.hu_fullbanner_wideboard\"><\/div>\r\n<\/div>\n","protected":false},"excerpt":{"rendered":"<p>A Budapesti \u00c9rt\u00e9kt\u0151zsde r\u00e9szv\u00e9nyindexe, a BUX 396,37 pontos, 1,05 sz\u00e1zal\u00e9kos cs\u00f6kken\u00e9ssel, 37 199,46 ponton z\u00e1rt szerd\u00e1n.<\/p>\n","protected":false},"author":1001006,"featured_media":0,"comment_status":"closed","ping_status":"open","sticky":false,"template":"","format":"standard","meta":[],"categories":[7],"tags":[],"_links":{"self":[{"href":"https:\/\/gazdasagportal.hu\/index.php\/wp-json\/wp\/v2\/posts\/127471"}],"collection":[{"href":"https:\/\/gazdasagportal.hu\/index.php\/wp-json\/wp\/v2\/posts"}],"about":[{"href":"https:\/\/gazdasagportal.hu\/index.php\/wp-json\/wp\/v2\/types\/post"}],"author":[{"embeddable":true,"href":"https:\/\/gazdasagportal.hu\/index.php\/wp-json\/wp\/v2\/users\/1001006"}],"replies":[{"embeddable":true,"href":"https:\/\/gazdasagportal.hu\/index.php\/wp-json\/wp\/v2\/comments?post=127471"}],"version-history":[{"count":1,"href":"https:\/\/gazdasagportal.hu\/index.php\/wp-json\/wp\/v2\/posts\/127471\/revisions"}],"predecessor-version":[{"id":127472,"href":"https:\/\/gazdasagportal.hu\/index.php\/wp-json\/wp\/v2\/posts\/127471\/revisions\/127472"}],"wp:attachment":[{"href":"https:\/\/gazdasagportal.hu\/index.php\/wp-json\/wp\/v2\/media?parent=127471"}],"wp:term":[{"taxonomy":"category","embeddable":true,"href":"https:\/\/gazdasagportal.hu\/index.php\/wp-json\/wp\/v2\/categories?post=127471"},{"taxonomy":"post_tag","embeddable":true,"href":"https:\/\/gazdasagportal.hu\/index.php\/wp-json\/wp\/v2\/tags?post=127471"}],"curies":[{"name":"wp","href":"https:\/\/api.w.org\/{rel}","templated":true}]}}