{"id":12747,"date":"2013-07-31T10:15:42","date_gmt":"2013-07-31T08:15:42","guid":{"rendered":"http:\/\/stockportal.hu\/?p=12747"},"modified":"2013-07-31T10:16:44","modified_gmt":"2013-07-31T08:16:44","slug":"trafik-a-dohanyosok-csaknem-negyede-valtoztat-szokasain-a-trafiktorveny-miatt","status":"publish","type":"post","link":"https:\/\/gazdasagportal.hu\/index.php\/trafik-a-dohanyosok-csaknem-negyede-valtoztat-szokasain-a-trafiktorveny-miatt\/","title":{"rendered":"Trafik &#8211; A doh\u00e1nyosok csaknem negyede v\u00e1ltoztat szok\u00e1sain a trafikt\u00f6rv\u00e9ny miatt"},"content":{"rendered":"<p><strong>A doh\u00e1nyosok 13 sz\u00e1zal\u00e9ka gondolja \u00fagy, hogy hat\u00e1ssal, 11 sz\u00e1zal\u00e9ka pedig azt, hogy jelent\u0151s hat\u00e1ssal lesz r\u00e1 a trafikt\u00f6rv\u00e9ny. Ugyanakkor 38 sz\u00e1zal\u00e9k v\u00e1laszolta azt, hogy egy\u00e1ltal\u00e1n nem, 21 sz\u00e1zal\u00e9k pedig azt, hogy ink\u00e1bb nem lesz r\u00e1 hat\u00e1ssal a jogszab\u00e1ly &#8211; der\u00fcl ki a Szinapszis Kft. kutat\u00e1s\u00e1b\u00f3l.<!--more--><\/strong><\/p>\n<p>A WEBBeteg.hu eg\u00e9szs\u00e9gport\u00e1l megb\u00edz\u00e1s\u00e1b\u00f3l v\u00e9gzett, az MTI-nek kedden eljuttatott felm\u00e9r\u00e9s \u00f6sszegz\u00e9se szerint a nemek tekintet\u00e9ben nincs k\u00fcl\u00f6nbs\u00e9g, m\u00edg \u00e9letkor szerint vizsg\u00e1lva f\u0151k\u00e9nt a fiatalabbak \u00e9rzik \u00fagy, hogy a j\u00f6v\u0151ben megv\u00e1ltoznak doh\u00e1nyz\u00e1si szok\u00e1saik.<br \/>\nA doh\u00e1nyosok 13 sz\u00e1zal\u00e9ka gondolja, hogy a trafikt\u00f6rv\u00e9ny hat\u00e1s\u00e1ra ritk\u00e1bban v\u00e1s\u00e1rol majd cigarett\u00e1t, \u00edgy kevesebb cigit fog sz\u00edvni. Mintegy 5 sz\u00e1zal\u00e9kuk viszont \u00fagy l\u00e1tja, hogy v\u00e1rhat\u00f3an kevesebbszer j\u00e1r majd a kijel\u00f6lt \u00e9rt\u00e9kes\u00edt\u00e9si helyeken, de akkor egyszerre nagyobb mennyis\u00e9get szerez be, vagyis \u00f6sszess\u00e9g\u00e9ben az \u00e1ltala elsz\u00edvott cigaretta mennyis\u00e9ge nem cs\u00f6kken. Azt 4 sz\u00e1zal\u00e9k v\u00e1laszolta, hogy a korl\u00e1toz\u00e1sok miatt t\u00f6lt\u0151s, illetve sodr\u00f3s cigarett\u00e1ra t\u00e9r \u00e1t.<br \/>\nAz id\u00e9n m\u00e1jusban v\u00e9gzett felm\u00e9r\u00e9s alapj\u00e1n a doh\u00e1nyosok egy h\u00f3napban \u00e1tlagosan 17 800 forintot k\u00f6ltenek cigarett\u00e1ra, 60 sz\u00e1zal\u00e9kuk legal\u00e1bb 10 ezer forintot \u00e1ldoz k\u00e1ros szenved\u00e9ly\u00e9re. Az aktu\u00e1lisan becs\u00fclt \u00f6sszeg csaknem k\u00e9tezer forinttal magasabb, mint a 2011-ben m\u00e9rt.<br \/>\nA megk\u00e9rdezettek 35 sz\u00e1zal\u00e9ka kiss\u00e9, 28 sz\u00e1zal\u00e9kuk pedig jelent\u0151sen t\u00f6bbet k\u00f6lt cigarett\u00e1ra, mint egy-k\u00e9t \u00e9vvel kor\u00e1bban, \u00e9s szinte kiv\u00e9tel n\u00e9lk\u00fcl mindegyik\u00fckn\u00e9l a doh\u00e1ny\u00e1ruk dr\u00e1gul\u00e1sa okozta a terhek n\u00f6veked\u00e9s\u00e9t.<br \/>\nA doh\u00e1nyosok 16 sz\u00e1zal\u00e9ka eset\u00e9ben nem v\u00e1ltozott a kiad\u00e1s, m\u00edg csaknem 20 sz\u00e1zal\u00e9k kevesebbet k\u00f6lt. A kiad\u00e1st m\u00e9rs\u00e9kl\u0151k fele az elsz\u00edvott mennyis\u00e9g cs\u00f6kkent\u00e9s\u00e9vel \u00e9rte ezt el, m\u00edg egyharmaduk a dobozosr\u00f3l a t\u00f6lt\u0151s vagy sodr\u00f3s cigire v\u00e1ltott.<br \/>\nA v\u00e1laszad\u00f3k k\u00f6r\u00fclbel\u00fcl fel\u00e9nek megterhel\u0151 a havonta kifizetett \u00f6sszeg, f\u0151k\u00e9nt az alacsonyabb j\u00f6vedelm\u0171eknek.<br \/>\nA cigarett\u00e1z\u00e1ssal j\u00e1r\u00f3 magas kiad\u00e1sok, illetve a szigor\u00edt\u00e1s hat\u00e1s\u00e1ra emelkedhet a lakoss\u00e1g k\u00f6r\u00e9ben a leszok\u00e1si kedv &#8211; \u00e1llap\u00edtotta meg a Szinapszis.<br \/>\nA kutat\u00e1st online k\u00e9rd\u0151\u00edves m\u00f3dszerrel v\u00e9gezt\u00e9k ez \u00e9v m\u00e1jus\u00e1ban, \u00f6sszesen 677 doh\u00e1nyos r\u00e9szv\u00e9tel\u00e9vel. A v\u00e1laszad\u00f3k 46 sz\u00e1zal\u00e9ka f\u00e9rfi, 54 sz\u00e1zal\u00e9ka n\u0151 volt, \u00e9letkor alapj\u00e1n 43 sz\u00e1zal\u00e9kuk legfeljebb 35 \u00e9ves, 30 sz\u00e1zal\u00e9kuk 36-55 \u00e9v k\u00f6z\u00f6tti, m\u00edg 23 sz\u00e1zal\u00e9kuk enn\u00e9l id\u0151sebb. A minta \u00f6sszet\u00e9tele r\u00e9gi\u00f3, telep\u00fcl\u00e9st\u00edpus alapj\u00e1n vegyes, v\u00e9gzetts\u00e9g alapj\u00e1n a megk\u00e9rdezettek d\u00f6nt\u0151en legal\u00e1bb k\u00f6z\u00e9pfok\u00fa v\u00e9gzetts\u00e9ggel rendelkeznek, j\u00f6vedelm\u00fck \u00e1tlagos.(MTI)<\/p>\n","protected":false},"excerpt":{"rendered":"<p>A doh\u00e1nyosok 13 sz\u00e1zal\u00e9ka gondolja \u00fagy, hogy hat\u00e1ssal, 11 sz\u00e1zal\u00e9ka pedig azt, hogy jelent\u0151s hat\u00e1ssal lesz r\u00e1 a trafikt\u00f6rv\u00e9ny. Ugyanakkor 38 sz\u00e1zal\u00e9k v\u00e1laszolta azt, hogy egy\u00e1ltal\u00e1n nem, 21 sz\u00e1zal\u00e9k pedig azt, hogy ink\u00e1bb nem lesz r\u00e1 hat\u00e1ssal a jogszab\u00e1ly &#8211; der\u00fcl ki a Szinapszis Kft. kutat\u00e1s\u00e1b\u00f3l.<\/p>\n","protected":false},"author":1,"featured_media":0,"comment_status":"open","ping_status":"closed","sticky":false,"template":"","format":"standard","meta":[],"categories":[19,48],"tags":[],"_links":{"self":[{"href":"https:\/\/gazdasagportal.hu\/index.php\/wp-json\/wp\/v2\/posts\/12747"}],"collection":[{"href":"https:\/\/gazdasagportal.hu\/index.php\/wp-json\/wp\/v2\/posts"}],"about":[{"href":"https:\/\/gazdasagportal.hu\/index.php\/wp-json\/wp\/v2\/types\/post"}],"author":[{"embeddable":true,"href":"https:\/\/gazdasagportal.hu\/index.php\/wp-json\/wp\/v2\/users\/1"}],"replies":[{"embeddable":true,"href":"https:\/\/gazdasagportal.hu\/index.php\/wp-json\/wp\/v2\/comments?post=12747"}],"version-history":[{"count":2,"href":"https:\/\/gazdasagportal.hu\/index.php\/wp-json\/wp\/v2\/posts\/12747\/revisions"}],"predecessor-version":[{"id":12772,"href":"https:\/\/gazdasagportal.hu\/index.php\/wp-json\/wp\/v2\/posts\/12747\/revisions\/12772"}],"wp:attachment":[{"href":"https:\/\/gazdasagportal.hu\/index.php\/wp-json\/wp\/v2\/media?parent=12747"}],"wp:term":[{"taxonomy":"category","embeddable":true,"href":"https:\/\/gazdasagportal.hu\/index.php\/wp-json\/wp\/v2\/categories?post=12747"},{"taxonomy":"post_tag","embeddable":true,"href":"https:\/\/gazdasagportal.hu\/index.php\/wp-json\/wp\/v2\/tags?post=12747"}],"curies":[{"name":"wp","href":"https:\/\/api.w.org\/{rel}","templated":true}]}}