{"id":127463,"date":"2020-06-24T15:04:28","date_gmt":"2020-06-24T13:04:28","guid":{"rendered":"http:\/\/gazdasagportal.hu\/?p=127463"},"modified":"2020-06-24T15:04:28","modified_gmt":"2020-06-24T13:04:28","slug":"tovabb-rontotta-vilaggazdasagi-novekedesi-elorejelzeset-az-imf","status":"publish","type":"post","link":"https:\/\/gazdasagportal.hu\/index.php\/tovabb-rontotta-vilaggazdasagi-novekedesi-elorejelzeset-az-imf\/","title":{"rendered":"Tov\u00e1bb rontotta vil\u00e1ggazdas\u00e1gi n\u00f6veked\u00e9si el\u0151rejelz\u00e9s\u00e9t az IMF"},"content":{"rendered":"<p><strong>A koronav\u00edrus-j\u00e1rv\u00e1ny kor\u00e1bban becs\u00fcltn\u00e9l nagyobb negat\u00edv hat\u00e1sa miatt rontott idei vil\u00e1ggazdas\u00e1gi progn\u00f3zis\u00e1n a Nemzetk\u00f6zi Valutaalap (IMF) szerd\u00e1n kiadott fel\u00fclvizsg\u00e1lt jelent\u00e9s\u00e9ben.<\/strong><!--more--><\/p>\n<div class=\"ads-in-post1\"><div id=\"gazdasagportal.hu_fullbanner_wideboard\"><\/div>\r\n<\/div>\n<p>    A vil\u00e1ggazdas\u00e1gi n\u00f6veked\u00e9s a 2019-es 2,9 sz\u00e1zal\u00e9kb\u00f3l az id\u00e9n 4,9 sz\u00e1zal\u00e9kos GDP-cs\u00f6kken\u00e9sbe fordul az IMF szerint, majd j\u00f6v\u0151re ism\u00e9t n\u00f6veked\u00e9sbe v\u00e1lt \u00e1t, melynek m\u00e9rt\u00e9ke 5,4 sz\u00e1zal\u00e9kos lesz.<br \/>\n    Az IMF az \u00e1prilisban kiadott World Economic Outlook (WEO) progn\u00f3zis\u00e1t \u00edgy az idei \u00e9vre vonatkoz\u00f3an 1,9 sz\u00e1zal\u00e9kponttal m\u00f3dos\u00edtotta lefel\u00e9, a 2021-est pedig 0,4 sz\u00e1zal\u00e9kponttal korrig\u00e1lta szint\u00e9n lejjebb.<br \/>\n    Az indokl\u00e1s szerint a koronav\u00edrus-j\u00e1rv\u00e1ny az idei els\u0151 f\u00e9l \u00e9vben a kor\u00e1bban becs\u00fcltn\u00e9l j\u00f3val nagyobb csap\u00e1st m\u00e9rt t\u00e9nylegesen a vil\u00e1ggazdas\u00e1gi aktivit\u00e1sra \u00e9s ennek elh\u00faz\u00f3d\u00f3 hat\u00e1sa a talpra\u00e1ll\u00e1s \u00fctem\u00e9t is vontatottabb\u00e1 teszi majd.<br \/>\n<div class=\"ads-in-post2\"><script async src=\"https:\/\/pagead2.googlesyndication.com\/pagead\/js\/adsbygoogle.js\"><\/script>\r\n<ins class=\"adsbygoogle\"\r\n     style=\"display:block\"\r\n     data-ad-format=\"fluid\"\r\n     data-ad-layout-key=\"-6t+ed+2i-1n-4w\"\r\n     data-ad-client=\"ca-pub-1959107119989764\"\r\n     data-ad-slot=\"4008251320\"><\/ins>\r\n<script>\r\n     (adsbygoogle = window.adsbygoogle || []).push({});\r\n<\/script><\/div>\n    Janu\u00e1rban, m\u00e9g miel\u0151tt ismertt\u00e9 v\u00e1lt volna, illetve felbecs\u00fclhet\u0151 lett volna a j\u00e1rv\u00e1nyv\u00e9delmi korl\u00e1toz\u00e1sok gazdas\u00e1gi aktivit\u00e1st f\u00e9kez\u0151 hat\u00e1sa, az IMF 3,3 sz\u00e1zal\u00e9kos idei \u00e9s 3,4 sz\u00e1zal\u00e9kos j\u00f6v\u0151 \u00e9vi GDP-n\u00f6veked\u00e9st jelzett el\u0151re. A 2021 v\u00e9g\u00e9re a glob\u00e1lisan megtermelt brutt\u00f3 hazai term\u00e9k a mostani progn\u00f3zis alapj\u00e1n el\u00e9ri ugyan a kr\u00edzis el\u0151tti szintet, de nagyj\u00e1b\u00f3l 6,5 sz\u00e1zal\u00e9kponttal marad majd el a m\u00e9g janu\u00e1rban jelzett\u0151l.<br \/>\n    A fejlett orsz\u00e1gokban 8,0 sz\u00e1zal\u00e9kos gazdas\u00e1gi visszaes\u00e9sre lehet sz\u00e1m\u00edtani az id\u00e9n az IMF szerint, az \u00e1prilisi progn\u00f3zishoz k\u00e9pest 1,9 sz\u00e1zal\u00e9kponttal alacsonyabbra. A j\u00f6v\u0151 \u00e9vi n\u00f6veked\u00e9s pedig 4,8 sz\u00e1zal\u00e9kos lesz, 0,4 sz\u00e1zal\u00e9kponttal magasabb az el\u0151z\u0151 el\u0151rejelz\u00e9sn\u00e9l.<br \/>\n    Az Egyes\u00fclt \u00c1llamok szint\u00e9n 8,0 sz\u00e1zal\u00e9kos GDP-cs\u00f6kken\u00e9sre sz\u00e1m\u00edthat az id\u00e9n, 2,1 sz\u00e1zal\u00e9kponttal nagyobb m\u00e9rt\u00e9k\u0171 cs\u00f6kken\u00e9sre az el\u0151z\u0151 progn\u00f3zisban jelzettn\u00e9l. A j\u00f6v\u0151 \u00e9vi n\u00f6veked\u00e9si el\u0151rejelz\u00e9st 0,2 sz\u00e1zal\u00e9kponttal kisebb\u00edtette az IMF 4,5 sz\u00e1zal\u00e9kra.<br \/>\n<div class=\"ads-in-post1\"><div id=\"gazdasagportal.hu_fullbanner_wideboard\"><\/div>\r\n<\/div>\n    Az eur\u00f3\u00f6vezetben 10,2 sz\u00e1zal\u00e9kos GDP-cs\u00f6kken\u00e9st v\u00e1r az id\u00e9n az IMF, 2,7 sz\u00e1zal\u00e9kponttal nagyobb m\u00e9rt\u00e9k\u0171t az \u00e1prilisban jelzettn\u00e9l. J\u00f6v\u0151re azonban 1,3 sz\u00e1zal\u00e9kponttal nagyobb, 6,0 sz\u00e1zal\u00e9kos m\u00e9rt\u00e9kben n\u00f6vekedhet az eur\u00f3\u00f6vezeti gazdas\u00e1g.<br \/>\n    N\u00e9metorsz\u00e1gban az idei 7,8 sz\u00e1zal\u00e9kos visszaes\u00e9s ut\u00e1n j\u00f6v\u0151re 5,4 sz\u00e1zal\u00e9kos n\u00f6veked\u00e9s k\u00f6vetkezhet be. Az idei visszaes\u00e9s m\u00e9rt\u00e9ke 0,8 sz\u00e1zal\u00e9kkal nagyobb az \u00e1prilisban jelzettn\u00e9l, a j\u00f6v\u0151 \u00e9vi n\u00f6veked\u00e9s pedig 0,2 sz\u00e1zal\u00e9kponttal emelkedett.<br \/>\n    Nagyot rontott az IMF az olasz, a francia \u00e9s a spanyol gazdas\u00e1gok kil\u00e1t\u00e1sain. Az idei recesszi\u00f3ra tett el\u0151rejelz\u00e9s\u00e9t Franciaorsz\u00e1g eset\u00e9ben 5,3 sz\u00e1zal\u00e9kponttal, az olaszt 3,7 sz\u00e1zal\u00e9kponttal, a spanyolt 4,8 sz\u00e1zal\u00e9kponttal rontotta tov\u00e1bb. Az olasz \u00e9s a spanyol gazdas\u00e1g az id\u00e9n 12,8 sz\u00e1zal\u00e9kkal cs\u00f6kken, a francia pedig 12,5 sz\u00e1zal\u00e9kkal. J\u00f6v\u0151re az olasz \u00e9s a spanyol gazdas\u00e1g 6,3 sz\u00e1zal\u00e9kkal, a francia pedig 7,3 sz\u00e1zal\u00e9kkal n\u00f6vekszik. A j\u00f6v\u0151 \u00e9vi olasz el\u0151rejelz\u00e9st 1,5 sz\u00e1zal\u00e9kponttal, a spanyolt 2,0 sz\u00e1zal\u00e9kponttal, a franci\u00e1t 2,8 sz\u00e1zal\u00e9kponttal m\u00f3dos\u00edtotta felfel\u00e9 az IMF.<br \/>\n<div class=\"ads-in-post1\"><div id=\"gazdasagportal.hu_fullbanner_wideboard\"><\/div>\r\n<\/div>\n    A fejl\u0151d\u0151 \u00e9s felt\u00f6rekv\u0151 r\u00e9gi\u00f3k gazdas\u00e1ga az id\u00e9n a fejlettekn\u00e9l kisebb m\u00e9rt\u00e9kben gyeng\u00fcl, j\u00f6v\u0151re viszont nagyobb m\u00e9rt\u00e9kben n\u00f6vekszik majd. Az idei cs\u00f6kken\u00e9s 3,0 sz\u00e1zal\u00e9kos, a j\u00f6v\u0151 \u00e9vi n\u00f6veked\u00e9s 5,9 sz\u00e1zal\u00e9kos lehet. Az idei progn\u00f3zist 2,0 sz\u00e1zal\u00e9kponttal lefel\u00e9, a j\u00f6v\u0151 \u00e9vit 0,7 sz\u00e1zal\u00e9kponttal lefel\u00e9 korrig\u00e1lta az IMF.<br \/>\n    K\u00edna 1,0 sz\u00e1zal\u00e9kos GDP-n\u00f6veked\u00e9st \u00e9r el az id\u00e9n, 0,2 sz\u00e1zal\u00e9kponttal gyeng\u00e9bbet az \u00e1prilisban jelzettn\u00e9l, j\u00f6v\u0151re pedig 1,0 sz\u00e1zal\u00e9kponttal gyeng\u00e9bb, 8,2 sz\u00e1zal\u00e9kos n\u00f6veked\u00e9st.<br \/>\n    Az IMF India eset\u00e9ben m\u00f3dos\u00edtotta a legnagyobb m\u00e9rt\u00e9kben \u00e1prilisi el\u0151rejelz\u00e9s\u00e9t. Az indiai gazdas\u00e1g az id\u00e9n 4,5 sz\u00e1zal\u00e9kkal zsugorodik majd, ami az \u00e1prilisi progn\u00f3zis 6,4 sz\u00e1zal\u00e9kpontos negat\u00edv m\u00f3dos\u00edt\u00e1s\u00e1t jelenti. A j\u00f6v\u0151 \u00e9vi n\u00f6veked\u00e9s pedig 1,4 sz\u00e1zal\u00e9kponttal marad el az el\u0151z\u0151leg jelzett\u0151l, \u00edgy 6,0 sz\u00e1zal\u00e9kos lesz.<br \/>\n<div class=\"ads-in-post2\"><script async src=\"https:\/\/pagead2.googlesyndication.com\/pagead\/js\/adsbygoogle.js\"><\/script>\r\n<ins class=\"adsbygoogle\"\r\n     style=\"display:block\"\r\n     data-ad-format=\"fluid\"\r\n     data-ad-layout-key=\"-6t+ed+2i-1n-4w\"\r\n     data-ad-client=\"ca-pub-1959107119989764\"\r\n     data-ad-slot=\"4008251320\"><\/ins>\r\n<script>\r\n     (adsbygoogle = window.adsbygoogle || []).push({});\r\n<\/script><\/div>\n    A vil\u00e1gkereskedelmi forgalom az id\u00e9n 11,9 sz\u00e1zal\u00e9kkal cs\u00f6kken, ezen bel\u00fcl a fejlett orsz\u00e1gok eset\u00e9ben 13,4 sz\u00e1zal\u00e9kkal, a fejl\u0151d\u0151 t\u00e9rs\u00e9gekben 9,4 sz\u00e1zal\u00e9kkal. J\u00f6v\u0151re a vil\u00e1gkereskedelmi forgalom 8,0 sz\u00e1zal\u00e9kkal n\u00f6vekszik, a fejlett t\u00e9rs\u00e9gekben 7,2 sz\u00e1zal\u00e9kkal, a fejl\u0151d\u0151 r\u00e9gi\u00f3kban 9,4 sz\u00e1zal\u00e9kkal. Az idei vil\u00e1gkereskedelmi forgalmat 0,9 sz\u00e1zal\u00e9kponttal m\u00f3dos\u00edtotta lefel\u00e9 az IMF, a j\u00f6v\u0151 \u00e9vit pedig 0,4 sz\u00e1zal\u00e9kponttal, szint\u00e9n lefel\u00e9.<br \/>\n    Az IMF az olaj\u00e1rv\u00e1ltoz\u00e1si-el\u0151rejelz\u00e9s\u00e9t 0,9 sz\u00e1zal\u00e9kponttal m\u00f3dos\u00edtotta felfel\u00e9 az idei \u00e9vre \u00e9s 2,5 sz\u00e1zal\u00e9kponttal felfel\u00e9 2021-re. Eszerint az id\u00e9n az olaj\u00e1r 41,1 sz\u00e1zal\u00e9kkal cs\u00f6kken a tavalyihoz k\u00e9pest, j\u00f6v\u0151re pedig 3,8 sz\u00e1zal\u00e9kkal emelkedik. A Brent, a Dubai Fateh \u00e9s a WTI egyszer\u0171 sz\u00e1mtani \u00e1tlag\u00e1ra \u00edgy a 2019-es 61,39 doll\u00e1r ut\u00e1n az id\u00e9n hord\u00f3nk\u00e9nt 36,18 doll\u00e1r, j\u00f6v\u0151re pedig 37,54 doll\u00e1r lesz.(MTI)<br \/>\n<div class=\"ads-in-post1\"><div id=\"gazdasagportal.hu_fullbanner_wideboard\"><\/div>\r\n<\/div>\n","protected":false},"excerpt":{"rendered":"<p>A koronav\u00edrus-j\u00e1rv\u00e1ny kor\u00e1bban becs\u00fcltn\u00e9l nagyobb negat\u00edv hat\u00e1sa miatt rontott idei vil\u00e1ggazdas\u00e1gi progn\u00f3zis\u00e1n a Nemzetk\u00f6zi Valutaalap (IMF) szerd\u00e1n kiadott fel\u00fclvizsg\u00e1lt jelent\u00e9s\u00e9ben.<\/p>\n","protected":false},"author":1001006,"featured_media":1750,"comment_status":"closed","ping_status":"open","sticky":false,"template":"","format":"standard","meta":[],"categories":[146,246],"tags":[],"_links":{"self":[{"href":"https:\/\/gazdasagportal.hu\/index.php\/wp-json\/wp\/v2\/posts\/127463"}],"collection":[{"href":"https:\/\/gazdasagportal.hu\/index.php\/wp-json\/wp\/v2\/posts"}],"about":[{"href":"https:\/\/gazdasagportal.hu\/index.php\/wp-json\/wp\/v2\/types\/post"}],"author":[{"embeddable":true,"href":"https:\/\/gazdasagportal.hu\/index.php\/wp-json\/wp\/v2\/users\/1001006"}],"replies":[{"embeddable":true,"href":"https:\/\/gazdasagportal.hu\/index.php\/wp-json\/wp\/v2\/comments?post=127463"}],"version-history":[{"count":1,"href":"https:\/\/gazdasagportal.hu\/index.php\/wp-json\/wp\/v2\/posts\/127463\/revisions"}],"predecessor-version":[{"id":127464,"href":"https:\/\/gazdasagportal.hu\/index.php\/wp-json\/wp\/v2\/posts\/127463\/revisions\/127464"}],"wp:featuredmedia":[{"embeddable":true,"href":"https:\/\/gazdasagportal.hu\/index.php\/wp-json\/wp\/v2\/media\/1750"}],"wp:attachment":[{"href":"https:\/\/gazdasagportal.hu\/index.php\/wp-json\/wp\/v2\/media?parent=127463"}],"wp:term":[{"taxonomy":"category","embeddable":true,"href":"https:\/\/gazdasagportal.hu\/index.php\/wp-json\/wp\/v2\/categories?post=127463"},{"taxonomy":"post_tag","embeddable":true,"href":"https:\/\/gazdasagportal.hu\/index.php\/wp-json\/wp\/v2\/tags?post=127463"}],"curies":[{"name":"wp","href":"https:\/\/api.w.org\/{rel}","templated":true}]}}