{"id":127262,"date":"2020-06-16T17:59:49","date_gmt":"2020-06-16T15:59:49","guid":{"rendered":"http:\/\/gazdasagportal.hu\/?p=127262"},"modified":"2020-06-16T17:12:04","modified_gmt":"2020-06-16T15:12:04","slug":"nav-a-diakoknak-a-munkavallalashoz-adoazonosito-jelet-kell-igenyelniuk","status":"publish","type":"post","link":"https:\/\/gazdasagportal.hu\/index.php\/nav-a-diakoknak-a-munkavallalashoz-adoazonosito-jelet-kell-igenyelniuk\/","title":{"rendered":"NAV: a di\u00e1koknak a munkav\u00e1llal\u00e1shoz ad\u00f3azonos\u00edt\u00f3 jelet kell ig\u00e9nyelni\u00fck"},"content":{"rendered":"<p><strong>A munkav\u00e1llal\u00e1shoz ad\u00f3azonos\u00edt\u00f3 jelre van sz\u00fcks\u00e9g, ez\u00e9rt ha a di\u00e1k m\u00e9g nem rendelkezik vele vagy elvesztette az ad\u00f3k\u00e1rty\u00e1j\u00e1t, akkor azt a Nemzeti Ad\u00f3- \u00e9s V\u00e1mhivataln\u00e1l (NAV) tudja ig\u00e9nyelni a 20T34-es nyomtatv\u00e1nyon &#8211; h\u00edvta fel a figyelmet az ad\u00f3hivatal kedden.<\/strong><!--more--><\/p>\n<div class=\"ads-in-post1\"><div id=\"gazdasagportal.hu_fullbanner_wideboard\"><\/div>\r\n<\/div>\n<p>    Az MTI-nek k\u00fcld\u00f6tt k\u00f6zlem\u00e9ny szerint a dokumentumot a legegyszer\u0171bben az Online Nyomtatv\u00e1nykit\u00f6lt\u0151 Alkalmaz\u00e1ssal (ONYA) t\u00f6lthetik ki \u00e9s k\u00fcldhetik be az \u00e9rintettek a NAV-hoz elektronikusan, ak\u00e1r okoseszk\u00f6zr\u0151l is.<br \/>\n    Kiemelt\u00e9k, a di\u00e1kmunk\u00e1val szerzett j\u00f6vedelem is ad\u00f3k\u00f6teles. A szem\u00e9lyi j\u00f6vedelemad\u00f3 m\u00e9rt\u00e9ke 15 sz\u00e1zal\u00e9k, amit a munkaad\u00f3 ad\u00f3el\u0151legk\u00e9nt von le a di\u00e1k brutt\u00f3 j\u00f6vedelm\u00e9b\u0151l. Ha munkaviszonyban, vagy biztos\u00edt\u00e1st eredm\u00e9nyez\u0151 megb\u00edz\u00e1si jogviszonyban dolgozik a tanul\u00f3, akkor egy\u00e9ni j\u00e1rul\u00e9kot is kell fizetnie, amelyet szint\u00e9n a munk\u00e1ltat\u00f3 von le. A foglalkoztat\u00f3nak az ad\u00f3\u00e9vi \u00f6sszes j\u00f6vedelemr\u0151l \u00e9s a levont k\u00f6zterhekr\u0151l igazol\u00e1st kell ki\u00e1ll\u00edtania 2021. janu\u00e1r 31-ig, amire a di\u00e1knak j\u00f6v\u0151re sz\u00fcks\u00e9ge lesz a NAV \u00e1ltal k\u00e9sz\u00edtett szem\u00e9lyij\u00f6vedelemad\u00f3-bevall\u00e1si tervezet ellen\u0151rz\u00e9s\u00e9hez.<br \/>\n<div class=\"ads-in-post2\"><script async src=\"https:\/\/pagead2.googlesyndication.com\/pagead\/js\/adsbygoogle.js\"><\/script>\r\n<ins class=\"adsbygoogle\"\r\n     style=\"display:block\"\r\n     data-ad-format=\"fluid\"\r\n     data-ad-layout-key=\"-6t+ed+2i-1n-4w\"\r\n     data-ad-client=\"ca-pub-1959107119989764\"\r\n     data-ad-slot=\"4008251320\"><\/ins>\r\n<script>\r\n     (adsbygoogle = window.adsbygoogle || []).push({});\r\n<\/script><\/div>\n    Munkaviszony l\u00e9tes\u00edt\u00e9s\u00e9n\u00e9l ragaszkodni kell az \u00edr\u00e1sban megk\u00f6t\u00f6tt &#8211; alapb\u00e9rt, munkak\u00f6rt, munkaviszony id\u0151tartam\u00e1t, jelleg\u00e9t \u00e9s a munkav\u00e9gz\u00e9s hely\u00e9t tartalmaz\u00f3 &#8211; munkaszerz\u0151d\u00e9shez, amely 18 \u00e9ves kor alatt csak a t\u00f6rv\u00e9nyes k\u00e9pvisel\u0151 hozz\u00e1j\u00e1rul\u00e1s\u00e1val \u00e9rv\u00e9nyes. A munkaviszony alapj\u00e1n l\u00e9trej\u00f6tt biztos\u00edt\u00e1si jogviszonyt a munk\u00e1ltat\u00f3nak be kell jelentenie a NAV-hoz. A munkaszerz\u0151d\u00e9sben a felek meg\u00e1llapodhatnak havi, heti, napi vagy \u00f3rab\u00e9rben vagy teljes\u00edtm\u00e9nyb\u00e9rben is, a di\u00e1knak azonban meg kell kapnia a minim\u00e1lb\u00e9rt, ami napi 8 \u00f3r\u00e1s foglalkoztat\u00e1sn\u00e1l havonta brutt\u00f3 161 ezer forint.<br \/>\n<div class=\"ads-in-post1\"><div id=\"gazdasagportal.hu_fullbanner_wideboard\"><\/div>\r\n<\/div>\n    Ugyanakkor a NAV azt javasolta a di\u00e1koknak, hogy a munkav\u00e9gz\u00e9sr\u0151l sz\u00f3l\u00f3 meg\u00e1llapod\u00e1s el\u0151tt ellen\u0151rizz\u00e9k le a leend\u0151 munk\u00e1ltat\u00f3t az ad\u00f3hivatal honlapj\u00e1n, az &#8222;Adatb\u00e1zisok&#8221; rovatban, ugyanis a be nem jelentett alkalmazottat foglalkoztat\u00f3 c\u00e9gekn\u00e9l kock\u00e1zatos munk\u00e1ba \u00e1llni.(MTI)<\/p>\n","protected":false},"excerpt":{"rendered":"<p>A munkav\u00e1llal\u00e1shoz ad\u00f3azonos\u00edt\u00f3 jelre van sz\u00fcks\u00e9g, ez\u00e9rt ha a di\u00e1k m\u00e9g nem rendelkezik vele vagy elvesztette az ad\u00f3k\u00e1rty\u00e1j\u00e1t, akkor azt a Nemzeti Ad\u00f3- \u00e9s V\u00e1mhivataln\u00e1l (NAV) tudja ig\u00e9nyelni a 20T34-es nyomtatv\u00e1nyon &#8211; h\u00edvta fel a figyelmet az ad\u00f3hivatal kedden.<\/p>\n","protected":false},"author":1001006,"featured_media":0,"comment_status":"closed","ping_status":"open","sticky":false,"template":"","format":"standard","meta":[],"categories":[20,19],"tags":[],"_links":{"self":[{"href":"https:\/\/gazdasagportal.hu\/index.php\/wp-json\/wp\/v2\/posts\/127262"}],"collection":[{"href":"https:\/\/gazdasagportal.hu\/index.php\/wp-json\/wp\/v2\/posts"}],"about":[{"href":"https:\/\/gazdasagportal.hu\/index.php\/wp-json\/wp\/v2\/types\/post"}],"author":[{"embeddable":true,"href":"https:\/\/gazdasagportal.hu\/index.php\/wp-json\/wp\/v2\/users\/1001006"}],"replies":[{"embeddable":true,"href":"https:\/\/gazdasagportal.hu\/index.php\/wp-json\/wp\/v2\/comments?post=127262"}],"version-history":[{"count":1,"href":"https:\/\/gazdasagportal.hu\/index.php\/wp-json\/wp\/v2\/posts\/127262\/revisions"}],"predecessor-version":[{"id":127263,"href":"https:\/\/gazdasagportal.hu\/index.php\/wp-json\/wp\/v2\/posts\/127262\/revisions\/127263"}],"wp:attachment":[{"href":"https:\/\/gazdasagportal.hu\/index.php\/wp-json\/wp\/v2\/media?parent=127262"}],"wp:term":[{"taxonomy":"category","embeddable":true,"href":"https:\/\/gazdasagportal.hu\/index.php\/wp-json\/wp\/v2\/categories?post=127262"},{"taxonomy":"post_tag","embeddable":true,"href":"https:\/\/gazdasagportal.hu\/index.php\/wp-json\/wp\/v2\/tags?post=127262"}],"curies":[{"name":"wp","href":"https:\/\/api.w.org\/{rel}","templated":true}]}}