{"id":127252,"date":"2020-06-16T12:15:22","date_gmt":"2020-06-16T10:15:22","guid":{"rendered":"http:\/\/gazdasagportal.hu\/?p=127252"},"modified":"2020-06-16T12:15:22","modified_gmt":"2020-06-16T10:15:22","slug":"tizennegy-eves-csucson-a-zew-nemet-gazdasagi-hangulatindexe","status":"publish","type":"post","link":"https:\/\/gazdasagportal.hu\/index.php\/tizennegy-eves-csucson-a-zew-nemet-gazdasagi-hangulatindexe\/","title":{"rendered":"Tizenn\u00e9gy \u00e9ves cs\u00facson a ZEW n\u00e9met gazdas\u00e1gi hangulatindexe"},"content":{"rendered":"<p><strong>J\u00faniusban a v\u00e1rtn\u00e1l nagyobb m\u00e9rt\u00e9kben 14 \u00e9ves cs\u00facsra, 2006 m\u00e1rciusa \u00f3ta a legmagasabbra emelkedett a ZEW kutat\u00f3int\u00e9zet n\u00e9metorsz\u00e1gi gazdas\u00e1gi hangulatindexe. Az eur\u00f3\u00f6vezeti gazdas\u00e1gi hangulatindex \u00f6t \u00e9ve a legmagasabb \u00e9rt\u00e9ket \u00e9rte el j\u00faniusban.<\/strong><!--more--><\/p>\n<div class=\"ads-in-post1\"><div id=\"gazdasagportal.hu_fullbanner_wideboard\"><\/div>\r\n<\/div>\n<p>J\u00faniusban a ZEW n\u00e9metorsz\u00e1gi gazdas\u00e1gi hangulatindexe 63,4 pontra emelkedett a m\u00e1jusi 51,0 pontr\u00f3l a v\u00e1rt 60,0 pont helyett. J\u00faniusban m\u00e1r sorban a harmadik h\u00f3napban javult a hangulatindex. A hangulatindex a megk\u00e9rdezett gazdas\u00e1gi szak\u00e9rt\u0151k k\u00f6vetkez\u0151 hat h\u00f3napra vonatkoz\u00f3 v\u00e1rakoz\u00e1sait sz\u00e1mszer\u0171s\u00edti.<br \/>\nA v\u00e1rtn\u00e1l jobban alakult az aktu\u00e1lis gazdas\u00e1gi k\u00f6rnyezet meg\u00edt\u00e9l\u00e9se is a felm\u00e9r\u00e9sbe bevont szak\u00e9rt\u0151k k\u00f6r\u00e9ben: a mutat\u00f3 m\u00ednusz 83,1 pontra emelkedett m\u00ednusz 84,0 helyett az el\u0151z\u0151 havi m\u00ednusz 93,5 pontr\u00f3l. Az aktu\u00e1lis k\u00f6rnyezet meg\u00edt\u00e9l\u00e9se az id\u00e9n janu\u00e1r \u00f3ta els\u0151 alkalommal j\u00faniusban javult az el\u0151z\u0151 havihoz k\u00e9pest.<br \/>\n<div class=\"ads-in-post2\"><script async src=\"https:\/\/pagead2.googlesyndication.com\/pagead\/js\/adsbygoogle.js\"><\/script>\r\n<ins class=\"adsbygoogle\"\r\n     style=\"display:block\"\r\n     data-ad-format=\"fluid\"\r\n     data-ad-layout-key=\"-6t+ed+2i-1n-4w\"\r\n     data-ad-client=\"ca-pub-1959107119989764\"\r\n     data-ad-slot=\"4008251320\"><\/ins>\r\n<script>\r\n     (adsbygoogle = window.adsbygoogle || []).push({});\r\n<\/script><\/div>\n&#8222;A kil\u00e1t\u00e1sok ism\u00e9telten javul\u00f3 meg\u00edt\u00e9l\u00e9se \u00e9s az aktu\u00e1lis k\u00f6rnyezet meg\u00edt\u00e9l\u00e9s\u00e9ben bek\u00f6vetkezett javul\u00e1s alapj\u00e1n m\u00e1r er\u0151s\u00f6dik a meggy\u0151z\u0151d\u00e9s a gazdas\u00e1gi szerepl\u0151k k\u00f6r\u00e9ben, hogy a ny\u00e1r folyam\u00e1n a gazdas\u00e1gi teljes\u00edtm\u00e9ny m\u00e1r t\u00faljut a m\u00e9lyponton&#8221; &#8211; komment\u00e1lta a felm\u00e9r\u00e9s meg\u00e1llap\u00edt\u00e1sait Achim Wambach, a mannheimi ZEW (Zentrum f\u00fcr Europ\u00e4ische Wirtschaftsforschung GmbH) gazdas\u00e1gkutat\u00f3 int\u00e9zet eln\u00f6ke.<br \/>\nT\u00e1j\u00e9koztat\u00e1sa szerint a v\u00e1rt javul\u00e1s m\u00e9rt\u00e9ke azonban \u00e1gazatonk\u00e9nt jelent\u0151s elt\u00e9r\u00e9st mutat. Az olyan er\u0151sen exportorient\u00e1lt \u00e1gazatokban p\u00e9ld\u00e1ul, mint az aut\u00f3ipar vagy a g\u00e9pgy\u00e1rt\u00e1s m\u00e9g bor\u00fal\u00e1t\u00f3ak a v\u00e1rakoz\u00e1sok, de hasonl\u00f3 a helyzet a p\u00e9nz\u00fcgyi szektorban is. Az informatikai \u00e9s t\u00e1vk\u00f6zl\u00e9si, valamint a lakoss\u00e1gi fogyaszt\u00e1ssal k\u00f6zvetlen kapcsolatban \u00e1ll\u00f3 \u00e1gazatokban azonban pont ellenkez\u0151leg, meglehet\u0151sen nagy bizakod\u00e1ssal tekintenek a j\u00f6v\u0151 el\u00e9.<br \/>\n&#8222;P\u00e9nz\u00fcgyi \u00e9s gazdas\u00e1gi szak\u00e9rt\u0151k \u00f6sszess\u00e9g\u00e9ben a hozz\u00e1adott\u00e9rt\u00e9k-termel\u00e9s lass\u00fa n\u00f6veked\u00e9s\u00e9re sz\u00e1m\u00edtanak a harmadik \u00e9s a negyedik negyed\u00e9vben&#8221; &#8211; tette hozz\u00e1.<br \/>\n<div class=\"ads-in-post1\"><div id=\"gazdasagportal.hu_fullbanner_wideboard\"><\/div>\r\n<\/div>\nAz eur\u00f3\u00f6vezeti gazdas\u00e1gi hangulatindex12, 6 ponttal 58,6 pontra, \u00f6t \u00e9ve, 2015 m\u00e1jusa \u00f3ta a legmagasabbra emelkedett az el\u0151z\u0151 havi 46,0 pontr\u00f3l. Az aktu\u00e1lis gazdas\u00e1gi k\u00f6rnyezet meg\u00edt\u00e9l\u00e9s\u00e9nek mutat\u00f3ja az eur\u00f3\u00f6vezetben az el\u0151z\u0151 havihoz k\u00e9pest 5,4 ponttal emelkedett j\u00faniusban m\u00ednusz 89,6 pontra.<br \/>\n<a title=\"Hely megnyit\u00e1sa\" href=\"https:\/\/www.zew.de\/en\/presse\/pressearchiv\/verbesserung-der-erwartungen-und-der-lageeinschaetzung\/\" target=\"_blank\" rel=\"noopener noreferrer\">https:\/\/www.zew.de\/en\/presse\/pressearchiv\/verbesserung-der-erwartungen-und-der-lageeinschaetzung\/<\/a><\/p>\n<p>&nbsp;<br \/>\n(MTI)<\/p><div id=\"gazda-429689234\" class=\"gazda-tartalomban gazda-entity-placement\"><script async src=\"https:\/\/pagead2.googlesyndication.com\/pagead\/js\/adsbygoogle.js\"><\/script>\r\n<ins class=\"adsbygoogle\"\r\n     style=\"display:block\"\r\n     data-ad-format=\"fluid\"\r\n     data-ad-layout-key=\"-6t+ed+2i-1n-4w\"\r\n     data-ad-client=\"ca-pub-1959107119989764\"\r\n     data-ad-slot=\"4008251320\"><\/ins>\r\n<script>\r\n     (adsbygoogle = window.adsbygoogle || []).push({});\r\n<\/script><\/div>\n","protected":false},"excerpt":{"rendered":"<p>J\u00faniusban a v\u00e1rtn\u00e1l nagyobb m\u00e9rt\u00e9kben 14 \u00e9ves cs\u00facsra, 2006 m\u00e1rciusa \u00f3ta a legmagasabbra emelkedett a ZEW kutat\u00f3int\u00e9zet n\u00e9metorsz\u00e1gi gazdas\u00e1gi hangulatindexe. Az eur\u00f3\u00f6vezeti gazdas\u00e1gi hangulatindex \u00f6t \u00e9ve a legmagasabb \u00e9rt\u00e9ket \u00e9rte el j\u00faniusban.<\/p>\n","protected":false},"author":1001006,"featured_media":0,"comment_status":"closed","ping_status":"open","sticky":false,"template":"","format":"standard","meta":[],"categories":[12,246],"tags":[],"_links":{"self":[{"href":"https:\/\/gazdasagportal.hu\/index.php\/wp-json\/wp\/v2\/posts\/127252"}],"collection":[{"href":"https:\/\/gazdasagportal.hu\/index.php\/wp-json\/wp\/v2\/posts"}],"about":[{"href":"https:\/\/gazdasagportal.hu\/index.php\/wp-json\/wp\/v2\/types\/post"}],"author":[{"embeddable":true,"href":"https:\/\/gazdasagportal.hu\/index.php\/wp-json\/wp\/v2\/users\/1001006"}],"replies":[{"embeddable":true,"href":"https:\/\/gazdasagportal.hu\/index.php\/wp-json\/wp\/v2\/comments?post=127252"}],"version-history":[{"count":1,"href":"https:\/\/gazdasagportal.hu\/index.php\/wp-json\/wp\/v2\/posts\/127252\/revisions"}],"predecessor-version":[{"id":127253,"href":"https:\/\/gazdasagportal.hu\/index.php\/wp-json\/wp\/v2\/posts\/127252\/revisions\/127253"}],"wp:attachment":[{"href":"https:\/\/gazdasagportal.hu\/index.php\/wp-json\/wp\/v2\/media?parent=127252"}],"wp:term":[{"taxonomy":"category","embeddable":true,"href":"https:\/\/gazdasagportal.hu\/index.php\/wp-json\/wp\/v2\/categories?post=127252"},{"taxonomy":"post_tag","embeddable":true,"href":"https:\/\/gazdasagportal.hu\/index.php\/wp-json\/wp\/v2\/tags?post=127252"}],"curies":[{"name":"wp","href":"https:\/\/api.w.org\/{rel}","templated":true}]}}