{"id":127193,"date":"2020-06-12T13:16:24","date_gmt":"2020-06-12T11:16:24","guid":{"rendered":"http:\/\/gazdasagportal.hu\/?p=127193"},"modified":"2020-06-12T13:16:24","modified_gmt":"2020-06-12T11:16:24","slug":"ujra-nagyobb-szamban-no-a-koronavirus-fertozottek-szama-nyugat-balkanon","status":"publish","type":"post","link":"https:\/\/gazdasagportal.hu\/index.php\/ujra-nagyobb-szamban-no-a-koronavirus-fertozottek-szama-nyugat-balkanon\/","title":{"rendered":"\u00dajra nagyobb sz\u00e1mban n\u0151 a koronav\u00edrus-fert\u0151z\u00f6ttek sz\u00e1ma Nyugat-Balk\u00e1non"},"content":{"rendered":"<p><strong>\u00dajra nagyobb sz\u00e1mban n\u0151 a koronav\u00edrus-fert\u0151z\u00f6ttek sz\u00e1ma a nyugat-balk\u00e1ni orsz\u00e1gokban, aminek ok\u00e1t a j\u00e1rv\u00e1ny\u00fcgyi szakemberek a lazul\u00f3 fegyelemben l\u00e1tj\u00e1k.<\/strong><!--more--><\/p>\n<div class=\"ads-in-post1\"><div id=\"gazdasagportal.hu_fullbanner_wideboard\"><\/div>\r\n<\/div>\n<p>    Szerbi\u00e1ban cs\u00fct\u00f6rt\u00f6kr\u0151l p\u00e9ntekre 12 031-r\u0151l 12 102-re emelkedett az igazolt fert\u0151z\u00f6ttek sz\u00e1ma. Az Aleksandar Vucic szerb eln\u00f6k \u00e1ltal vezetett Szerb Halad\u00f3 P\u00e1rt p\u00e9ld\u00e1j\u00e1t k\u00f6vetve m\u00e1sok is lemondt\u00e1k kamp\u00e1nyrendezv\u00e9nyeiket a koronav\u00edrus-j\u00e1rv\u00e1ny vesz\u00e9lye miatt, m\u00edg az ellenz\u00e9k ink\u00e1bb a j\u00fanius 21-i \u00e1ltal\u00e1nos v\u00e1laszt\u00e1sok elhalaszt\u00e1s\u00e1t k\u00f6veteli.<br \/>\n    Koszov\u00f3ban egy nap alatt 1298-r\u00f3l 1326-ra n\u0151tt a nyilv\u00e1ntart\u00e1sba vett fert\u0151z\u00f6ttek sz\u00e1ma. Pristin\u00e1ban is megn\u0151tt a fert\u0151z\u00f6ttek sz\u00e1ma. A helyi k\u00f6zeg\u00e9szs\u00e9g\u00fcgyi int\u00e9zet vezet\u0151je szerint ez az\u00e9rt t\u00f6rt\u00e9nt, mert m\u00e1jus 4-\u00e9n feloldott\u00e1k a legt\u00f6bb korl\u00e1toz\u00e1st, \u00e9s az emberek t\u00f6meges rendezv\u00e9nyeket szerveztek, ahol nem tartott\u00e1k be az el\u0151vigy\u00e1zatoss\u00e1gi el\u0151\u00edr\u00e1sokat.<br \/>\n<div class=\"ads-in-post2\"><script async src=\"https:\/\/pagead2.googlesyndication.com\/pagead\/js\/adsbygoogle.js\"><\/script>\r\n<ins class=\"adsbygoogle\"\r\n     style=\"display:block\"\r\n     data-ad-format=\"fluid\"\r\n     data-ad-layout-key=\"-6t+ed+2i-1n-4w\"\r\n     data-ad-client=\"ca-pub-1959107119989764\"\r\n     data-ad-slot=\"4008251320\"><\/ins>\r\n<script>\r\n     (adsbygoogle = window.adsbygoogle || []).push({});\r\n<\/script><\/div>\n    \u00c9szak-Maced\u00f3ni\u00e1ban az ut\u00f3bbi 24 \u00f3r\u00e1ban 3364-r\u0151l 3538-ra n\u0151tt a regisztr\u00e1lt fert\u0151z\u00f6ttek sz\u00e1ma. A p\u00e1rtok k\u00f6z\u00f6tti egyet nem \u00e9rt\u00e9s elsim\u00edt\u00e1sa \u00e9rdek\u00e9ben az orsz\u00e1g \u00e1llamf\u0151je p\u00e9nteken rendk\u00edv\u00fcli sajt\u00f3t\u00e1j\u00e9koztat\u00f3 keret\u00e9ben k\u00f6zli, hogyan d\u00f6nt\u00f6tt a kor\u00e1bban \u00e1prilisra tervezett, majd a koronav\u00edrus-j\u00e1rv\u00e1ny miatt elhalasztott parlamenti v\u00e1laszt\u00e1sok \u00faj id\u0151pontj\u00e1r\u00f3l, \u00e9s azt is elmondja, meghosszabb\u00edtj\u00e1k-e \u00fajra a vas\u00e1rnap v\u00e9get \u00e9r\u0151 sz\u00fcks\u00e9g\u00e1llapotot.<br \/>\n<div class=\"ads-in-post1\"><div id=\"gazdasagportal.hu_fullbanner_wideboard\"><\/div>\r\n<\/div>\n    Bosznia-Hercegovin\u00e1ban p\u00e9ntekre 2781-r\u0151l 2866-ra emelkedett az azonos\u00edtott fert\u0151z\u00f6ttek sz\u00e1ma. J\u00e1rv\u00e1ny\u00fcgyi szak\u00e9rt\u0151k az el\u0151vigy\u00e1zatoss\u00e1gi int\u00e9zked\u00e9sek betart\u00e1s\u00e1ra figyelmeztettek, a lazul\u00f3 fegyelem miatt ugyanis nap mint nap egyre t\u00f6bb \u00faj fert\u0151z\u00f6ttet regisztr\u00e1lnak az orsz\u00e1gban.(MTI)<\/p>\n","protected":false},"excerpt":{"rendered":"<p>\u00dajra nagyobb sz\u00e1mban n\u0151 a koronav\u00edrus-fert\u0151z\u00f6ttek sz\u00e1ma a nyugat-balk\u00e1ni orsz\u00e1gokban, aminek ok\u00e1t a j\u00e1rv\u00e1ny\u00fcgyi szakemberek a lazul\u00f3 fegyelemben l\u00e1tj\u00e1k.<\/p>\n","protected":false},"author":1001006,"featured_media":0,"comment_status":"closed","ping_status":"open","sticky":false,"template":"","format":"standard","meta":[],"categories":[12,427],"tags":[],"_links":{"self":[{"href":"https:\/\/gazdasagportal.hu\/index.php\/wp-json\/wp\/v2\/posts\/127193"}],"collection":[{"href":"https:\/\/gazdasagportal.hu\/index.php\/wp-json\/wp\/v2\/posts"}],"about":[{"href":"https:\/\/gazdasagportal.hu\/index.php\/wp-json\/wp\/v2\/types\/post"}],"author":[{"embeddable":true,"href":"https:\/\/gazdasagportal.hu\/index.php\/wp-json\/wp\/v2\/users\/1001006"}],"replies":[{"embeddable":true,"href":"https:\/\/gazdasagportal.hu\/index.php\/wp-json\/wp\/v2\/comments?post=127193"}],"version-history":[{"count":1,"href":"https:\/\/gazdasagportal.hu\/index.php\/wp-json\/wp\/v2\/posts\/127193\/revisions"}],"predecessor-version":[{"id":127194,"href":"https:\/\/gazdasagportal.hu\/index.php\/wp-json\/wp\/v2\/posts\/127193\/revisions\/127194"}],"wp:attachment":[{"href":"https:\/\/gazdasagportal.hu\/index.php\/wp-json\/wp\/v2\/media?parent=127193"}],"wp:term":[{"taxonomy":"category","embeddable":true,"href":"https:\/\/gazdasagportal.hu\/index.php\/wp-json\/wp\/v2\/categories?post=127193"},{"taxonomy":"post_tag","embeddable":true,"href":"https:\/\/gazdasagportal.hu\/index.php\/wp-json\/wp\/v2\/tags?post=127193"}],"curies":[{"name":"wp","href":"https:\/\/api.w.org\/{rel}","templated":true}]}}